{"id":62521,"date":"2017-05-08T17:18:43","date_gmt":"2017-05-08T20:18:43","guid":{"rendered":"http:\/\/www.hoymercedes.com.ar\/principal\/?p=62521"},"modified":"2017-05-08T17:18:43","modified_gmt":"2017-05-08T20:18:43","slug":"lanzan-convocatoria-para-el-salon-de-pintura-ciudad-de-mercedes","status":"publish","type":"post","link":"https:\/\/www.hoymercedes.com.ar\/principal\/2017\/05\/08\/lanzan-convocatoria-para-el-salon-de-pintura-ciudad-de-mercedes\/","title":{"rendered":"Lanzan convocatoria para el Sal\u00f3n de Pintura Ciudad de Mercedes"},"content":{"rendered":"<p>Desde el Museo de Arte \u00abMunicipalidad de Mercedes\u00bb lanzaron la convocatoria para el 14\u00ba Sal\u00f3n Anual Provincial de Pintura \u00abCiudad de Mercedes\u00bb 2017. Las bases y condiciones est\u00e1n publicadas y se pueden retirar en el MAMM. Entre el 29 de mayo y el 15 de junio se deben entregar las pinturas, pero habr\u00e1 que esperar hasta el 24 de junio para conocer los ganadores en la inauguraci\u00f3n del sal\u00f3n.<\/p>\n<p><img loading=\"lazy\" decoding=\"async\" data-attachment-id=\"62522\" data-permalink=\"https:\/\/www.hoymercedes.com.ar\/principal\/2017\/05\/08\/lanzan-convocatoria-para-el-salon-de-pintura-ciudad-de-mercedes\/08-salon-pintura\/#main\" data-orig-file=\"https:\/\/www.hoymercedes.com.ar\/principal\/wp-content\/uploads\/2017\/05\/08-salon-pintura.jpg\" data-orig-size=\"630,394\" data-comments-opened=\"0\" data-image-meta=\"{&quot;aperture&quot;:&quot;0&quot;,&quot;credit&quot;:&quot;&quot;,&quot;camera&quot;:&quot;&quot;,&quot;caption&quot;:&quot;&quot;,&quot;created_timestamp&quot;:&quot;0&quot;,&quot;copyright&quot;:&quot;&quot;,&quot;focal_length&quot;:&quot;0&quot;,&quot;iso&quot;:&quot;0&quot;,&quot;shutter_speed&quot;:&quot;0&quot;,&quot;title&quot;:&quot;&quot;,&quot;orientation&quot;:&quot;0&quot;}\" data-image-title=\"08 salon pintura\" data-image-description=\"\" data-image-caption=\"\" data-large-file=\"https:\/\/www.hoymercedes.com.ar\/principal\/wp-content\/uploads\/2017\/05\/08-salon-pintura.jpg\" class=\"aligncenter size-medium wp-image-62522\" src=\"https:\/\/www.hoymercedes.com.ar\/principal\/wp-content\/uploads\/2017\/05\/08-salon-pintura-630x394.jpg\" alt=\"\" width=\"630\" height=\"394\" srcset=\"https:\/\/www.hoymercedes.com.ar\/principal\/wp-content\/uploads\/2017\/05\/08-salon-pintura.jpg 630w, https:\/\/www.hoymercedes.com.ar\/principal\/wp-content\/uploads\/2017\/05\/08-salon-pintura-150x94.jpg 150w, https:\/\/www.hoymercedes.com.ar\/principal\/wp-content\/uploads\/2017\/05\/08-salon-pintura-400x250.jpg 400w\" sizes=\"auto, (max-width: 630px) 100vw, 630px\" \/><\/p>\n<p>Este a\u00f1o, como todos los a\u00f1os desde su nacimiento en 2004, se llevar\u00e1 a cabo el 14\u00ba Sal\u00f3n Anual Provincial de Pintura \u00abCiudad de Mercedes\u00bb, impulsado por la Direcci\u00f3n de Cultura y Educaci\u00f3n y el Museo de Arte Municipalidad de Mercedes (MAMM), que tiene como fin \u00faltimo promover las obras realizadas por artistas pl\u00e1sticos de toda la provincia de Buenos Aires.<\/p>\n<p>El certamen consta de una selecci\u00f3n de obras que ser\u00e1n exhibidas a partir del 24 de Junio, entre las cuales se destacar\u00e1n los premios y menciones que dictamina un jurado especializado que interviene en cada ocasi\u00f3n.<\/p>\n<p>En esta edici\u00f3n 2017, el 1\u00ba Premio ser\u00e1 de $15.000, el 2\u00ba de $10.000 y el Premio Local de $15.000, siendo estos los premios que son adquiridos por el municipio y luego destinados a enriquecer el patrimonio pict\u00f3rico del Museo de Arte; adem\u00e1s, se otorgar\u00e1n medallas al 3\u00ba Premio y diplomas a las distintas Menciones Especiales y de Jurado.<\/p>\n<p>Este a\u00f1o el Sal\u00f3n estrena el premio \u00abpinta tu sue\u00f1o\u00bb (de 18 a 35 a\u00f1os), con un valor de $5.000 (no adquisici\u00f3n) para estimular el crecimiento de los artistas m\u00e1s j\u00f3venes y su participaci\u00f3n en esta convocatoria.<\/p>\n<p>La fecha de recepci\u00f3n de obras ir\u00e1 desde el 29 de mayo al 15 de junio, inclusive, en el Museo de Arte (Calle 23 N\u00ba 383). para que luego act\u00fae el jurado a\u00fan no confirmado por la Direcci\u00f3n de Cultura de la Municipalidad de Mercedes<\/p>\n<p>Para obtener las bases y condiciones, haz <a href=\"http:\/\/www.mediafire.com\/file\/dh7zbu4n45p5llu\/REGLAMENTO+14%C2%BA+SALON+ANUAL+PROVINCIAL+DE+PINTURA+2017.pdf#!\" target=\"_blank\" rel=\"noopener noreferrer\">click aqu\u00ed<\/a>.<\/p>\n<p>&nbsp;<\/p>\n<p>Fuente: MAMM<\/p>\n","protected":false},"excerpt":{"rendered":"<p>Desde el Museo de Arte \u00abMunicipalidad de Mercedes\u00bb lanzaron la convocatoria para el 14\u00ba Sal\u00f3n Anual Provincial de Pintura \u00abCiudad &#8230; <a title=\"Lanzan convocatoria para el Sal\u00f3n de Pintura Ciudad de Mercedes\" class=\"read-more\" href=\"https:\/\/www.hoymercedes.com.ar\/principal\/2017\/05\/08\/lanzan-convocatoria-para-el-salon-de-pintura-ciudad-de-mercedes\/\" aria-label=\"Leer m\u00e1s sobre Lanzan convocatoria para el Sal\u00f3n de Pintura Ciudad de Mercedes\">Leer m\u00e1s<\/a><\/p>\n","protected":false},"author":1,"featured_media":62522,"comment_status":"closed","ping_status":"open","sticky":false,"template":"","format":"standard","meta":{"_monsterinsights_skip_tracking":false,"_monsterinsights_sitenote_active":false,"_monsterinsights_sitenote_note":"","_monsterinsights_sitenote_category":0,"jetpack_post_was_ever_published":false,"_jetpack_newsletter_access":"","_jetpack_dont_email_post_to_subs":false,"_jetpack_newsletter_tier_id":0,"_jetpack_memberships_contains_paywalled_content":false,"_jetpack_memberships_contains_paid_content":false,"footnotes":"","jetpack_publicize_message":"","jetpack_publicize_feature_enabled":true,"jetpack_social_post_already_shared":true,"jetpack_social_options":{"image_generator_settings":{"template":"highway","default_image_id":0,"font":"","enabled":false},"version":2},"_wpas_customize_per_network":false},"categories":[104],"tags":[9168,7805,10,244,11069,970],"class_list":["post-62521","post","type-post","status-publish","format-standard","has-post-thumbnail","hentry","category-cultura","tag-convocatoria","tag-cultura","tag-mercedes","tag-municipio-2","tag-reglamento","tag-salon-de-pintura","generate-columns","tablet-grid-50","mobile-grid-100","grid-parent","grid-50"],"jetpack_publicize_connections":[],"jetpack_featured_media_url":"https:\/\/www.hoymercedes.com.ar\/principal\/wp-content\/uploads\/2017\/05\/08-salon-pintura.jpg","wps_subtitle":"Entregan desde el 29 de mayo","jetpack_sharing_enabled":true,"_links":{"self":[{"href":"https:\/\/www.hoymercedes.com.ar\/principal\/wp-json\/wp\/v2\/posts\/62521","targetHints":{"allow":["GET"]}}],"collection":[{"href":"https:\/\/www.hoymercedes.com.ar\/principal\/wp-json\/wp\/v2\/posts"}],"about":[{"href":"https:\/\/www.hoymercedes.com.ar\/principal\/wp-json\/wp\/v2\/types\/post"}],"author":[{"embeddable":true,"href":"https:\/\/www.hoymercedes.com.ar\/principal\/wp-json\/wp\/v2\/users\/1"}],"replies":[{"embeddable":true,"href":"https:\/\/www.hoymercedes.com.ar\/principal\/wp-json\/wp\/v2\/comments?post=62521"}],"version-history":[{"count":0,"href":"https:\/\/www.hoymercedes.com.ar\/principal\/wp-json\/wp\/v2\/posts\/62521\/revisions"}],"wp:featuredmedia":[{"embeddable":true,"href":"https:\/\/www.hoymercedes.com.ar\/principal\/wp-json\/wp\/v2\/media\/62522"}],"wp:attachment":[{"href":"https:\/\/www.hoymercedes.com.ar\/principal\/wp-json\/wp\/v2\/media?parent=62521"}],"wp:term":[{"taxonomy":"category","embeddable":true,"href":"https:\/\/www.hoymercedes.com.ar\/principal\/wp-json\/wp\/v2\/categories?post=62521"},{"taxonomy":"post_tag","embeddable":true,"href":"https:\/\/www.hoymercedes.com.ar\/principal\/wp-json\/wp\/v2\/tags?post=62521"}],"curies":[{"name":"wp","href":"https:\/\/api.w.org\/{rel}","templated":true}]}}