{"id":6256,"date":"2011-08-12T01:08:51","date_gmt":"2011-08-12T01:08:51","guid":{"rendered":"http:\/\/www.hoymercedes.com.ar\/principal\/?p=6256"},"modified":"2011-08-12T01:08:51","modified_gmt":"2011-08-12T01:08:51","slug":"juani-ustarroz-suma-presencia-militante-en-toda-la-ciudad","status":"publish","type":"post","link":"https:\/\/www.hoymercedes.com.ar\/principal\/2011\/08\/12\/juani-ustarroz-suma-presencia-militante-en-toda-la-ciudad\/","title":{"rendered":"Juani Ustarroz suma presencia militante en toda la ciudad"},"content":{"rendered":"<p>La agrupaci\u00f3n que lidera el precandidato a intendente Juani Ustarroz, el Frente Mercedino para la Victoria, ha logrado colmar la ciudad con presencia militante.<\/p>\n<p>&nbsp;<\/p>\n<p>Hay un gran n\u00famero de mesas de su agrupaci\u00f3n, algunas en las instituciones y comercios m\u00e1s concurridos, tales como los Banco Naci\u00f3n y Provincia, el supermercado Disco y en lugares c\u00e9ntricos como la calle 25 esquinas 18 y 24, otras en calle 29 esquinas 30 y 40. Tambi\u00e9n hay presencia en las calles 16 y 17, 45 y 12, y 2 y 17.<\/p>\n<p>&nbsp;<\/p>\n<p>En las mesas se encuentran a los j\u00f3venes de la agrupaci\u00f3n junto a los candidatos a concejales y consejeros escolares, quienes van turn\u00e1ndose, haciendo postas para que todos puedan ir a recorrer los barrios o reponer boletas. Tambi\u00e9n se lo vio varias veces a Juani, que entre barrio y barrio, se hace unos minutos para poder pasar a responder personalmente las consultas de la gente.<\/p>\n<p><a href=\"https:\/\/www.hoymercedes.com.ar\/principal\/wp-content\/uploads\/2011\/08\/militancia-ustarroz-II.jpg\"><img loading=\"lazy\" decoding=\"async\" data-attachment-id=\"6258\" data-permalink=\"https:\/\/www.hoymercedes.com.ar\/principal\/2011\/08\/12\/juani-ustarroz-suma-presencia-militante-en-toda-la-ciudad\/militancia-ustarroz-ii\/#main\" data-orig-file=\"https:\/\/www.hoymercedes.com.ar\/principal\/wp-content\/uploads\/2011\/08\/militancia-ustarroz-II.jpg\" data-orig-size=\"605,405\" data-comments-opened=\"1\" data-image-meta=\"{&quot;aperture&quot;:&quot;0&quot;,&quot;credit&quot;:&quot;Mariana&quot;,&quot;camera&quot;:&quot;&quot;,&quot;caption&quot;:&quot;&quot;,&quot;created_timestamp&quot;:&quot;1311476365&quot;,&quot;copyright&quot;:&quot;&quot;,&quot;focal_length&quot;:&quot;0&quot;,&quot;iso&quot;:&quot;0&quot;,&quot;shutter_speed&quot;:&quot;0&quot;,&quot;title&quot;:&quot;&quot;}\" data-image-title=\"militancia-ustarroz-II\" data-image-description=\"\" data-image-caption=\"\" data-large-file=\"https:\/\/www.hoymercedes.com.ar\/principal\/wp-content\/uploads\/2011\/08\/militancia-ustarroz-II.jpg\" class=\"aligncenter size-full wp-image-6258\" title=\"militancia-ustarroz-II\" src=\"https:\/\/www.hoymercedes.com.ar\/principal\/wp-content\/uploads\/2011\/08\/militancia-ustarroz-II.jpg\" alt=\"\" width=\"605\" height=\"405\" \/><\/a><\/p>\n<p>Las m\u00e1s frecuentes preguntas de los ciudadanos son sobre los padrones y los lugares de votaci\u00f3n. Son muchas las boletas que pide el que se acerca a cada mesa de Juani, quienes aprovechan la oportunidad para consultar sobre los principales lineamientos del plan de gobierno del Frente, tales como vivienda, trabajo, salud y seguridad.<\/p>\n<p><a href=\"https:\/\/www.hoymercedes.com.ar\/principal\/wp-content\/uploads\/2011\/08\/militancia-ustarroz-I.jpg\"><img loading=\"lazy\" decoding=\"async\" data-attachment-id=\"6259\" data-permalink=\"https:\/\/www.hoymercedes.com.ar\/principal\/2011\/08\/12\/juani-ustarroz-suma-presencia-militante-en-toda-la-ciudad\/militancia-ustarroz-i\/#main\" data-orig-file=\"https:\/\/www.hoymercedes.com.ar\/principal\/wp-content\/uploads\/2011\/08\/militancia-ustarroz-I.jpg\" data-orig-size=\"605,405\" data-comments-opened=\"1\" data-image-meta=\"{&quot;aperture&quot;:&quot;0&quot;,&quot;credit&quot;:&quot;Mariana&quot;,&quot;camera&quot;:&quot;&quot;,&quot;caption&quot;:&quot;&quot;,&quot;created_timestamp&quot;:&quot;1311476365&quot;,&quot;copyright&quot;:&quot;&quot;,&quot;focal_length&quot;:&quot;0&quot;,&quot;iso&quot;:&quot;0&quot;,&quot;shutter_speed&quot;:&quot;0&quot;,&quot;title&quot;:&quot;&quot;}\" data-image-title=\"militancia-ustarroz-I\" data-image-description=\"\" data-image-caption=\"\" data-large-file=\"https:\/\/www.hoymercedes.com.ar\/principal\/wp-content\/uploads\/2011\/08\/militancia-ustarroz-I.jpg\" class=\"aligncenter size-full wp-image-6259\" title=\"militancia-ustarroz-I\" src=\"https:\/\/www.hoymercedes.com.ar\/principal\/wp-content\/uploads\/2011\/08\/militancia-ustarroz-I.jpg\" alt=\"\" width=\"605\" height=\"405\" srcset=\"https:\/\/www.hoymercedes.com.ar\/principal\/wp-content\/uploads\/2011\/08\/militancia-ustarroz-I.jpg 605w, https:\/\/www.hoymercedes.com.ar\/principal\/wp-content\/uploads\/2011\/08\/militancia-ustarroz-I-300x200.jpg 300w\" sizes=\"auto, (max-width: 605px) 100vw, 605px\" \/><\/a><\/p>\n<p>La militancia que adquiri\u00f3 Ustarroz desde el nacimiento del Frente Mercedino ha crecido exponencialmente mes a mes, producto de que la gente que se acerc\u00f3 a Juani vio en \u00e9l la posibilidad del cambio que necesita Mercedes, su capacidad de trabajo y fundamentalmente, su honestidad. Es por eso que en pocos meses se ha podido hacer una campa\u00f1a ejemplar, dando a conocer qui\u00e9n es el candidato y cuales son sus propuestas para la ciudad.<\/p>\n<p>Sin dudas, en la calle, decir Ustarroz, para la sociedad, es sin\u00f3nimo de futuro. Es esa la raz\u00f3n por la cual semalmente se han sumado personas al Frente de a centenares, queriendo trabajar por la gran oportunidad que tiene en Juani para crecer, acompa\u00f1ando el Proyecto Nacional y Popular que encabeza Cristina Fern\u00e1ndez de Kirchner en la Naci\u00f3n y Daniel Scioli en la Provincia.<\/p>\n","protected":false},"excerpt":{"rendered":"<p>La agrupaci\u00f3n que lidera el precandidato a intendente Juani Ustarroz, el Frente Mercedino para la Victoria, ha logrado colmar la &#8230; <a title=\"Juani Ustarroz suma presencia militante en toda la ciudad\" class=\"read-more\" href=\"https:\/\/www.hoymercedes.com.ar\/principal\/2011\/08\/12\/juani-ustarroz-suma-presencia-militante-en-toda-la-ciudad\/\" aria-label=\"Leer m\u00e1s sobre Juani Ustarroz suma presencia militante en toda la ciudad\">Leer m\u00e1s<\/a><\/p>\n","protected":false},"author":1,"featured_media":0,"comment_status":"open","ping_status":"open","sticky":false,"template":"","format":"standard","meta":{"_monsterinsights_skip_tracking":false,"_monsterinsights_sitenote_active":false,"_monsterinsights_sitenote_note":"","_monsterinsights_sitenote_category":0,"jetpack_post_was_ever_published":false,"_jetpack_newsletter_access":"","_jetpack_dont_email_post_to_subs":false,"_jetpack_newsletter_tier_id":0,"_jetpack_memberships_contains_paywalled_content":false,"_jetpack_memberships_contains_paid_content":false,"footnotes":"","jetpack_publicize_message":"","jetpack_publicize_feature_enabled":true,"jetpack_social_post_already_shared":false,"jetpack_social_options":{"image_generator_settings":{"template":"highway","default_image_id":0,"font":"","enabled":false},"version":2},"_wpas_customize_per_network":false},"categories":[5],"tags":[542,1142,424],"class_list":["post-6256","post","type-post","status-publish","format-standard","hentry","category-politica","tag-la-campora-mercedes","tag-militancia","tag-ustarroz","generate-columns","tablet-grid-50","mobile-grid-100","grid-parent","grid-50"],"jetpack_publicize_connections":[],"jetpack_featured_media_url":"","wps_subtitle":"","jetpack_sharing_enabled":true,"_links":{"self":[{"href":"https:\/\/www.hoymercedes.com.ar\/principal\/wp-json\/wp\/v2\/posts\/6256","targetHints":{"allow":["GET"]}}],"collection":[{"href":"https:\/\/www.hoymercedes.com.ar\/principal\/wp-json\/wp\/v2\/posts"}],"about":[{"href":"https:\/\/www.hoymercedes.com.ar\/principal\/wp-json\/wp\/v2\/types\/post"}],"author":[{"embeddable":true,"href":"https:\/\/www.hoymercedes.com.ar\/principal\/wp-json\/wp\/v2\/users\/1"}],"replies":[{"embeddable":true,"href":"https:\/\/www.hoymercedes.com.ar\/principal\/wp-json\/wp\/v2\/comments?post=6256"}],"version-history":[{"count":0,"href":"https:\/\/www.hoymercedes.com.ar\/principal\/wp-json\/wp\/v2\/posts\/6256\/revisions"}],"wp:attachment":[{"href":"https:\/\/www.hoymercedes.com.ar\/principal\/wp-json\/wp\/v2\/media?parent=6256"}],"wp:term":[{"taxonomy":"category","embeddable":true,"href":"https:\/\/www.hoymercedes.com.ar\/principal\/wp-json\/wp\/v2\/categories?post=6256"},{"taxonomy":"post_tag","embeddable":true,"href":"https:\/\/www.hoymercedes.com.ar\/principal\/wp-json\/wp\/v2\/tags?post=6256"}],"curies":[{"name":"wp","href":"https:\/\/api.w.org\/{rel}","templated":true}]}}