{"id":62580,"date":"2017-05-10T10:02:52","date_gmt":"2017-05-10T13:02:52","guid":{"rendered":"http:\/\/www.hoymercedes.com.ar\/principal\/?p=62580"},"modified":"2017-05-09T20:13:08","modified_gmt":"2017-05-09T23:13:08","slug":"adaptacion-del-quijote-nuevamente-en-el-mamm","status":"publish","type":"post","link":"https:\/\/www.hoymercedes.com.ar\/principal\/2017\/05\/10\/adaptacion-del-quijote-nuevamente-en-el-mamm\/","title":{"rendered":"Adaptaci\u00f3n del Quijote nuevamente en el MAMM"},"content":{"rendered":"<p>El pr\u00f3ximo viernes 12 de mayo, la Compa\u00f1\u00eda del Relato se presenta nuevamente en Mercedes con la obra \u201cMorir cuerdo, vivir loco\u201d, una adaptaci\u00f3n para tres voces del Ingenioso Hidalgo Don Quijote de la Mancha de Miguel de Cervantes Saavedra. La funci\u00f3n ser\u00e1 desde la hora 19, con entrada libre y gratuita en el Museo de Arte \u00abMunicipalidad de Mercedes\u00bb.<\/p>\n<p><img loading=\"lazy\" decoding=\"async\" data-attachment-id=\"62582\" data-permalink=\"https:\/\/www.hoymercedes.com.ar\/principal\/2017\/05\/10\/adaptacion-del-quijote-nuevamente-en-el-mamm\/10-teatro-quijote\/#main\" data-orig-file=\"https:\/\/www.hoymercedes.com.ar\/principal\/wp-content\/uploads\/2017\/05\/10-teatro-quijote.jpg\" data-orig-size=\"630,451\" data-comments-opened=\"0\" data-image-meta=\"{&quot;aperture&quot;:&quot;0&quot;,&quot;credit&quot;:&quot;&quot;,&quot;camera&quot;:&quot;&quot;,&quot;caption&quot;:&quot;&quot;,&quot;created_timestamp&quot;:&quot;1492420951&quot;,&quot;copyright&quot;:&quot;&quot;,&quot;focal_length&quot;:&quot;0&quot;,&quot;iso&quot;:&quot;0&quot;,&quot;shutter_speed&quot;:&quot;0&quot;,&quot;title&quot;:&quot;&quot;,&quot;orientation&quot;:&quot;1&quot;}\" data-image-title=\"10 teatro quijote\" data-image-description=\"\" data-image-caption=\"\" data-large-file=\"https:\/\/www.hoymercedes.com.ar\/principal\/wp-content\/uploads\/2017\/05\/10-teatro-quijote.jpg\" class=\"aligncenter size-medium wp-image-62582\" src=\"https:\/\/www.hoymercedes.com.ar\/principal\/wp-content\/uploads\/2017\/05\/10-teatro-quijote-630x451.jpg\" alt=\"\" width=\"630\" height=\"451\" srcset=\"https:\/\/www.hoymercedes.com.ar\/principal\/wp-content\/uploads\/2017\/05\/10-teatro-quijote.jpg 630w, https:\/\/www.hoymercedes.com.ar\/principal\/wp-content\/uploads\/2017\/05\/10-teatro-quijote-150x107.jpg 150w, https:\/\/www.hoymercedes.com.ar\/principal\/wp-content\/uploads\/2017\/05\/10-teatro-quijote-140x100.jpg 140w\" sizes=\"auto, (max-width: 630px) 100vw, 630px\" \/><\/p>\n<p>Desde la Compa\u00f1\u00eda del Relato contaron que la puesta en escena es una versi\u00f3n de narraci\u00f3n oral esc\u00e9nica, en donde tres actrices\u00a0van tras los pasos\u00a0\u00a0por los que anduvo el insigne caballero de la Mancha. \u00abCuerpo y voz al servicio de los personajes de la historia\u00bb, dicen. .<\/p>\n<p>\u00abEs \u00e9sta nuestra aventura, contar de su enorme humanidad, sus deseos de libertad, de justicia. Ser un poco como Don Quijote: poner en duda el mundo que nos rodea\u00bb agregan.<\/p>\n<p>La funci\u00f3n ser\u00e1 el venidero 12 de mayo, a la hora 19\u00a0con entrada libre y gratuita.<\/p>\n<p>El elenco est\u00e1 integrado por Gabriela Osman,\u00a0Gabriela Minardi y la mercedina Cristina Chillida. Precisamente ella es la responsable de la adaptaci\u00f3n y la dramaturgia con la supervisi\u00f3n dramaturgica de Patricia Zangaro, la m\u00fasica de V\u00edctor Malagrino, el vestuario de Mar\u00eda Victoria de Le\u00f3n, el dise\u00f1o de Lucas Torres,\u00a0el dise\u00f1o de luces y direcci\u00f3n de Bernardo Sabbioni,<\/p>\n","protected":false},"excerpt":{"rendered":"<p>El pr\u00f3ximo viernes 12 de mayo, la Compa\u00f1\u00eda del Relato se presenta nuevamente en Mercedes con la obra \u201cMorir cuerdo, &#8230; <a title=\"Adaptaci\u00f3n del Quijote nuevamente en el MAMM\" class=\"read-more\" href=\"https:\/\/www.hoymercedes.com.ar\/principal\/2017\/05\/10\/adaptacion-del-quijote-nuevamente-en-el-mamm\/\" aria-label=\"Leer m\u00e1s sobre Adaptaci\u00f3n del Quijote nuevamente en el MAMM\">Leer m\u00e1s<\/a><\/p>\n","protected":false},"author":1,"featured_media":62582,"comment_status":"closed","ping_status":"open","sticky":false,"template":"","format":"standard","meta":{"_monsterinsights_skip_tracking":false,"_monsterinsights_sitenote_active":false,"_monsterinsights_sitenote_note":"","_monsterinsights_sitenote_category":0,"jetpack_post_was_ever_published":false,"_jetpack_newsletter_access":"","_jetpack_dont_email_post_to_subs":false,"_jetpack_newsletter_tier_id":0,"_jetpack_memberships_contains_paywalled_content":false,"_jetpack_memberships_contains_paid_content":false,"footnotes":"","jetpack_publicize_message":"","jetpack_publicize_feature_enabled":true,"jetpack_social_post_already_shared":true,"jetpack_social_options":{"image_generator_settings":{"template":"highway","default_image_id":0,"font":"","enabled":false},"version":2},"_wpas_customize_per_network":false},"categories":[104],"tags":[7805,8674,11084,1180,11085],"class_list":["post-62580","post","type-post","status-publish","format-standard","has-post-thumbnail","hentry","category-cultura","tag-cultura","tag-mamm","tag-morir-cuerdo","tag-teatro","tag-vivir-loco","generate-columns","tablet-grid-50","mobile-grid-100","grid-parent","grid-50"],"jetpack_publicize_connections":[],"jetpack_featured_media_url":"https:\/\/www.hoymercedes.com.ar\/principal\/wp-content\/uploads\/2017\/05\/10-teatro-quijote.jpg","wps_subtitle":"Teatro en el Museo de Arte","jetpack_sharing_enabled":true,"_links":{"self":[{"href":"https:\/\/www.hoymercedes.com.ar\/principal\/wp-json\/wp\/v2\/posts\/62580","targetHints":{"allow":["GET"]}}],"collection":[{"href":"https:\/\/www.hoymercedes.com.ar\/principal\/wp-json\/wp\/v2\/posts"}],"about":[{"href":"https:\/\/www.hoymercedes.com.ar\/principal\/wp-json\/wp\/v2\/types\/post"}],"author":[{"embeddable":true,"href":"https:\/\/www.hoymercedes.com.ar\/principal\/wp-json\/wp\/v2\/users\/1"}],"replies":[{"embeddable":true,"href":"https:\/\/www.hoymercedes.com.ar\/principal\/wp-json\/wp\/v2\/comments?post=62580"}],"version-history":[{"count":0,"href":"https:\/\/www.hoymercedes.com.ar\/principal\/wp-json\/wp\/v2\/posts\/62580\/revisions"}],"wp:featuredmedia":[{"embeddable":true,"href":"https:\/\/www.hoymercedes.com.ar\/principal\/wp-json\/wp\/v2\/media\/62582"}],"wp:attachment":[{"href":"https:\/\/www.hoymercedes.com.ar\/principal\/wp-json\/wp\/v2\/media?parent=62580"}],"wp:term":[{"taxonomy":"category","embeddable":true,"href":"https:\/\/www.hoymercedes.com.ar\/principal\/wp-json\/wp\/v2\/categories?post=62580"},{"taxonomy":"post_tag","embeddable":true,"href":"https:\/\/www.hoymercedes.com.ar\/principal\/wp-json\/wp\/v2\/tags?post=62580"}],"curies":[{"name":"wp","href":"https:\/\/api.w.org\/{rel}","templated":true}]}}