{"id":62585,"date":"2017-05-11T10:13:41","date_gmt":"2017-05-11T13:13:41","guid":{"rendered":"http:\/\/www.hoymercedes.com.ar\/principal\/?p=62585"},"modified":"2017-05-09T20:23:53","modified_gmt":"2017-05-09T23:23:53","slug":"exposicion-de-pinturas-en-el-camino","status":"publish","type":"post","link":"https:\/\/www.hoymercedes.com.ar\/principal\/2017\/05\/11\/exposicion-de-pinturas-en-el-camino\/","title":{"rendered":"Exposici\u00f3n de Pinturas en El Camino"},"content":{"rendered":"<p>\u201cEl camino\u201d es la exposici\u00f3n de pinturas de Gast\u00f3n Bejarano Gabe que abrir\u00e1 sus puertas el\u00a0pr\u00f3ximo s\u00e1bado 13 de mayo. A partir de la hora 19:30 se inaugurar\u00e1n la colecci\u00f3n de pinturas del artista de San Antonio de Padua.<\/p>\n<p>Bejarano Gabe presenta obras que ha realizado en a\u00f1os de trabajo y aprendizaje, entre los momentos libres de su rutina fabril.<\/p>\n<p>En su trayectoria ha obtenido algunos premios y menciones, entre ellos: Asociaci\u00f3n de Artistas Visuales de Vicente L\u00f3pez (2\u00b0 menci\u00f3n 2016) Pintura Peque\u00f1o Formato; Seleccionado en concurso nacional de dibujo \u201chomenaje al centenario de An\u00edbal Troilo y Julio Cortazar 2014\/2015; 2\u00b0 Premio Concurso Nacional de Pintura \u201cDon Francisco de Merlo\u201d Arte y Cultura de Merlo 2016; seleccionado Asociaci\u00f3n de Artistas Visuales Vicente L\u00f3pez 2016; seleccionado XXXVIII Sal\u00f3n Nacional de Pintura 2016 \u201cFern\u00e1n F\u00e9lix Amador\u201d; Menci\u00f3n Especial\u00a0 13\u00ba Sal\u00f3n Anual Provincial de Pintura Ciudad de Mercedes.<\/p>\n","protected":false},"excerpt":{"rendered":"<p>\u201cEl camino\u201d es la exposici\u00f3n de pinturas de Gast\u00f3n Bejarano Gabe que abrir\u00e1 sus puertas el\u00a0pr\u00f3ximo s\u00e1bado 13 de mayo. &#8230; <a title=\"Exposici\u00f3n de Pinturas en El Camino\" class=\"read-more\" href=\"https:\/\/www.hoymercedes.com.ar\/principal\/2017\/05\/11\/exposicion-de-pinturas-en-el-camino\/\" aria-label=\"Leer m\u00e1s sobre Exposici\u00f3n de Pinturas en El Camino\">Leer m\u00e1s<\/a><\/p>\n","protected":false},"author":1,"featured_media":62583,"comment_status":"closed","ping_status":"open","sticky":false,"template":"","format":"standard","meta":{"_monsterinsights_skip_tracking":false,"_monsterinsights_sitenote_active":false,"_monsterinsights_sitenote_note":"","_monsterinsights_sitenote_category":0,"jetpack_post_was_ever_published":false,"_jetpack_newsletter_access":"","_jetpack_dont_email_post_to_subs":false,"_jetpack_newsletter_tier_id":0,"_jetpack_memberships_contains_paywalled_content":false,"_jetpack_memberships_contains_paid_content":false,"footnotes":"","jetpack_publicize_message":"","jetpack_publicize_feature_enabled":true,"jetpack_social_post_already_shared":true,"jetpack_social_options":{"image_generator_settings":{"template":"highway","default_image_id":0,"font":"","enabled":false},"version":2},"_wpas_customize_per_network":false},"categories":[104],"tags":[8890,7805,9248,8674,2427],"class_list":["post-62585","post","type-post","status-publish","format-standard","has-post-thumbnail","hentry","category-cultura","tag-artes-plasticas","tag-cultura","tag-inauguracion","tag-mamm","tag-san-antonio-de-areco","generate-columns","tablet-grid-50","mobile-grid-100","grid-parent","grid-50"],"jetpack_publicize_connections":[],"jetpack_featured_media_url":"https:\/\/www.hoymercedes.com.ar\/principal\/wp-content\/uploads\/2017\/05\/11-mamm.jpg","wps_subtitle":"Muestra de Gast\u00f3n Bejarano Gabe","jetpack_sharing_enabled":true,"_links":{"self":[{"href":"https:\/\/www.hoymercedes.com.ar\/principal\/wp-json\/wp\/v2\/posts\/62585","targetHints":{"allow":["GET"]}}],"collection":[{"href":"https:\/\/www.hoymercedes.com.ar\/principal\/wp-json\/wp\/v2\/posts"}],"about":[{"href":"https:\/\/www.hoymercedes.com.ar\/principal\/wp-json\/wp\/v2\/types\/post"}],"author":[{"embeddable":true,"href":"https:\/\/www.hoymercedes.com.ar\/principal\/wp-json\/wp\/v2\/users\/1"}],"replies":[{"embeddable":true,"href":"https:\/\/www.hoymercedes.com.ar\/principal\/wp-json\/wp\/v2\/comments?post=62585"}],"version-history":[{"count":0,"href":"https:\/\/www.hoymercedes.com.ar\/principal\/wp-json\/wp\/v2\/posts\/62585\/revisions"}],"wp:featuredmedia":[{"embeddable":true,"href":"https:\/\/www.hoymercedes.com.ar\/principal\/wp-json\/wp\/v2\/media\/62583"}],"wp:attachment":[{"href":"https:\/\/www.hoymercedes.com.ar\/principal\/wp-json\/wp\/v2\/media?parent=62585"}],"wp:term":[{"taxonomy":"category","embeddable":true,"href":"https:\/\/www.hoymercedes.com.ar\/principal\/wp-json\/wp\/v2\/categories?post=62585"},{"taxonomy":"post_tag","embeddable":true,"href":"https:\/\/www.hoymercedes.com.ar\/principal\/wp-json\/wp\/v2\/tags?post=62585"}],"curies":[{"name":"wp","href":"https:\/\/api.w.org\/{rel}","templated":true}]}}