{"id":62588,"date":"2017-05-09T20:39:56","date_gmt":"2017-05-09T23:39:56","guid":{"rendered":"http:\/\/www.hoymercedes.com.ar\/principal\/?p=62588"},"modified":"2017-05-09T21:04:16","modified_gmt":"2017-05-10T00:04:16","slug":"gol-de-lertora-para-belgrano-e-ingreso-de-perez-en-la-victoria-de-flandria-video","status":"publish","type":"post","link":"https:\/\/www.hoymercedes.com.ar\/principal\/2017\/05\/09\/gol-de-lertora-para-belgrano-e-ingreso-de-perez-en-la-victoria-de-flandria-video\/","title":{"rendered":"Gol de L\u00e9rtora para Belgrano e ingreso de P\u00e9rez en la victoria de Flandria (video)"},"content":{"rendered":"<p><em><strong>Belgrano le gan\u00f3 este lunes 2-1 a V\u00e9lez S\u00e1rsfield un partido muy valioso para ambos equipos de cara a la lucha por la permanencia en la m\u00e1xima categor\u00eda, correspondiente a la 23ra. fecha del Campeonato de Primera divisi\u00f3n.<\/strong><\/em><\/p>\n<p><img loading=\"lazy\" decoding=\"async\" data-attachment-id=\"62589\" data-permalink=\"https:\/\/www.hoymercedes.com.ar\/principal\/2017\/05\/09\/gol-de-lertora-para-belgrano-e-ingreso-de-perez-en-la-victoria-de-flandria-video\/federico-lertora-gol-belgrano\/#main\" data-orig-file=\"https:\/\/www.hoymercedes.com.ar\/principal\/wp-content\/uploads\/2017\/05\/Federico-Lertora-gol-belgrano-e1494433254884.jpg\" data-orig-size=\"630,562\" data-comments-opened=\"0\" data-image-meta=\"{&quot;aperture&quot;:&quot;0&quot;,&quot;credit&quot;:&quot;&quot;,&quot;camera&quot;:&quot;&quot;,&quot;caption&quot;:&quot;&quot;,&quot;created_timestamp&quot;:&quot;0&quot;,&quot;copyright&quot;:&quot;&quot;,&quot;focal_length&quot;:&quot;0&quot;,&quot;iso&quot;:&quot;0&quot;,&quot;shutter_speed&quot;:&quot;0&quot;,&quot;title&quot;:&quot;&quot;,&quot;orientation&quot;:&quot;0&quot;}\" data-image-title=\"Federico Lertora gol belgrano\" data-image-description=\"\" data-image-caption=\"\" data-large-file=\"https:\/\/www.hoymercedes.com.ar\/principal\/wp-content\/uploads\/2017\/05\/Federico-Lertora-gol-belgrano-e1494433254884.jpg\" class=\"aligncenter size-medium wp-image-62589\" src=\"https:\/\/www.hoymercedes.com.ar\/principal\/wp-content\/uploads\/2017\/05\/Federico-Lertora-gol-belgrano-630x562.jpg\" alt=\"\" width=\"630\" height=\"562\" \/><\/p>\n<p>Los goles del Pirata fueron marcados por el defensor Cristian Lema y el volante Federico L\u00e9rtora, ambos en el segundo tiempo. Mientras que cerca del cierre del partido, descont\u00f3 Mariano Pavone para el local.<\/p>\n<p>Con este triunfo, el Celeste logra cortar una mala racha muy pronunciada de seis partidos sin ganar y logra algo de aire.<\/p>\n<p>Este s\u00e1bado, a las 14, jugar\u00e1 ante Talleres el cl\u00e1sico de C\u00f3rdoba.<\/p>\n<p><span class=\"embed-youtube\" style=\"text-align:center; display: block;\"><iframe loading=\"lazy\" class=\"youtube-player\" width=\"1200\" height=\"675\" src=\"https:\/\/www.youtube.com\/embed\/ZXcKaxIYUNs?version=3&#038;rel=1&#038;showsearch=0&#038;showinfo=1&#038;iv_load_policy=1&#038;fs=1&#038;hl=es-ES&#038;autohide=2&#038;wmode=transparent\" allowfullscreen=\"true\" style=\"border:0;\" sandbox=\"allow-scripts allow-same-origin allow-popups allow-presentation allow-popups-to-escape-sandbox\"><\/iframe><\/span><\/p>\n<p class=\"ng-binding\"><strong>Flandria gan\u00f3 y sali\u00f3 del descenso<\/strong><\/p>\n<p class=\"ng-binding\">Con goles de Franco Costa, Pablo Bueno y Ramiro Fergonzi, el Canario le gan\u00f3 a Independiente Rivadavia de Mendoza, rival directo en la lucha por la permanencia. As\u00ed, logr\u00f3 salir de la zona roja despu\u00e9s de mucho tiempo. A 15 del final ingres\u00f3, luego de varios partidos sin lograrlo, Gonzalo P\u00e9rez.<\/p>\n<p>El Canario ahora visitar\u00e1 a Santamarina de Tandil el pr\u00f3ximo s\u00e1bado a las 20. Para ese encuentro podr\u00e1n volver Williams Riveros y Alejandro Altuna tras cumplir la suspensi\u00f3n. En tanto, Gabriel D\u00edaz tendr\u00e1 que cumplir una fecha m\u00e1s porque acumul\u00f3 10 tarjetas amarillas. Habr\u00e1 que aguardar la recuperaci\u00f3n de Mauro Bellone de su lesi\u00f3n.<\/p>\n<p><span class=\"embed-youtube\" style=\"text-align:center; display: block;\"><iframe loading=\"lazy\" class=\"youtube-player\" width=\"1200\" height=\"675\" src=\"https:\/\/www.youtube.com\/embed\/cKkwkRlztX8?version=3&#038;rel=1&#038;showsearch=0&#038;showinfo=1&#038;iv_load_policy=1&#038;fs=1&#038;hl=es-ES&#038;autohide=2&#038;wmode=transparent\" allowfullscreen=\"true\" style=\"border:0;\" sandbox=\"allow-scripts allow-same-origin allow-popups allow-presentation allow-popups-to-escape-sandbox\"><\/iframe><\/span><\/p>\n<p>&nbsp;<\/p>\n","protected":false},"excerpt":{"rendered":"<p>Belgrano le gan\u00f3 este lunes 2-1 a V\u00e9lez S\u00e1rsfield un partido muy valioso para ambos equipos de cara a la &#8230; <a title=\"Gol de L\u00e9rtora para Belgrano e ingreso de P\u00e9rez en la victoria de Flandria (video)\" class=\"read-more\" href=\"https:\/\/www.hoymercedes.com.ar\/principal\/2017\/05\/09\/gol-de-lertora-para-belgrano-e-ingreso-de-perez-en-la-victoria-de-flandria-video\/\" aria-label=\"Leer m\u00e1s sobre Gol de L\u00e9rtora para Belgrano e ingreso de P\u00e9rez en la victoria de Flandria (video)\">Leer m\u00e1s<\/a><\/p>\n","protected":false},"author":1,"featured_media":62589,"comment_status":"closed","ping_status":"open","sticky":false,"template":"","format":"standard","meta":{"_monsterinsights_skip_tracking":false,"_monsterinsights_sitenote_active":false,"_monsterinsights_sitenote_note":"","_monsterinsights_sitenote_category":0,"jetpack_post_was_ever_published":false,"_jetpack_newsletter_access":"","_jetpack_dont_email_post_to_subs":false,"_jetpack_newsletter_tier_id":0,"_jetpack_memberships_contains_paywalled_content":false,"_jetpack_memberships_contains_paid_content":false,"footnotes":"","jetpack_publicize_message":"","jetpack_publicize_feature_enabled":true,"jetpack_social_post_already_shared":true,"jetpack_social_options":{"image_generator_settings":{"template":"highway","default_image_id":0,"font":"","enabled":false},"version":2},"_wpas_customize_per_network":false},"categories":[21],"tags":[592,204,1003,7582,8896],"class_list":["post-62588","post","type-post","status-publish","format-standard","has-post-thumbnail","hentry","category-deportes","tag-belgrano","tag-deportes-2","tag-futbol","tag-la-legion","tag-lertora","generate-columns","tablet-grid-50","mobile-grid-100","grid-parent","grid-50"],"jetpack_publicize_connections":[],"jetpack_featured_media_url":"https:\/\/www.hoymercedes.com.ar\/principal\/wp-content\/uploads\/2017\/05\/Federico-Lertora-gol-belgrano-e1494433254884.jpg","wps_subtitle":"La Legion","jetpack_sharing_enabled":true,"_links":{"self":[{"href":"https:\/\/www.hoymercedes.com.ar\/principal\/wp-json\/wp\/v2\/posts\/62588","targetHints":{"allow":["GET"]}}],"collection":[{"href":"https:\/\/www.hoymercedes.com.ar\/principal\/wp-json\/wp\/v2\/posts"}],"about":[{"href":"https:\/\/www.hoymercedes.com.ar\/principal\/wp-json\/wp\/v2\/types\/post"}],"author":[{"embeddable":true,"href":"https:\/\/www.hoymercedes.com.ar\/principal\/wp-json\/wp\/v2\/users\/1"}],"replies":[{"embeddable":true,"href":"https:\/\/www.hoymercedes.com.ar\/principal\/wp-json\/wp\/v2\/comments?post=62588"}],"version-history":[{"count":0,"href":"https:\/\/www.hoymercedes.com.ar\/principal\/wp-json\/wp\/v2\/posts\/62588\/revisions"}],"wp:featuredmedia":[{"embeddable":true,"href":"https:\/\/www.hoymercedes.com.ar\/principal\/wp-json\/wp\/v2\/media\/62589"}],"wp:attachment":[{"href":"https:\/\/www.hoymercedes.com.ar\/principal\/wp-json\/wp\/v2\/media?parent=62588"}],"wp:term":[{"taxonomy":"category","embeddable":true,"href":"https:\/\/www.hoymercedes.com.ar\/principal\/wp-json\/wp\/v2\/categories?post=62588"},{"taxonomy":"post_tag","embeddable":true,"href":"https:\/\/www.hoymercedes.com.ar\/principal\/wp-json\/wp\/v2\/tags?post=62588"}],"curies":[{"name":"wp","href":"https:\/\/api.w.org\/{rel}","templated":true}]}}