{"id":62612,"date":"2017-05-10T13:23:42","date_gmt":"2017-05-10T16:23:42","guid":{"rendered":"http:\/\/www.hoymercedes.com.ar\/principal\/?p=62612"},"modified":"2017-05-10T13:23:42","modified_gmt":"2017-05-10T16:23:42","slug":"carlos-selva-el-unico-que-se-ha-hecho-el-distraido-es-el-presidente-macri","status":"publish","type":"post","link":"https:\/\/www.hoymercedes.com.ar\/principal\/2017\/05\/10\/carlos-selva-el-unico-que-se-ha-hecho-el-distraido-es-el-presidente-macri\/","title":{"rendered":"Carlos Selva: \u201cEl \u00fanico que se ha hecho el distra\u00eddo es el presidente Macri\u201d"},"content":{"rendered":"<p>El diputado nacional del Frente Renovador, Carlos Selva, dio el presente en la \u00faltima sesi\u00f3n de la C\u00e1mara Baja y aprob\u00f3 la reforma en la ley que permiti\u00f3 a la Corte la aplicaci\u00f3n del beneficio del 2\u00d71 a autores de delitos de lesa humanidad. Cuestion\u00f3 duramente al presidente de la Naci\u00f3n por su silencio.<\/p>\n<p><img loading=\"lazy\" decoding=\"async\" data-attachment-id=\"62613\" data-permalink=\"https:\/\/www.hoymercedes.com.ar\/principal\/2017\/05\/10\/carlos-selva-el-unico-que-se-ha-hecho-el-distraido-es-el-presidente-macri\/10-carlos-selva\/#main\" data-orig-file=\"https:\/\/www.hoymercedes.com.ar\/principal\/wp-content\/uploads\/2017\/05\/10-carlos-selva.jpg\" data-orig-size=\"630,420\" data-comments-opened=\"0\" data-image-meta=\"{&quot;aperture&quot;:&quot;4&quot;,&quot;credit&quot;:&quot;Prensa Diputados&quot;,&quot;camera&quot;:&quot;NIKON D600&quot;,&quot;caption&quot;:&quot;&quot;,&quot;created_timestamp&quot;:&quot;1471949616&quot;,&quot;copyright&quot;:&quot;Prensa Diputados&quot;,&quot;focal_length&quot;:&quot;105&quot;,&quot;iso&quot;:&quot;3200&quot;,&quot;shutter_speed&quot;:&quot;0.008&quot;,&quot;title&quot;:&quot;&quot;,&quot;orientation&quot;:&quot;0&quot;}\" data-image-title=\"10 carlos selva\" data-image-description=\"\" data-image-caption=\"\" data-large-file=\"https:\/\/www.hoymercedes.com.ar\/principal\/wp-content\/uploads\/2017\/05\/10-carlos-selva.jpg\" class=\"aligncenter size-medium wp-image-62613\" src=\"https:\/\/www.hoymercedes.com.ar\/principal\/wp-content\/uploads\/2017\/05\/10-carlos-selva-630x420.jpg\" alt=\"\" width=\"630\" height=\"420\" srcset=\"https:\/\/www.hoymercedes.com.ar\/principal\/wp-content\/uploads\/2017\/05\/10-carlos-selva.jpg 630w, https:\/\/www.hoymercedes.com.ar\/principal\/wp-content\/uploads\/2017\/05\/10-carlos-selva-150x100.jpg 150w, https:\/\/www.hoymercedes.com.ar\/principal\/wp-content\/uploads\/2017\/05\/10-carlos-selva-300x200.jpg 300w\" sizes=\"auto, (max-width: 630px) 100vw, 630px\" \/><\/p>\n<p>Tras ser parte de la sesi\u00f3n de diputados llevada a cabo este martes por la tarde con el fin de aprobar una reforma en la ley que permiti\u00f3 a la Corte Suprema de Justicia la aplicaci\u00f3n del beneficio del 2\u00d71 a autores de delitos de lesa humanidad, el diputado del Frente Renovador, Carlos Selva, cuestion\u00f3 duramente al presidente Mauricio Macri, por no tener opini\u00f3n al respecto.<\/p>\n<p>Como parte de la C\u00e1mara de Diputados de la Naci\u00f3n, el diputado Selva se refiri\u00f3 al dictamen de la Corte Suprema que posibilit\u00f3 la aplicaci\u00f3n del 2\u00d71 a un acusado por delitos de lesa humanidad: \u201cLo hecho no es mas que el reflejo de la sociedad. La sesi\u00f3n de ayer dur\u00f3 muchas horas y termin\u00f3 Casio a medianoche. Hubo muchos debates y fundamentos muy buenos. Hubo planteos jur\u00eddicos y pol\u00edticos\u201d, dijo y destac\u00f3 para bien los discursos de Remo Carlotto y Ricardo Alfons\u00edn y en sentido contrario, \u00abfue pedante y err\u00f3nea\u201d lo dicho por Elisa Carri\u00f3.<\/p>\n<p>En di\u00e1logo con Alberto Florella, por Radio FM Meridiano, Selva coment\u00f3: \u201cVemos que el Poder Judicial en su mayor\u00eda se ha expresado en contra del 2 x 1, salvo tres jueces de la Corte Suprema. Entonces el Poder Judicial se manifest\u00f3 en contra, el Poder Legislativo se expres\u00f3 en contra, y el \u00fanico que falta es el Poder Ejecutivo, que representa el presidente. De nada sirve que alg\u00fan funcionario se exprese, cuando Mauricio Macri se ha hecho el distra\u00eddo con respecto a este tema\u201d.<\/p>\n<p>Selva remarc\u00f3 que hasta los legisladores de Cambiemos votaron a favor de la reforma. \u201cEl \u00fanico que se ha hecho el distra\u00eddo es el presidente Macri. Y de los jueces que votaron en contra a dos los propuso Macri y la otra est\u00e1 pretendiendo quedarse. Hay una fuerza importante y en debate de iniciar un juicio pol\u00edtico a los jueces de la Corte\u201d, explic\u00f3.<\/p>\n<p>Por su parte, el l\u00edder del espacio que Selva integra, Sergio Massa, indic\u00f3: \u201cEl 2 x 1 no es aplicable a conductas delictivas que encuadren en la categor\u00eda de delitos de lesa humanidad, genocidio o cr\u00edmenes de guerra, seg\u00fan el derecho internacional\u201d, y explic\u00f3: \u201cLo m\u00e1s importante es avanzar en corregir este mamarracho que una parte de la Corte llev\u00f3 adelante. Es fundamental que hoy salga una ley con consenso que limite el fallo y haga una interpretaci\u00f3n, y obligue a la Corte a fijar nueva jurisprudencia en este sentido\u201d.<\/p>\n<p>&nbsp;<\/p>\n<p>Fuente: sitio web Carlos Selva<\/p>\n","protected":false},"excerpt":{"rendered":"<p>El diputado nacional del Frente Renovador, Carlos Selva, dio el presente en la \u00faltima sesi\u00f3n de la C\u00e1mara Baja y &#8230; <a title=\"Carlos Selva: \u201cEl \u00fanico que se ha hecho el distra\u00eddo es el presidente Macri\u201d\" class=\"read-more\" href=\"https:\/\/www.hoymercedes.com.ar\/principal\/2017\/05\/10\/carlos-selva-el-unico-que-se-ha-hecho-el-distraido-es-el-presidente-macri\/\" aria-label=\"Leer m\u00e1s sobre Carlos Selva: \u201cEl \u00fanico que se ha hecho el distra\u00eddo es el presidente Macri\u201d\">Leer m\u00e1s<\/a><\/p>\n","protected":false},"author":1,"featured_media":62613,"comment_status":"closed","ping_status":"open","sticky":false,"template":"","format":"standard","meta":{"_monsterinsights_skip_tracking":false,"_monsterinsights_sitenote_active":false,"_monsterinsights_sitenote_note":"","_monsterinsights_sitenote_category":0,"jetpack_post_was_ever_published":false,"_jetpack_newsletter_access":"","_jetpack_dont_email_post_to_subs":false,"_jetpack_newsletter_tier_id":0,"_jetpack_memberships_contains_paywalled_content":false,"_jetpack_memberships_contains_paid_content":false,"footnotes":"","jetpack_publicize_message":"","jetpack_publicize_feature_enabled":true,"jetpack_social_post_already_shared":true,"jetpack_social_options":{"image_generator_settings":{"template":"highway","default_image_id":0,"font":"","enabled":false},"version":2},"_wpas_customize_per_network":false},"categories":[5,5210],"tags":[11064,39,7500,5319,10113],"class_list":["post-62612","post","type-post","status-publish","format-standard","has-post-thumbnail","hentry","category-politica","category-politica-nacional","tag-2x1","tag-carlos-selva","tag-diputado-nacional","tag-politica-2","tag-politica-nacional","generate-columns","tablet-grid-50","mobile-grid-100","grid-parent","grid-50"],"jetpack_publicize_connections":[],"jetpack_featured_media_url":"https:\/\/www.hoymercedes.com.ar\/principal\/wp-content\/uploads\/2017\/05\/10-carlos-selva.jpg","wps_subtitle":"Sobre el 2x1 a genocidas","jetpack_sharing_enabled":true,"jetpack-related-posts":[{"id":120358,"url":"https:\/\/www.hoymercedes.com.ar\/principal\/2020\/11\/18\/diputado-selva-definio-la-sesion-del-martes-como-historica\/","url_meta":{"origin":62612,"position":0},"title":"Diputado Selva defini\u00f3 la sesi\u00f3n del martes como \u201chist\u00f3rica\u201d","author":"Clarisa Altieri","date":"18 noviembre, 2020","format":false,"excerpt":"El legislador del Frente de Todos,\u00a0Carlos Selva, como parte de la Honorable C\u00e1mara de Diputados de la Naci\u00f3n Argentina, defini\u00f3 a la \u00faltima sesi\u00f3n como \u201chist\u00f3rica\u201d. En tratamiento estuvieron temas como el Presupuesto 2021, la Ley de Aporte Solidario y Extraordinario, la Ley de Fuego y la Ley Yolanda. \u201cJunto\u2026","rel":"","context":"En \u00abPol\u00edtica Nacional\u00bb","block_context":{"text":"Pol\u00edtica Nacional","link":"https:\/\/www.hoymercedes.com.ar\/principal\/category\/politica-nacional\/"},"img":{"alt_text":"","src":"https:\/\/i0.wp.com\/www.hoymercedes.com.ar\/principal\/wp-content\/uploads\/2020\/11\/18-selva-sesion-1.jpg?resize=350%2C200&ssl=1","width":350,"height":200,"srcset":"https:\/\/i0.wp.com\/www.hoymercedes.com.ar\/principal\/wp-content\/uploads\/2020\/11\/18-selva-sesion-1.jpg?resize=350%2C200&ssl=1 1x, https:\/\/i0.wp.com\/www.hoymercedes.com.ar\/principal\/wp-content\/uploads\/2020\/11\/18-selva-sesion-1.jpg?resize=525%2C300&ssl=1 1.5x, https:\/\/i0.wp.com\/www.hoymercedes.com.ar\/principal\/wp-content\/uploads\/2020\/11\/18-selva-sesion-1.jpg?resize=700%2C400&ssl=1 2x"},"classes":[]},{"id":70856,"url":"https:\/\/www.hoymercedes.com.ar\/principal\/2017\/12\/15\/carlos-selva-el-estado-genero-violencia-conflictos-y-abusos\/","url_meta":{"origin":62612,"position":1},"title":"Carlos Selva: \u201cEl Estado gener\u00f3 violencia, conflictos y abusos\u201d","author":"hoymercedes","date":"15 diciembre, 2017","format":false,"excerpt":"El diputado Carlos Selva fue parte de la fallida y conflictiva sesi\u00f3n de este jueves. Cuestion\u00f3 al Congreso vallado en el que ni siquiera los legisladores pod\u00edan entrar. Tambi\u00e9n dud\u00f3 del qu\u00f3rum y rechaz\u00f3 que se imponga la reforma por decreto. Este jueves en el Congreso de la Naci\u00f3n se\u2026","rel":"","context":"En \u00abPol\u00edtica Nacional\u00bb","block_context":{"text":"Pol\u00edtica Nacional","link":"https:\/\/www.hoymercedes.com.ar\/principal\/category\/politica-nacional\/"},"img":{"alt_text":"","src":"https:\/\/i0.wp.com\/www.hoymercedes.com.ar\/principal\/wp-content\/uploads\/2017\/12\/15-selva-sdipaos.jpg?resize=350%2C200&ssl=1","width":350,"height":200,"srcset":"https:\/\/i0.wp.com\/www.hoymercedes.com.ar\/principal\/wp-content\/uploads\/2017\/12\/15-selva-sdipaos.jpg?resize=350%2C200&ssl=1 1x, https:\/\/i0.wp.com\/www.hoymercedes.com.ar\/principal\/wp-content\/uploads\/2017\/12\/15-selva-sdipaos.jpg?resize=525%2C300&ssl=1 1.5x, https:\/\/i0.wp.com\/www.hoymercedes.com.ar\/principal\/wp-content\/uploads\/2017\/12\/15-selva-sdipaos.jpg?resize=700%2C400&ssl=1 2x"},"classes":[]},{"id":99849,"url":"https:\/\/www.hoymercedes.com.ar\/principal\/2019\/09\/14\/carlos-selva-el-cinismo-y-la-irresponsabilidad-de-macri-no-tiene-precedentes\/","url_meta":{"origin":62612,"position":2},"title":"Carlos Selva: \u201cEl cinismo y la irresponsabilidad de Macri no tiene precedentes\u201d","author":"hoymercedes","date":"14 septiembre, 2019","format":false,"excerpt":"El diputado nacional, Carlos Selva, volvi\u00f3 a criticar duramente la pol\u00edtica econ\u00f3mica del Gobierno de Mauricio Macri. En una entrevista concedida a una FM local, luego de la sesi\u00f3n donde la C\u00e1mara de Diputados diera media sanci\u00f3n a la Ley de Emergencia Alimentaria, Selva responsabiliz\u00f3 a la administraci\u00f3n nacional por\u2026","rel":"","context":"En \u00abPol\u00edtica Nacional\u00bb","block_context":{"text":"Pol\u00edtica Nacional","link":"https:\/\/www.hoymercedes.com.ar\/principal\/category\/politica-nacional\/"},"img":{"alt_text":"","src":"https:\/\/i0.wp.com\/www.hoymercedes.com.ar\/principal\/wp-content\/uploads\/2019\/09\/14-ciberdelito.jpg?resize=350%2C200&ssl=1","width":350,"height":200,"srcset":"https:\/\/i0.wp.com\/www.hoymercedes.com.ar\/principal\/wp-content\/uploads\/2019\/09\/14-ciberdelito.jpg?resize=350%2C200&ssl=1 1x, https:\/\/i0.wp.com\/www.hoymercedes.com.ar\/principal\/wp-content\/uploads\/2019\/09\/14-ciberdelito.jpg?resize=525%2C300&ssl=1 1.5x, https:\/\/i0.wp.com\/www.hoymercedes.com.ar\/principal\/wp-content\/uploads\/2019\/09\/14-ciberdelito.jpg?resize=700%2C400&ssl=1 2x"},"classes":[]},{"id":90751,"url":"https:\/\/www.hoymercedes.com.ar\/principal\/2019\/04\/04\/selva-presento-proyecto-para-suspensiones-de-ejecuciones-hipotecarias\/","url_meta":{"origin":62612,"position":3},"title":"Selva present\u00f3 proyecto para suspensiones de ejecuciones hipotecarias","author":"hoymercedes","date":"4 abril, 2019","format":false,"excerpt":"El diputado nacional del Frente Renovador,\u00a0Carlos Selva, present\u00f3 en la Honorable C\u00e1mara de Diputados de la Naci\u00f3n Argentina un proyecto de Ley para que se suspendan las ejecuciones hipotecarias a quienes confiaron su sue\u00f1o de la casa propia a los cr\u00e9ditos UVA. \u201cLa inestabilidad y la imprevisibilidad econ\u00f3mica ocasion\u00f3 el\u2026","rel":"","context":"En \u00abPol\u00edtica Nacional\u00bb","block_context":{"text":"Pol\u00edtica Nacional","link":"https:\/\/www.hoymercedes.com.ar\/principal\/category\/politica-nacional\/"},"img":{"alt_text":"","src":"https:\/\/i0.wp.com\/www.hoymercedes.com.ar\/principal\/wp-content\/uploads\/2019\/03\/24-selva-uvA-FOTO.jpg?resize=350%2C200&ssl=1","width":350,"height":200,"srcset":"https:\/\/i0.wp.com\/www.hoymercedes.com.ar\/principal\/wp-content\/uploads\/2019\/03\/24-selva-uvA-FOTO.jpg?resize=350%2C200&ssl=1 1x, https:\/\/i0.wp.com\/www.hoymercedes.com.ar\/principal\/wp-content\/uploads\/2019\/03\/24-selva-uvA-FOTO.jpg?resize=525%2C300&ssl=1 1.5x, https:\/\/i0.wp.com\/www.hoymercedes.com.ar\/principal\/wp-content\/uploads\/2019\/03\/24-selva-uvA-FOTO.jpg?resize=700%2C400&ssl=1 2x"},"classes":[]},{"id":75408,"url":"https:\/\/www.hoymercedes.com.ar\/principal\/2018\/05\/05\/el-diputado-carlos-selva-en-tv-hablo-de-la-situacion-economica-del-pais\/","url_meta":{"origin":62612,"position":4},"title":"El Diputado Carlos Selva en TV habl\u00f3 de la situaci\u00f3n econ\u00f3mica del pa\u00eds","author":"hoymercedes","date":"5 mayo, 2018","format":false,"excerpt":"\u201cEl Gobierno pretende cargar sobre los municipios la responsabilidad que tiene por no haber tomado una sola medida econ\u00f3mica que haya dado resultados positivos\u201d, dijo. Fue parte de \u201c1+1=3\u201d, que se emite por Cr\u00f3nica Televisi\u00f3n. El Diputado Carlos Selva, junto a un grupo de legisladores y referentes de la oposici\u00f3n,\u2026","rel":"","context":"En \u00abPol\u00edtica Nacional\u00bb","block_context":{"text":"Pol\u00edtica Nacional","link":"https:\/\/www.hoymercedes.com.ar\/principal\/category\/politica-nacional\/"},"img":{"alt_text":"","src":"https:\/\/i0.wp.com\/www.hoymercedes.com.ar\/principal\/wp-content\/uploads\/2018\/05\/05-selva-cronica.jpg?resize=350%2C200&ssl=1","width":350,"height":200,"srcset":"https:\/\/i0.wp.com\/www.hoymercedes.com.ar\/principal\/wp-content\/uploads\/2018\/05\/05-selva-cronica.jpg?resize=350%2C200&ssl=1 1x, https:\/\/i0.wp.com\/www.hoymercedes.com.ar\/principal\/wp-content\/uploads\/2018\/05\/05-selva-cronica.jpg?resize=525%2C300&ssl=1 1.5x, https:\/\/i0.wp.com\/www.hoymercedes.com.ar\/principal\/wp-content\/uploads\/2018\/05\/05-selva-cronica.jpg?resize=700%2C400&ssl=1 2x"},"classes":[]},{"id":129686,"url":"https:\/\/www.hoymercedes.com.ar\/principal\/2021\/05\/07\/alquileres-martilleros-se-reunieron-con-el-diputado-carlos-selva\/","url_meta":{"origin":62612,"position":5},"title":"Alquileres: Martilleros se reunieron con el diputado Carlos Selva","author":"hoymercedes","date":"7 mayo, 2021","format":false,"excerpt":"D\u00edas atr\u00e1s, en la C\u00e1mara de Diputados de la Naci\u00f3n, integrantes del Consejo Superior del Colegio de Martilleros de la Provincia de Buenos Aires, mantuvieron una reuni\u00f3n para tratar la problem\u00e1tica de las locaciones con los legisladores nacionales. Entre los participantes se encontraban el diputado nacional\u00a0Carlos Am\u00e9rico Selva (Frente de\u2026","rel":"","context":"En \u00abPol\u00edtica Nacional\u00bb","block_context":{"text":"Pol\u00edtica Nacional","link":"https:\/\/www.hoymercedes.com.ar\/principal\/category\/politica-nacional\/"},"img":{"alt_text":"","src":"https:\/\/i0.wp.com\/www.hoymercedes.com.ar\/principal\/wp-content\/uploads\/2021\/05\/07-selva-martilleros.jpg?resize=350%2C200&ssl=1","width":350,"height":200,"srcset":"https:\/\/i0.wp.com\/www.hoymercedes.com.ar\/principal\/wp-content\/uploads\/2021\/05\/07-selva-martilleros.jpg?resize=350%2C200&ssl=1 1x, https:\/\/i0.wp.com\/www.hoymercedes.com.ar\/principal\/wp-content\/uploads\/2021\/05\/07-selva-martilleros.jpg?resize=525%2C300&ssl=1 1.5x, https:\/\/i0.wp.com\/www.hoymercedes.com.ar\/principal\/wp-content\/uploads\/2021\/05\/07-selva-martilleros.jpg?resize=700%2C400&ssl=1 2x"},"classes":[]}],"_links":{"self":[{"href":"https:\/\/www.hoymercedes.com.ar\/principal\/wp-json\/wp\/v2\/posts\/62612","targetHints":{"allow":["GET"]}}],"collection":[{"href":"https:\/\/www.hoymercedes.com.ar\/principal\/wp-json\/wp\/v2\/posts"}],"about":[{"href":"https:\/\/www.hoymercedes.com.ar\/principal\/wp-json\/wp\/v2\/types\/post"}],"author":[{"embeddable":true,"href":"https:\/\/www.hoymercedes.com.ar\/principal\/wp-json\/wp\/v2\/users\/1"}],"replies":[{"embeddable":true,"href":"https:\/\/www.hoymercedes.com.ar\/principal\/wp-json\/wp\/v2\/comments?post=62612"}],"version-history":[{"count":0,"href":"https:\/\/www.hoymercedes.com.ar\/principal\/wp-json\/wp\/v2\/posts\/62612\/revisions"}],"wp:featuredmedia":[{"embeddable":true,"href":"https:\/\/www.hoymercedes.com.ar\/principal\/wp-json\/wp\/v2\/media\/62613"}],"wp:attachment":[{"href":"https:\/\/www.hoymercedes.com.ar\/principal\/wp-json\/wp\/v2\/media?parent=62612"}],"wp:term":[{"taxonomy":"category","embeddable":true,"href":"https:\/\/www.hoymercedes.com.ar\/principal\/wp-json\/wp\/v2\/categories?post=62612"},{"taxonomy":"post_tag","embeddable":true,"href":"https:\/\/www.hoymercedes.com.ar\/principal\/wp-json\/wp\/v2\/tags?post=62612"}],"curies":[{"name":"wp","href":"https:\/\/api.w.org\/{rel}","templated":true}]}}