{"id":62639,"date":"2017-05-11T21:20:20","date_gmt":"2017-05-12T00:20:20","guid":{"rendered":"http:\/\/www.hoymercedes.com.ar\/principal\/?p=62639"},"modified":"2017-05-11T21:20:20","modified_gmt":"2017-05-12T00:20:20","slug":"ratifican-convenio-para-reciclar-aceite-comestible","status":"publish","type":"post","link":"https:\/\/www.hoymercedes.com.ar\/principal\/2017\/05\/11\/ratifican-convenio-para-reciclar-aceite-comestible\/","title":{"rendered":"Ratifican convenio para reciclar aceite comestible"},"content":{"rendered":"<p>En la ma\u00f1ana de este jueves, CAIDIM y la empresa RBA ratificaron el convenio, del cual la Municipalidad de Mercedes se presenta como contralor. Este acuerdo es para que el Taller Colectivo sirva como agente de recolecci\u00f3n de aceite comestible usado que la empresa retira para hacer biodiesel.<\/p>\n<p>A trav\u00e9s de una conferencia de prensa, se realiz\u00f3 la nueva firma del convenio.\u00a0Mar\u00eda Silva, responsable de CAIDIM, expres\u00f3 que \u201chab\u00eda caducado el convenio\u00bb y por eso lo estaban renovando. \u00abLa instituci\u00f3n est\u00e1 recibiendo un\u00a0beneficio econ\u00f3mico por la recolecci\u00f3n de aceite. Vamos por una a\u00f1o m\u00e1s de Mercedes sin aceite, por una ciudad m\u00e1s limpia y para que no se tire el aceite en las cloacas. Hay muchos comercios y muchos hogares particulares que llevan el aceite que generan a diferentes a\u00a0CAIDIM. Luego pasa la empresa para llevarse todo lo recolectado\u201d, destac\u00f3 Mar\u00eda.<\/p>\n<p>Por su parte el intendente municipal Juan Ignacio Ustarroz explic\u00f3 que el Municipio confiaba en el Taller Protegido por \u00abtoda una historia que tiene con el reciclado en la ciudad\u00bb. \u00abSigue habiendo muchos vecinos que tiran aceite u otras cosas a las cloacas, entonces nosotros apelamos a la conciencia y al compromiso del vecino, tenemos que ser una ciudad m\u00e1s responsable y colaborativa con el espacio p\u00fablico\u201d, agreg\u00f3.<\/p>\n<p>En la conferencia de prensa donde luego se procedi\u00f3 a firmar el convenio estuvo presente Flavio Porcille, representante de la empresa \u201cRBA Ambiental\u201d quien cont\u00f3 que desde nuestra ciudad aproximadamente el \u00faltimo a\u00f1o se trasladaron cerca de 6000 kilos.<\/p>\n<p>Junto a Ustarroz, Porcille y Mar\u00eda Silva estuvieron presentes la Directora de Discapacidad, Tatiana L\u00f3pez y la responsable de Medio Ambiente, Alejandra Erreca.<\/p>\n<p>&nbsp;<\/p>\n<p>Fuente: Prensa Municipal<\/p>\n","protected":false},"excerpt":{"rendered":"<p>En la ma\u00f1ana de este jueves, CAIDIM y la empresa RBA ratificaron el convenio, del cual la Municipalidad de Mercedes &#8230; <a title=\"Ratifican convenio para reciclar aceite comestible\" class=\"read-more\" href=\"https:\/\/www.hoymercedes.com.ar\/principal\/2017\/05\/11\/ratifican-convenio-para-reciclar-aceite-comestible\/\" aria-label=\"Leer m\u00e1s sobre Ratifican convenio para reciclar aceite comestible\">Leer m\u00e1s<\/a><\/p>\n","protected":false},"author":1,"featured_media":62644,"comment_status":"closed","ping_status":"open","sticky":false,"template":"","format":"standard","meta":{"_monsterinsights_skip_tracking":false,"_monsterinsights_sitenote_active":false,"_monsterinsights_sitenote_note":"","_monsterinsights_sitenote_category":0,"jetpack_post_was_ever_published":false,"_jetpack_newsletter_access":"","_jetpack_dont_email_post_to_subs":false,"_jetpack_newsletter_tier_id":0,"_jetpack_memberships_contains_paywalled_content":false,"_jetpack_memberships_contains_paid_content":false,"footnotes":"","jetpack_publicize_message":"","jetpack_publicize_feature_enabled":true,"jetpack_social_post_already_shared":true,"jetpack_social_options":{"image_generator_settings":{"template":"highway","default_image_id":0,"font":"","enabled":false},"version":2},"_wpas_customize_per_network":false},"categories":[30],"tags":[11098,11099,2483,43,244,11097,1070],"class_list":["post-62639","post","type-post","status-publish","format-standard","has-post-thumbnail","hentry","category-municipio","tag-aceite-comestible","tag-biodiesel","tag-caidim","tag-medio-ambiente","tag-municipio-2","tag-raba","tag-reciclado","generate-columns","tablet-grid-50","mobile-grid-100","grid-parent","grid-50"],"jetpack_publicize_connections":[],"jetpack_featured_media_url":"https:\/\/www.hoymercedes.com.ar\/principal\/wp-content\/uploads\/2017\/05\/11-aceite-bio-diesel.jpg","wps_subtitle":"Municipio, CAIDIM y RBA ","jetpack_sharing_enabled":true,"_links":{"self":[{"href":"https:\/\/www.hoymercedes.com.ar\/principal\/wp-json\/wp\/v2\/posts\/62639","targetHints":{"allow":["GET"]}}],"collection":[{"href":"https:\/\/www.hoymercedes.com.ar\/principal\/wp-json\/wp\/v2\/posts"}],"about":[{"href":"https:\/\/www.hoymercedes.com.ar\/principal\/wp-json\/wp\/v2\/types\/post"}],"author":[{"embeddable":true,"href":"https:\/\/www.hoymercedes.com.ar\/principal\/wp-json\/wp\/v2\/users\/1"}],"replies":[{"embeddable":true,"href":"https:\/\/www.hoymercedes.com.ar\/principal\/wp-json\/wp\/v2\/comments?post=62639"}],"version-history":[{"count":0,"href":"https:\/\/www.hoymercedes.com.ar\/principal\/wp-json\/wp\/v2\/posts\/62639\/revisions"}],"wp:featuredmedia":[{"embeddable":true,"href":"https:\/\/www.hoymercedes.com.ar\/principal\/wp-json\/wp\/v2\/media\/62644"}],"wp:attachment":[{"href":"https:\/\/www.hoymercedes.com.ar\/principal\/wp-json\/wp\/v2\/media?parent=62639"}],"wp:term":[{"taxonomy":"category","embeddable":true,"href":"https:\/\/www.hoymercedes.com.ar\/principal\/wp-json\/wp\/v2\/categories?post=62639"},{"taxonomy":"post_tag","embeddable":true,"href":"https:\/\/www.hoymercedes.com.ar\/principal\/wp-json\/wp\/v2\/tags?post=62639"}],"curies":[{"name":"wp","href":"https:\/\/api.w.org\/{rel}","templated":true}]}}