{"id":62673,"date":"2017-05-12T12:14:52","date_gmt":"2017-05-12T15:14:52","guid":{"rendered":"http:\/\/www.hoymercedes.com.ar\/principal\/?p=62673"},"modified":"2017-05-12T12:57:29","modified_gmt":"2017-05-12T15:57:29","slug":"se-oficializo-el-traslado-de-carlos-mahiques-a-la-camara-federal-de-casacion-penal","status":"publish","type":"post","link":"https:\/\/www.hoymercedes.com.ar\/principal\/2017\/05\/12\/se-oficializo-el-traslado-de-carlos-mahiques-a-la-camara-federal-de-casacion-penal\/","title":{"rendered":"Se oficializ\u00f3 el traslado de Carlos Mahiques a la C\u00e1mara Federal de Casaci\u00f3n Penal"},"content":{"rendered":"<p>El Gobierno oficializ\u00f3 este jueves el traslado a la C\u00e1mara Federal de Casaci\u00f3n Penal (CFCP) del juez Carlos Alberto Mahiques, quien se desempe\u00f1aba en la Sala III de la C\u00e1mara Nacional de Casaci\u00f3n en lo Criminal y Correccional de la Capital Federal.<\/p>\n<p>El Decreto 328 que se publica en el Bolet\u00edn Oficial confirma el pase a la Sala II de la C\u00e1mara Federal de quien fue ministro de Justicia bonaerense durante los primeros meses del gobierno de Mar\u00eda Eugenia Vidal, tras la recomendaci\u00f3n de la \u00faltima reuni\u00f3n plenaria del Consejo de la Magistratura, realizada el jueves 4 de mayo pasado.<\/p>\n<p>La CFCP hab\u00eda rechazado la incorporaci\u00f3n de Mahiques a ese cuerpo mediante un acuerdo extraordinario adoptado por mayor\u00eda el viernes \u00faltimo, un d\u00eda despu\u00e9s de que el Consejo de la Magistratura pidiera al Poder Ejecutivo que emita el decreto de su designaci\u00f3n.<\/p>\n<p>Con el voto favorable de los camaristas Angela Ledesma, Mariano Borinsky, Ana Mar\u00eda Figueroa y Alejandro Slokar, la m\u00e1xima instancia penal del pa\u00eds despu\u00e9s de la Corte Suprema, ratific\u00f3 su acuerdo general del 28 de abril \u00faltimo en el que se abstuvo de considerar el pedido de traslado de Mahiques.<\/p>\n<p>La decisi\u00f3n del Ejecutivo, que lleva las firmas del presidente Mauricio Macri y del ministro de Justicia y Derechos Humanos, Germ\u00e1n Garavano, confirma el traslado a la CFCP de Mahiques, padre de Juan Bautista, subsecretario de Relaciones con el Poder Judicial y Asuntos Penitenciarios y representante del Gobierno en el Consejo de la Magistratura.<\/p>\n","protected":false},"excerpt":{"rendered":"<p>El Gobierno oficializ\u00f3 este jueves el traslado a la C\u00e1mara Federal de Casaci\u00f3n Penal (CFCP) del juez Carlos Alberto Mahiques, &#8230; <a title=\"Se oficializ\u00f3 el traslado de Carlos Mahiques a la C\u00e1mara Federal de Casaci\u00f3n Penal\" class=\"read-more\" href=\"https:\/\/www.hoymercedes.com.ar\/principal\/2017\/05\/12\/se-oficializo-el-traslado-de-carlos-mahiques-a-la-camara-federal-de-casacion-penal\/\" aria-label=\"Leer m\u00e1s sobre Se oficializ\u00f3 el traslado de Carlos Mahiques a la C\u00e1mara Federal de Casaci\u00f3n Penal\">Leer m\u00e1s<\/a><\/p>\n","protected":false},"author":1,"featured_media":53009,"comment_status":"closed","ping_status":"open","sticky":false,"template":"","format":"standard","meta":{"_monsterinsights_skip_tracking":false,"_monsterinsights_sitenote_active":false,"_monsterinsights_sitenote_note":"","_monsterinsights_sitenote_category":0,"jetpack_post_was_ever_published":false,"_jetpack_newsletter_access":"","_jetpack_dont_email_post_to_subs":false,"_jetpack_newsletter_tier_id":0,"_jetpack_memberships_contains_paywalled_content":false,"_jetpack_memberships_contains_paid_content":false,"footnotes":"","jetpack_publicize_message":"","jetpack_publicize_feature_enabled":true,"jetpack_social_post_already_shared":true,"jetpack_social_options":{"image_generator_settings":{"template":"highway","default_image_id":0,"font":"","enabled":false},"version":2},"_wpas_customize_per_network":false},"categories":[5,5210],"tags":[10475,11107,325,10113],"class_list":["post-62673","post","type-post","status-publish","format-standard","has-post-thumbnail","hentry","category-politica","category-politica-nacional","tag-carlos-mahiques","tag-casacion","tag-justicia","tag-politica-nacional","generate-columns","tablet-grid-50","mobile-grid-100","grid-parent","grid-50"],"jetpack_publicize_connections":[],"jetpack_featured_media_url":"https:\/\/www.hoymercedes.com.ar\/principal\/wp-content\/uploads\/2016\/07\/30-mahiques2.jpg","wps_subtitle":"Por decreto","jetpack_sharing_enabled":true,"jetpack-related-posts":[{"id":50620,"url":"https:\/\/www.hoymercedes.com.ar\/principal\/2016\/05\/31\/renuncio-mahiques-al-ministerio-de-justicia-y-regresa-a-la-justicia\/","url_meta":{"origin":62673,"position":0},"title":"Renunci\u00f3 Mahiques al Ministerio de Justicia y regresa a la Justicia","author":"hoymercedes","date":"31 mayo, 2016","format":false,"excerpt":"El Ministro de Justicia bonaerense, Carlos Mahiques, renunci\u00f3 hoy a su cargo para reincorporarse como juez de la C\u00e1mara Nacional de Casaci\u00f3n Penal, y su puesto ser\u00e1 ocupado por el actual Asesor General del Gobierno de la Provincia de Buenos Aires, Gustavo Ferrari. En una carta que le envi\u00f3 a\u2026","rel":"","context":"En \u00abSociedad\u00bb","block_context":{"text":"Sociedad","link":"https:\/\/www.hoymercedes.com.ar\/principal\/category\/sociedad\/"},"img":{"alt_text":"","src":"https:\/\/i0.wp.com\/www.hoymercedes.com.ar\/principal\/wp-content\/uploads\/2016\/05\/Mahiques.jpg?resize=350%2C200&ssl=1","width":350,"height":200,"srcset":"https:\/\/i0.wp.com\/www.hoymercedes.com.ar\/principal\/wp-content\/uploads\/2016\/05\/Mahiques.jpg?resize=350%2C200&ssl=1 1x, https:\/\/i0.wp.com\/www.hoymercedes.com.ar\/principal\/wp-content\/uploads\/2016\/05\/Mahiques.jpg?resize=525%2C300&ssl=1 1.5x, https:\/\/i0.wp.com\/www.hoymercedes.com.ar\/principal\/wp-content\/uploads\/2016\/05\/Mahiques.jpg?resize=700%2C400&ssl=1 2x"},"classes":[]},{"id":194776,"url":"https:\/\/www.hoymercedes.com.ar\/principal\/2026\/04\/19\/el-pliego-de-mahiques-obtuvo-dictamen-en-el-senado\/","url_meta":{"origin":62673,"position":1},"title":"El pliego de Mahiques obtuvo dictamen en el Senado","author":"hoymercedes","date":"19 abril, 2026","format":false,"excerpt":"La Comisi\u00f3n de Acuerdos, presidida por el senador Juan Carlos Pagotto (LLA), llev\u00f3 a cabo una audiencia p\u00fablica en el Sal\u00f3n Arturo Illia del Palacio Legislativo, en la que el juez Carlos Alberto Mahiques defendi\u00f3 su pliego para acceder a una pr\u00f3rroga de cinco a\u00f1os en su cargo como vocal\u2026","rel":"","context":"En \u00abPol\u00edtica\u00bb","block_context":{"text":"Pol\u00edtica","link":"https:\/\/www.hoymercedes.com.ar\/principal\/category\/politica\/"},"img":{"alt_text":"","src":"https:\/\/i0.wp.com\/www.hoymercedes.com.ar\/principal\/wp-content\/uploads\/2026\/04\/image-40-scaled.png?resize=350%2C200&ssl=1","width":350,"height":200,"srcset":"https:\/\/i0.wp.com\/www.hoymercedes.com.ar\/principal\/wp-content\/uploads\/2026\/04\/image-40-scaled.png?resize=350%2C200&ssl=1 1x, https:\/\/i0.wp.com\/www.hoymercedes.com.ar\/principal\/wp-content\/uploads\/2026\/04\/image-40-scaled.png?resize=525%2C300&ssl=1 1.5x, https:\/\/i0.wp.com\/www.hoymercedes.com.ar\/principal\/wp-content\/uploads\/2026\/04\/image-40-scaled.png?resize=700%2C400&ssl=1 2x, https:\/\/i0.wp.com\/www.hoymercedes.com.ar\/principal\/wp-content\/uploads\/2026\/04\/image-40-scaled.png?resize=1050%2C600&ssl=1 3x, https:\/\/i0.wp.com\/www.hoymercedes.com.ar\/principal\/wp-content\/uploads\/2026\/04\/image-40-scaled.png?resize=1400%2C800&ssl=1 4x"},"classes":[]},{"id":53008,"url":"https:\/\/www.hoymercedes.com.ar\/principal\/2016\/07\/30\/el-dr-carlos-mahiques-disertara-sobre-politicas-penitenciarias\/","url_meta":{"origin":62673,"position":2},"title":"El Dr. Carlos Mahiques disertar\u00e1 sobre pol\u00edticas penitenciarias","author":"hoymercedes","date":"30 julio, 2016","format":false,"excerpt":"En el marco de un espacio abierto a la comunidad organizado por el Instituto Nacional de Capacitaci\u00f3n Pol\u00edtica (INCAP) del Ministerio del Interior de la Naci\u00f3n), el actual Juez de la C\u00e1mara Nacional de Casaci\u00f3n Penal y ex Ministro de Justicia de la Provincia de Buenos Aires disertar\u00e1 junto al\u2026","rel":"","context":"En \u00abPol\u00edtica\u00bb","block_context":{"text":"Pol\u00edtica","link":"https:\/\/www.hoymercedes.com.ar\/principal\/category\/politica\/"},"img":{"alt_text":"","src":"https:\/\/i0.wp.com\/www.hoymercedes.com.ar\/principal\/wp-content\/uploads\/2016\/07\/30-mahiques2.jpg?resize=350%2C200&ssl=1","width":350,"height":200},"classes":[]},{"id":193073,"url":"https:\/\/www.hoymercedes.com.ar\/principal\/2026\/03\/15\/este-miercoles-trataran-el-pliego-de-carlos-mahiques\/","url_meta":{"origin":62673,"position":3},"title":"Este mi\u00e9rcoles tratar\u00e1n el pliego de Carlos Mahiques","author":"hoymercedes","date":"15 marzo, 2026","format":false,"excerpt":"El oficialismo en el Senado de la Naci\u00f3n convoc\u00f3 a la primera sesi\u00f3n del a\u00f1o para el mi\u00e9rcoles 18 de marzo a las 14, donde se prev\u00e9 dar inicio al tratamiento de distintos pliegos enviados por el Poder Ejecutivo, entre ellos el del juez Carlos Mahiques, padre del actual ministro\u2026","rel":"","context":"En \u00abPol\u00edtica\u00bb","block_context":{"text":"Pol\u00edtica","link":"https:\/\/www.hoymercedes.com.ar\/principal\/category\/politica\/"},"img":{"alt_text":"","src":"https:\/\/i0.wp.com\/www.hoymercedes.com.ar\/principal\/wp-content\/uploads\/2017\/01\/mahiques-carlos.jpg?resize=350%2C200&ssl=1","width":350,"height":200,"srcset":"https:\/\/i0.wp.com\/www.hoymercedes.com.ar\/principal\/wp-content\/uploads\/2017\/01\/mahiques-carlos.jpg?resize=350%2C200&ssl=1 1x, https:\/\/i0.wp.com\/www.hoymercedes.com.ar\/principal\/wp-content\/uploads\/2017\/01\/mahiques-carlos.jpg?resize=525%2C300&ssl=1 1.5x"},"classes":[]},{"id":192775,"url":"https:\/\/www.hoymercedes.com.ar\/principal\/2026\/03\/04\/milei-designo-a-juan-bautista-mahiques-como-nuevo-ministro-se-justicia\/","url_meta":{"origin":62673,"position":4},"title":"Milei design\u00f3 a Juan Bautista Mahiques como nuevo ministro se Justicia","author":"hoymercedes","date":"4 marzo, 2026","format":false,"excerpt":"El ministro de Justicia de la Naci\u00f3n, Mariano C\u00faneo Libarona, present\u00f3 su renuncia al cargo y el presidente Javier Milei confirm\u00f3 que su reemplazante ser\u00e1 Juan Bautista Mahiques, actual fiscal general de la Ciudad de Buenos Aires y oriundo de la ciudad de Mercedes.\u00a0 La salida del funcionario se formaliz\u00f3\u2026","rel":"","context":"En \u00abPol\u00edtica\u00bb","block_context":{"text":"Pol\u00edtica","link":"https:\/\/www.hoymercedes.com.ar\/principal\/category\/politica\/"},"img":{"alt_text":"","src":"https:\/\/i0.wp.com\/www.hoymercedes.com.ar\/principal\/wp-content\/uploads\/2026\/03\/IMG_9230.jpeg?resize=350%2C200&ssl=1","width":350,"height":200,"srcset":"https:\/\/i0.wp.com\/www.hoymercedes.com.ar\/principal\/wp-content\/uploads\/2026\/03\/IMG_9230.jpeg?resize=350%2C200&ssl=1 1x, https:\/\/i0.wp.com\/www.hoymercedes.com.ar\/principal\/wp-content\/uploads\/2026\/03\/IMG_9230.jpeg?resize=525%2C300&ssl=1 1.5x, https:\/\/i0.wp.com\/www.hoymercedes.com.ar\/principal\/wp-content\/uploads\/2026\/03\/IMG_9230.jpeg?resize=700%2C400&ssl=1 2x"},"classes":[]},{"id":59175,"url":"https:\/\/www.hoymercedes.com.ar\/principal\/2017\/01\/25\/mahiques-sera-parte-de-la-comision-del-nuevo-codigo-penal-y-suena-para-la-suprema-corte\/","url_meta":{"origin":62673,"position":5},"title":"Mahiques ser\u00e1 parte de la Comisi\u00f3n del nuevo C\u00f3digo Penal y suena para la Suprema Corte","author":"hoymercedes","date":"25 enero, 2017","format":false,"excerpt":"El mercedino y ex Ministro de Justicia de Vidal reaparece en la agenda p\u00fablica al mencionarlo como representante provincial para la comisi\u00f3n de reforma del c\u00f3digo penal mientras su nombre empez\u00f3 a sonar como un posible nuevo miembro de la Suprema Corte de la Provincia de Buenos Aires. El presidente\u2026","rel":"","context":"En \u00abPol\u00edtica\u00bb","block_context":{"text":"Pol\u00edtica","link":"https:\/\/www.hoymercedes.com.ar\/principal\/category\/politica\/"},"img":{"alt_text":"","src":"https:\/\/i0.wp.com\/www.hoymercedes.com.ar\/principal\/wp-content\/uploads\/2017\/01\/mahiques-carlos.jpg?resize=350%2C200&ssl=1","width":350,"height":200,"srcset":"https:\/\/i0.wp.com\/www.hoymercedes.com.ar\/principal\/wp-content\/uploads\/2017\/01\/mahiques-carlos.jpg?resize=350%2C200&ssl=1 1x, https:\/\/i0.wp.com\/www.hoymercedes.com.ar\/principal\/wp-content\/uploads\/2017\/01\/mahiques-carlos.jpg?resize=525%2C300&ssl=1 1.5x"},"classes":[]}],"_links":{"self":[{"href":"https:\/\/www.hoymercedes.com.ar\/principal\/wp-json\/wp\/v2\/posts\/62673","targetHints":{"allow":["GET"]}}],"collection":[{"href":"https:\/\/www.hoymercedes.com.ar\/principal\/wp-json\/wp\/v2\/posts"}],"about":[{"href":"https:\/\/www.hoymercedes.com.ar\/principal\/wp-json\/wp\/v2\/types\/post"}],"author":[{"embeddable":true,"href":"https:\/\/www.hoymercedes.com.ar\/principal\/wp-json\/wp\/v2\/users\/1"}],"replies":[{"embeddable":true,"href":"https:\/\/www.hoymercedes.com.ar\/principal\/wp-json\/wp\/v2\/comments?post=62673"}],"version-history":[{"count":0,"href":"https:\/\/www.hoymercedes.com.ar\/principal\/wp-json\/wp\/v2\/posts\/62673\/revisions"}],"wp:featuredmedia":[{"embeddable":true,"href":"https:\/\/www.hoymercedes.com.ar\/principal\/wp-json\/wp\/v2\/media\/53009"}],"wp:attachment":[{"href":"https:\/\/www.hoymercedes.com.ar\/principal\/wp-json\/wp\/v2\/media?parent=62673"}],"wp:term":[{"taxonomy":"category","embeddable":true,"href":"https:\/\/www.hoymercedes.com.ar\/principal\/wp-json\/wp\/v2\/categories?post=62673"},{"taxonomy":"post_tag","embeddable":true,"href":"https:\/\/www.hoymercedes.com.ar\/principal\/wp-json\/wp\/v2\/tags?post=62673"}],"curies":[{"name":"wp","href":"https:\/\/api.w.org\/{rel}","templated":true}]}}