{"id":62675,"date":"2017-05-12T18:09:06","date_gmt":"2017-05-12T21:09:06","guid":{"rendered":"http:\/\/www.hoymercedes.com.ar\/principal\/?p=62675"},"modified":"2017-05-12T13:27:41","modified_gmt":"2017-05-12T16:27:41","slug":"los-libros-para-ciegos-de-la-unidad-5-en-la-feria-internacional","status":"publish","type":"post","link":"https:\/\/www.hoymercedes.com.ar\/principal\/2017\/05\/12\/los-libros-para-ciegos-de-la-unidad-5-en-la-feria-internacional\/","title":{"rendered":"Los libros para ciegos de la Unidad 5 en la Feria Internacional"},"content":{"rendered":"<p>En el marco de la Feria de Libro de Buenos Aires, estuvieron presentes con las publicaciones realizadas en Mercedes, representantes de la Unidad N\u00b05 del Servicio Penitenciario Bonaerense. El Director\u00a0Ricardo M\u00e9ndez estuvo en el stand de la\u00a0Biblioteca Argentina para Ciegos\u00a0para exhibir los trabajos que se realizan en los talleres de Braille de las\u00a0c\u00e1rceles de la provincia de Buenos Aires.<\/p>\n<p><img loading=\"lazy\" decoding=\"async\" data-attachment-id=\"62676\" data-permalink=\"https:\/\/www.hoymercedes.com.ar\/principal\/2017\/05\/12\/los-libros-para-ciegos-de-la-unidad-5-en-la-feria-internacional\/12-carcel-feria-del-libro-2\/#main\" data-orig-file=\"https:\/\/www.hoymercedes.com.ar\/principal\/wp-content\/uploads\/2017\/05\/12-carcel-Feria-del-Libro-2.jpg\" data-orig-size=\"500,300\" data-comments-opened=\"0\" data-image-meta=\"{&quot;aperture&quot;:&quot;0&quot;,&quot;credit&quot;:&quot;&quot;,&quot;camera&quot;:&quot;&quot;,&quot;caption&quot;:&quot;&quot;,&quot;created_timestamp&quot;:&quot;0&quot;,&quot;copyright&quot;:&quot;&quot;,&quot;focal_length&quot;:&quot;0&quot;,&quot;iso&quot;:&quot;0&quot;,&quot;shutter_speed&quot;:&quot;0&quot;,&quot;title&quot;:&quot;&quot;,&quot;orientation&quot;:&quot;0&quot;}\" data-image-title=\"12 carcel Feria-del-Libro-2\" data-image-description=\"\" data-image-caption=\"\" data-large-file=\"https:\/\/www.hoymercedes.com.ar\/principal\/wp-content\/uploads\/2017\/05\/12-carcel-Feria-del-Libro-2.jpg\" class=\"aligncenter size-full wp-image-62676\" src=\"https:\/\/www.hoymercedes.com.ar\/principal\/wp-content\/uploads\/2017\/05\/12-carcel-Feria-del-Libro-2.jpg\" alt=\"\" width=\"500\" height=\"300\" srcset=\"https:\/\/www.hoymercedes.com.ar\/principal\/wp-content\/uploads\/2017\/05\/12-carcel-Feria-del-Libro-2.jpg 500w, https:\/\/www.hoymercedes.com.ar\/principal\/wp-content\/uploads\/2017\/05\/12-carcel-Feria-del-Libro-2-150x90.jpg 150w\" sizes=\"auto, (max-width: 500px) 100vw, 500px\" \/><\/p>\n<p>La presidenta de la Biblioteca Argentina para ciegos,\u00a0Patricia Laudicina\u00a0explic\u00f3 que\u00a0\u201cse pusieron en contacto desde el Servicio Penitenciario Bonaerense para explicar que quer\u00edan mostrar el trabajo que se lleva adelante desde los talleres de Braille. A m\u00ed me gust\u00f3 la idea y ahora que nos encontramos estoy contenta porque se comprometieron a colaborar con nosotros, y a trav\u00e9s nuestro proveyendo de material a bibliotecas de todo el pa\u00eds\u201d.<\/p>\n<p>Por su parte,\u00a0Rita Canullo\u00a0quien es maestra de Braille en las unidades 24 y 32 de Florencio Varela destac\u00f3 que\u00a0\u201clas lecturas que los internos transcriben hacen que ellos reflexionen, piensen y debatan sobre diversos temas\u201d.<\/p>\n<p>En varias\u00a0 unidades penales, pertenecientes al Servicio Penitenciario Bonaerense se desarrollan actualmente talleres de Braille, y la c\u00e1rcel local, tiene un espacio desde hace dos a\u00f1os, donde trabajan un grupo de internos, traduciendo libros, ellos se han denominado \u201cPartes de la sodiedad\u201d, porque el fin es ayudar a las personas ciegas, que lo necesiten.<\/p>\n<p>Estos talleres \u00a0tienen como fin no s\u00f3lo otorgar a los internos una posible salida laboral, sino tambi\u00e9n explotar un lado solidario mediante el cual el Servicio Penitenciario Bonaerense colabora con instituciones y establecimientos educativos donde asisten personas no videntes. El material producido es muy diverso y abarca desde textos escolares hasta cl\u00e1sicos de la literatura y mapas.<\/p>\n<p>Estuvieron presentes en representaci\u00f3n del Servicio Penitenciario Bonaerense el Director General de Asistencia y Tratamiento,\u00a0Jos\u00e9 Castillos, la Jefa del Departamento Cultura,\u00a0Gabriela R\u00edos, y el Director de la Unidad 5 de Mercedes,\u00a0Ricardo M\u00e9ndez, entre otras autoridades e invitados.<\/p>\n<p>&nbsp;<\/p>\n<p>Fuente: Prensa Unidad 5<\/p>\n","protected":false},"excerpt":{"rendered":"<p>En el marco de la Feria de Libro de Buenos Aires, estuvieron presentes con las publicaciones realizadas en Mercedes, representantes &#8230; <a title=\"Los libros para ciegos de la Unidad 5 en la Feria Internacional\" class=\"read-more\" href=\"https:\/\/www.hoymercedes.com.ar\/principal\/2017\/05\/12\/los-libros-para-ciegos-de-la-unidad-5-en-la-feria-internacional\/\" aria-label=\"Leer m\u00e1s sobre Los libros para ciegos de la Unidad 5 en la Feria Internacional\">Leer m\u00e1s<\/a><\/p>\n","protected":false},"author":1,"featured_media":62676,"comment_status":"closed","ping_status":"open","sticky":false,"template":"","format":"standard","meta":{"_monsterinsights_skip_tracking":false,"_monsterinsights_sitenote_active":false,"_monsterinsights_sitenote_note":"","_monsterinsights_sitenote_category":0,"jetpack_post_was_ever_published":false,"_jetpack_newsletter_access":"","_jetpack_dont_email_post_to_subs":false,"_jetpack_newsletter_tier_id":0,"_jetpack_memberships_contains_paywalled_content":false,"_jetpack_memberships_contains_paid_content":false,"footnotes":"","jetpack_publicize_message":"","jetpack_publicize_feature_enabled":true,"jetpack_social_post_already_shared":true,"jetpack_social_options":{"image_generator_settings":{"template":"highway","default_image_id":0,"font":"","enabled":false},"version":2},"_wpas_customize_per_network":false},"categories":[104,8],"tags":[11108,1011,685,10,113],"class_list":["post-62675","post","type-post","status-publish","format-standard","has-post-thumbnail","hentry","category-cultura","category-sociedad","tag-biblioteca-para-ciegos","tag-carcel","tag-feria-del-libro","tag-mercedes","tag-unidad-5","generate-columns","tablet-grid-50","mobile-grid-100","grid-parent","grid-50"],"jetpack_publicize_connections":[],"jetpack_featured_media_url":"https:\/\/www.hoymercedes.com.ar\/principal\/wp-content\/uploads\/2017\/05\/12-carcel-Feria-del-Libro-2.jpg","wps_subtitle":"Presentaci\u00f3n de las ediciones","jetpack_sharing_enabled":true,"_links":{"self":[{"href":"https:\/\/www.hoymercedes.com.ar\/principal\/wp-json\/wp\/v2\/posts\/62675","targetHints":{"allow":["GET"]}}],"collection":[{"href":"https:\/\/www.hoymercedes.com.ar\/principal\/wp-json\/wp\/v2\/posts"}],"about":[{"href":"https:\/\/www.hoymercedes.com.ar\/principal\/wp-json\/wp\/v2\/types\/post"}],"author":[{"embeddable":true,"href":"https:\/\/www.hoymercedes.com.ar\/principal\/wp-json\/wp\/v2\/users\/1"}],"replies":[{"embeddable":true,"href":"https:\/\/www.hoymercedes.com.ar\/principal\/wp-json\/wp\/v2\/comments?post=62675"}],"version-history":[{"count":0,"href":"https:\/\/www.hoymercedes.com.ar\/principal\/wp-json\/wp\/v2\/posts\/62675\/revisions"}],"wp:featuredmedia":[{"embeddable":true,"href":"https:\/\/www.hoymercedes.com.ar\/principal\/wp-json\/wp\/v2\/media\/62676"}],"wp:attachment":[{"href":"https:\/\/www.hoymercedes.com.ar\/principal\/wp-json\/wp\/v2\/media?parent=62675"}],"wp:term":[{"taxonomy":"category","embeddable":true,"href":"https:\/\/www.hoymercedes.com.ar\/principal\/wp-json\/wp\/v2\/categories?post=62675"},{"taxonomy":"post_tag","embeddable":true,"href":"https:\/\/www.hoymercedes.com.ar\/principal\/wp-json\/wp\/v2\/tags?post=62675"}],"curies":[{"name":"wp","href":"https:\/\/api.w.org\/{rel}","templated":true}]}}