{"id":6273,"date":"2011-08-12T12:00:44","date_gmt":"2011-08-12T12:00:44","guid":{"rendered":"http:\/\/www.hoymercedes.com.ar\/principal\/?p=6273"},"modified":"2011-08-12T02:06:44","modified_gmt":"2011-08-12T02:06:44","slug":"todo-lo-que-hay-que-conocer-para-las-elecciones-del-domingo-proximo","status":"publish","type":"post","link":"https:\/\/www.hoymercedes.com.ar\/principal\/2011\/08\/12\/todo-lo-que-hay-que-conocer-para-las-elecciones-del-domingo-proximo\/","title":{"rendered":"Todo lo que hay que conocer para las elecciones del domingo pr\u00f3ximo"},"content":{"rendered":"<p>En este informe completamos los datos relacionados con la cantidad de electores, cantidad de mesas, ubicaci\u00f3n de las mismas de acuerdo a cada circuito electoral, entrega de certificados de escrutinios y designaci\u00f3n de las autoridades de mesas y participantes en nuestro Partido<\/p>\n<p>Para que todos puedan entender como se llevar\u00e1 a cabo este domingo las elecciones internas, simult\u00e1neas y obligatorias en nuestra ciudad presentamos este informe con datos de sumo inter\u00e9s que tienen que ver como ser\u00e1 el operativo Elecciones 2011 en Mercedes teniendo en cuenta que la Provincia de Buenos Aires es la \u00fanica en todo el pa\u00eds que adhiri\u00f3 al mismo sistema utilizado en el orden nacional, es decir id\u00e9ntico procedimiento, completando de esta manera el informe publicado hace algunos d\u00edas.<\/p>\n<h2><strong><span style=\"color: #000080;\">1.- Los electores<\/span><\/strong><\/h2>\n<p>Comenzamos diciendo que hay cosas que han sufrido cambios importantes con relaci\u00f3n a lo ocurrido en el acto electoral del 2009, en principio y ello es obvio, se ha modificado la cantidad de electores, en el 2009 fueron algo m\u00e1s de 45 mil los habilitados para sufragar y ahora son 49.181 de los cuales 254 son extranjeros que solo pueden elegir candidatos Intendente y Gobernador. Hay que desatacar que aquellos j\u00f3venes no incluidos en el padr\u00f3n que hayan cumplido 18 a\u00f1os desde el momento del cierre de los mismos hasta el domingo 14 inclusive podr\u00e1n votar incorpor\u00e1ndose en la mesa que le corresponde por la letra del apellido al padr\u00f3n que las autoridades tienen.<\/p>\n<h2><span style=\"color: #000080;\"><strong>2\u2014Circuitos: cantidad de mesas y votantes<\/strong><\/span><\/h2>\n<p>En nuestro Partido hay 11 circuitos y se utilizar\u00e1n 145 mesas receptoras de votos, m\u00e1s la de extranjeros que este a\u00f1o funcionar\u00e1 en la Escuela de Arte en calle 24 entre 19 y 21 en lugar de la Escuela 1 donde tradicionalmente funcionaba. La descripci\u00f3n de los lugares donde estar\u00e1n las mesas, circuitos, cantidades y cantidad de votantes es la siguiente:<\/p>\n<p>CIRCUITO 638 (Centro) 70 mesas. 24331 votantes<\/p>\n<p>CIRCUITO 639 (Sector N y O ) 14 mesas. 4870 electores<\/p>\n<p>CIRCUITO 640 (sector O y S) 21 mesas 7106 electores<\/p>\n<p>CIRCUITO 641 (Sector S) 6 mesas. 2080 electores<\/p>\n<p>CIRCUITO 642 (Sector E y N) 21 mesas 7107 electores<\/p>\n<p>CIRCUITO 643 (Gowland) 5 mesas. 1405 electores<\/p>\n<p>CIRCUITO 644 (Tomas Jofre) 3 mesas. 948 electores<\/p>\n<p>CIRCUITO 645 (Garcia) 1 mesa. 278 electores<\/p>\n<p>CIRCUITO 646 (San Jacinto) 2 mesas. 383 electores<\/p>\n<p>CIRCUITO 647 (La Florida) 1 mesa. 198 electores<\/p>\n<p>CIRCUITO 648 ( Goldney) 1 mesa 230 electores<\/p>\n<p>Otro detalle para destacar es que este a\u00f1o ya no habr\u00e1 mesas masculinas y femeninas por separadas, ahora ser\u00e1n mixtas y cada mesa cuenta con un padr\u00f3n de electores de 350 personas<\/p>\n<h2><span style=\"color: #000080;\"><strong>3.- Autoridades de Mesa y Entrega de certificados de escrutinio<\/strong><\/span><\/h2>\n<p>Al ser en esta oportunidad mesas mixtas ya no se convocar\u00e1 a hombres para presidir las masculinas y a mujeres por separado para hacerse cargo de las femeninas, por lo tanto cada mesa puede ser presidida de manera indistinta lo cual hace suponer que en esta oportunidad haya una nueva camada de autoridades que hasta ahora nunca hab\u00edan participado como presidentes de mesas. Como es habitual las designaciones las hacen desde la Junta Electoral y son comunicadas en el caso de nuestro Partido al responsable del Servicio Electoral de Correo Argentino.<\/p>\n<p>Este a\u00f1o son dos los certificados de escrutinio que se deber\u00e1n confeccionar, el correspondiente al orden nacional por las candidatura a Presidente, Senadores Nacionales y Diputados Nacionales; y el de la provincia de Buenos Aires por la elecci\u00f3n de Gobernador, Diputados Provinciales, Intendentes y Concejales, lo cual desde ya anticipa que los resultados oficiales se van a demorar mucho m\u00e1s de lo acostumbrado hasta el momento ya que es la primera vez que se aplica el sistema de doble certificaci\u00f3n.<\/p>\n<p>Por ser la del 14 una elecci\u00f3n interna, en aquellos partidos donde las mismas se hagan efectiva (en Mercedes hay un solo caso: el Frente Popular con Juan Carlos Ben\u00edtez y Silvio Etcheh\u00fan) en el certificado de escrutinio primero se debe consignar los votos de manera individual de cada lista y luego el total del partido o frente al que representan<\/p>\n<h2><span style=\"color: #000080;\"><strong>4.- Participantes en nuestro Distrito y piso de votos<\/strong><\/span><\/h2>\n<p>La nueva ley electoral obliga a los participantes en la interna abierta a obtener el 1,5% de los votos v\u00e1lidos en la elecci\u00f3n para poder participar el 23 de octubre. Cada cuerpo de boleta es independiente por lo cual se puede dar que en un partido o frente el candidato a intendente obtenga dic\u00f3 porcentaje pero no lo hagan los diputados provinciales por lo cual igual que habilitada la lista local para participar.<\/p>\n<p>Hasta el momento los partidos o frentes que participar\u00e1n en el Distrito Mercedes son:<\/p>\n<ol>\n<li>Frente para la Victoria (Carlos Selva)<\/li>\n<li>Nuevo Encuentro (Fab\u00edan Badano)<\/li>\n<li>Proyecto Sur (C\u00e9sar Lalla)<\/li>\n<li>Frente Amplio Progresista (Luis Colao)<\/li>\n<li>Frente Social de la Provincia de Buenos Aires (Juan Ignacio Ustarroz)<\/li>\n<li>Frente de Izquierda (Sergio Rezquin)<\/li>\n<li>Uni\u00f3n para el Desarrollo Social (Juan Manuel Torres)<\/li>\n<li>Coalici\u00f3n C\u00edvica-ARI (Jos\u00e9 Cestari)<\/li>\n<li>Frente Popular Mercedes A (Juan Carlos Ben\u00edtez)<\/li>\n<li>Frente Popular Mercedes B (Silvio Etcheh\u00fan)<\/li>\n<li>Compromiso Federal (Gabriel Alvarez)<\/li>\n<\/ol>\n<div><strong><a href=\"https:\/\/www.hoymercedes.com.ar\/principal\/e-2011\/\">Informe Especial primera parte<\/a><\/strong><\/div>\n","protected":false},"excerpt":{"rendered":"<p>En este informe completamos los datos relacionados con la cantidad de electores, cantidad de mesas, ubicaci\u00f3n de las mismas de &#8230; <a title=\"Todo lo que hay que conocer para las elecciones del domingo pr\u00f3ximo\" class=\"read-more\" href=\"https:\/\/www.hoymercedes.com.ar\/principal\/2011\/08\/12\/todo-lo-que-hay-que-conocer-para-las-elecciones-del-domingo-proximo\/\" aria-label=\"Leer m\u00e1s sobre Todo lo que hay que conocer para las elecciones del domingo pr\u00f3ximo\">Leer m\u00e1s<\/a><\/p>\n","protected":false},"author":1,"featured_media":0,"comment_status":"open","ping_status":"open","sticky":false,"template":"","format":"standard","meta":{"_monsterinsights_skip_tracking":false,"_monsterinsights_sitenote_active":false,"_monsterinsights_sitenote_note":"","_monsterinsights_sitenote_category":0,"jetpack_post_was_ever_published":false,"_jetpack_newsletter_access":"","_jetpack_dont_email_post_to_subs":false,"_jetpack_newsletter_tier_id":0,"_jetpack_memberships_contains_paywalled_content":false,"_jetpack_memberships_contains_paid_content":false,"footnotes":"","jetpack_publicize_message":"","jetpack_publicize_feature_enabled":true,"jetpack_social_post_already_shared":false,"jetpack_social_options":{"image_generator_settings":{"template":"highway","default_image_id":0,"font":"","enabled":false},"version":2},"_wpas_customize_per_network":false},"categories":[5],"tags":[957],"class_list":["post-6273","post","type-post","status-publish","format-standard","hentry","category-politica","tag-elecciones-2011-2","generate-columns","tablet-grid-50","mobile-grid-100","grid-parent","grid-50"],"jetpack_publicize_connections":[],"jetpack_featured_media_url":"","wps_subtitle":"","jetpack_sharing_enabled":true,"_links":{"self":[{"href":"https:\/\/www.hoymercedes.com.ar\/principal\/wp-json\/wp\/v2\/posts\/6273","targetHints":{"allow":["GET"]}}],"collection":[{"href":"https:\/\/www.hoymercedes.com.ar\/principal\/wp-json\/wp\/v2\/posts"}],"about":[{"href":"https:\/\/www.hoymercedes.com.ar\/principal\/wp-json\/wp\/v2\/types\/post"}],"author":[{"embeddable":true,"href":"https:\/\/www.hoymercedes.com.ar\/principal\/wp-json\/wp\/v2\/users\/1"}],"replies":[{"embeddable":true,"href":"https:\/\/www.hoymercedes.com.ar\/principal\/wp-json\/wp\/v2\/comments?post=6273"}],"version-history":[{"count":0,"href":"https:\/\/www.hoymercedes.com.ar\/principal\/wp-json\/wp\/v2\/posts\/6273\/revisions"}],"wp:attachment":[{"href":"https:\/\/www.hoymercedes.com.ar\/principal\/wp-json\/wp\/v2\/media?parent=6273"}],"wp:term":[{"taxonomy":"category","embeddable":true,"href":"https:\/\/www.hoymercedes.com.ar\/principal\/wp-json\/wp\/v2\/categories?post=6273"},{"taxonomy":"post_tag","embeddable":true,"href":"https:\/\/www.hoymercedes.com.ar\/principal\/wp-json\/wp\/v2\/tags?post=6273"}],"curies":[{"name":"wp","href":"https:\/\/api.w.org\/{rel}","templated":true}]}}