{"id":62746,"date":"2017-05-15T12:59:54","date_gmt":"2017-05-15T15:59:54","guid":{"rendered":"http:\/\/www.hoymercedes.com.ar\/principal\/?p=62746"},"modified":"2017-05-15T10:09:00","modified_gmt":"2017-05-15T13:09:00","slug":"mrc-y-municipio-llenaron-la-trocha-en-una-nueva-cena-solidaria","status":"publish","type":"post","link":"https:\/\/www.hoymercedes.com.ar\/principal\/2017\/05\/15\/mrc-y-municipio-llenaron-la-trocha-en-una-nueva-cena-solidaria\/","title":{"rendered":"MRC y Municipio llenaron La Trocha en una nueva cena solidaria"},"content":{"rendered":"<p class=\"x_MsoNormal\"><strong><em>Una vez m\u00e1s la solidaridad se hizo presente en el espacio del Complejo Cultural La Trocha. Durante la noche del s\u00e1bado una gran cantidad de mercedinos se dieron cita para ser parte de la cena solidaria a beneficio del Mercedes Rugby Club cuyo presidente es Jos\u00e9 Fern\u00e1ndez Dolce. Cerca de 400 mercedinos dijeron presente.<\/em><\/strong><\/p>\n<p class=\"x_MsoNormal\"><img loading=\"lazy\" decoding=\"async\" data-attachment-id=\"62747\" data-permalink=\"https:\/\/www.hoymercedes.com.ar\/principal\/2017\/05\/15\/mrc-y-municipio-llenaron-la-trocha-en-una-nueva-cena-solidaria\/dsc_0744\/#main\" data-orig-file=\"https:\/\/www.hoymercedes.com.ar\/principal\/wp-content\/uploads\/2017\/05\/DSC_0744.jpg\" data-orig-size=\"886,589\" data-comments-opened=\"0\" data-image-meta=\"{&quot;aperture&quot;:&quot;0&quot;,&quot;credit&quot;:&quot;&quot;,&quot;camera&quot;:&quot;&quot;,&quot;caption&quot;:&quot;&quot;,&quot;created_timestamp&quot;:&quot;0&quot;,&quot;copyright&quot;:&quot;&quot;,&quot;focal_length&quot;:&quot;0&quot;,&quot;iso&quot;:&quot;0&quot;,&quot;shutter_speed&quot;:&quot;0&quot;,&quot;title&quot;:&quot;&quot;,&quot;orientation&quot;:&quot;0&quot;}\" data-image-title=\"DSC_0744\" data-image-description=\"\" data-image-caption=\"\" data-large-file=\"https:\/\/www.hoymercedes.com.ar\/principal\/wp-content\/uploads\/2017\/05\/DSC_0744.jpg\" class=\"aligncenter size-medium wp-image-62747\" src=\"https:\/\/www.hoymercedes.com.ar\/principal\/wp-content\/uploads\/2017\/05\/DSC_0744-630x419.jpg\" alt=\"\" width=\"630\" height=\"419\" srcset=\"https:\/\/www.hoymercedes.com.ar\/principal\/wp-content\/uploads\/2017\/05\/DSC_0744-630x419.jpg 630w, https:\/\/www.hoymercedes.com.ar\/principal\/wp-content\/uploads\/2017\/05\/DSC_0744-150x100.jpg 150w, https:\/\/www.hoymercedes.com.ar\/principal\/wp-content\/uploads\/2017\/05\/DSC_0744-300x200.jpg 300w, https:\/\/www.hoymercedes.com.ar\/principal\/wp-content\/uploads\/2017\/05\/DSC_0744.jpg 886w\" sizes=\"auto, (max-width: 630px) 100vw, 630px\" \/><\/p>\n<p class=\"x_MsoNormal\">\u201cEs una cena a beneficio para terminar obras de infraestructura en el club, canchas, distintos espacios, destacando que lo primordial ser\u00e1 pagar el riego que est\u00e1 instalado y funcionando, pero, a\u00fan se debe abonar\u201d comentaron desde la instituci\u00f3n. Tambi\u00e9n se adecuaron las canchas para poder<\/p>\n<p class=\"x_MsoNormal\">Para el intendente Ustarroz es una \u201cmanera de trabajar y crecer juntos. El municipio acompa\u00f1a en aquello que por s\u00ed s\u00f3lo no podr\u00eda aportar y que a la instituci\u00f3n, tambi\u00e9n en soledad, lo vivir\u00eda muy cuesta arriba. Es por ello que desde nuestra Direcci\u00f3n de Deportes trabajamos hace tiempo con una modalidad de realizaci\u00f3n de cenas solidarias en conjunto.\u201d.<\/p>\n<p class=\"x_MsoNormal\">En la fiesta se record\u00f3 que durante el a\u00f1o pasado se logr\u00f3 inaugurar las nuevas edificaciones realizadas gracias a los subsidios obtenidos por las gestiones del Diputado Eduardo de Pedro. Algo que fue fundamental para el desarrollo del club y los excelentes resultados que en 2016 obtuvo y que est\u00e1n en pleno proceso para sostener en el actual.<\/p>\n<p class=\"x_MsoNormal\">Por su parte el Director de Deportes coment\u00f3 que \u201ces una noche, como la que vivimos el viernes en el CEF, que nos permite mostrar lo mejor de nosotros, el lado solidario, el comprometido, donde cada mercedino, con un peque\u00f1o aporte, contribuye a construir mejores instituciones deportivas donde todos sabemos el enorme valor que eso tiene en nuestra sociedad\u201d para remarcar que \u201ces una instituci\u00f3n que tiene m\u00e1s de 500 jugadores en los dos deportes que se practican en el club, como es el hockey y el rugby\u201d destac\u00f3 Mart\u00edn Silvestre.<\/p>\n<p class=\"x_MsoNormal\">La noche del s\u00e1bado se convirti\u00f3 en un gran encuentro, una manifestaci\u00f3n de solidaridad y compromiso por parte de los mercedinos, en La Trocha.<\/p>\n<div><\/div>\n","protected":false},"excerpt":{"rendered":"<p>Una vez m\u00e1s la solidaridad se hizo presente en el espacio del Complejo Cultural La Trocha. Durante la noche del &#8230; <a title=\"MRC y Municipio llenaron La Trocha en una nueva cena solidaria\" class=\"read-more\" href=\"https:\/\/www.hoymercedes.com.ar\/principal\/2017\/05\/15\/mrc-y-municipio-llenaron-la-trocha-en-una-nueva-cena-solidaria\/\" aria-label=\"Leer m\u00e1s sobre MRC y Municipio llenaron La Trocha en una nueva cena solidaria\">Leer m\u00e1s<\/a><\/p>\n","protected":false},"author":1,"featured_media":62747,"comment_status":"closed","ping_status":"open","sticky":false,"template":"","format":"standard","meta":{"_monsterinsights_skip_tracking":false,"_monsterinsights_sitenote_active":false,"_monsterinsights_sitenote_note":"","_monsterinsights_sitenote_category":0,"jetpack_post_was_ever_published":false,"_jetpack_newsletter_access":"","_jetpack_dont_email_post_to_subs":false,"_jetpack_newsletter_tier_id":0,"_jetpack_memberships_contains_paywalled_content":false,"_jetpack_memberships_contains_paid_content":false,"footnotes":"","jetpack_publicize_message":"","jetpack_publicize_feature_enabled":true,"jetpack_social_post_already_shared":true,"jetpack_social_options":{"image_generator_settings":{"template":"highway","default_image_id":0,"font":"","enabled":false},"version":2},"_wpas_customize_per_network":false},"categories":[21],"tags":[9397,204,10,9098,7169],"class_list":["post-62746","post","type-post","status-publish","format-standard","has-post-thumbnail","hentry","category-deportes","tag-cena-solidaria","tag-deportes-2","tag-mercedes","tag-mrc","tag-rugby","generate-columns","tablet-grid-50","mobile-grid-100","grid-parent","grid-50"],"jetpack_publicize_connections":[],"jetpack_featured_media_url":"https:\/\/www.hoymercedes.com.ar\/principal\/wp-content\/uploads\/2017\/05\/DSC_0744.jpg","wps_subtitle":"Rugby","jetpack_sharing_enabled":true,"_links":{"self":[{"href":"https:\/\/www.hoymercedes.com.ar\/principal\/wp-json\/wp\/v2\/posts\/62746","targetHints":{"allow":["GET"]}}],"collection":[{"href":"https:\/\/www.hoymercedes.com.ar\/principal\/wp-json\/wp\/v2\/posts"}],"about":[{"href":"https:\/\/www.hoymercedes.com.ar\/principal\/wp-json\/wp\/v2\/types\/post"}],"author":[{"embeddable":true,"href":"https:\/\/www.hoymercedes.com.ar\/principal\/wp-json\/wp\/v2\/users\/1"}],"replies":[{"embeddable":true,"href":"https:\/\/www.hoymercedes.com.ar\/principal\/wp-json\/wp\/v2\/comments?post=62746"}],"version-history":[{"count":0,"href":"https:\/\/www.hoymercedes.com.ar\/principal\/wp-json\/wp\/v2\/posts\/62746\/revisions"}],"wp:featuredmedia":[{"embeddable":true,"href":"https:\/\/www.hoymercedes.com.ar\/principal\/wp-json\/wp\/v2\/media\/62747"}],"wp:attachment":[{"href":"https:\/\/www.hoymercedes.com.ar\/principal\/wp-json\/wp\/v2\/media?parent=62746"}],"wp:term":[{"taxonomy":"category","embeddable":true,"href":"https:\/\/www.hoymercedes.com.ar\/principal\/wp-json\/wp\/v2\/categories?post=62746"},{"taxonomy":"post_tag","embeddable":true,"href":"https:\/\/www.hoymercedes.com.ar\/principal\/wp-json\/wp\/v2\/tags?post=62746"}],"curies":[{"name":"wp","href":"https:\/\/api.w.org\/{rel}","templated":true}]}}