{"id":62815,"date":"2017-05-18T12:48:10","date_gmt":"2017-05-18T15:48:10","guid":{"rendered":"http:\/\/www.hoymercedes.com.ar\/principal\/?p=62815"},"modified":"2017-05-16T21:12:45","modified_gmt":"2017-05-17T00:12:45","slug":"club-mercedes-elegira-presidente-el-28-de-mayo","status":"publish","type":"post","link":"https:\/\/www.hoymercedes.com.ar\/principal\/2017\/05\/18\/club-mercedes-elegira-presidente-el-28-de-mayo\/","title":{"rendered":"Club Mercedes elegir\u00e1 presidente el 28 de mayo"},"content":{"rendered":"<p class=\"Estilo25\"><strong><em>El mandato de Carlos Cancela como presidente de Club Mercedes llega a su fin y el pr\u00f3ximo 28 de mayo se realizar\u00e1 una Asamblea General Ordinaria en la que se elegir\u00e1 el nuevo mandatario por los pr\u00f3ximos dos a\u00f1os. De acuerdo a lo que pudo averiguar Hoy Mercedes, son tres las listas que podr\u00edan llegar a presentarse, sin embargo, todo se sabr\u00e1 el viernes, cuando se cierre el per\u00edodo de presentaci\u00f3n de las mismas.<\/em><\/strong><\/p>\n<p class=\"Estilo25\"><img loading=\"lazy\" decoding=\"async\" data-attachment-id=\"62817\" data-permalink=\"https:\/\/www.hoymercedes.com.ar\/principal\/2017\/05\/18\/club-mercedes-elegira-presidente-el-28-de-mayo\/whatsapp-image-2017-04-16-at-19-25-14\/#main\" data-orig-file=\"https:\/\/www.hoymercedes.com.ar\/principal\/wp-content\/uploads\/2017\/05\/WhatsApp-Image-2017-04-16-at-19.25.14.jpeg\" data-orig-size=\"1280,719\" data-comments-opened=\"0\" data-image-meta=\"{&quot;aperture&quot;:&quot;0&quot;,&quot;credit&quot;:&quot;&quot;,&quot;camera&quot;:&quot;&quot;,&quot;caption&quot;:&quot;&quot;,&quot;created_timestamp&quot;:&quot;0&quot;,&quot;copyright&quot;:&quot;&quot;,&quot;focal_length&quot;:&quot;0&quot;,&quot;iso&quot;:&quot;0&quot;,&quot;shutter_speed&quot;:&quot;0&quot;,&quot;title&quot;:&quot;&quot;,&quot;orientation&quot;:&quot;0&quot;}\" data-image-title=\"WhatsApp Image 2017-04-16 at 19.25.14\" data-image-description=\"\" data-image-caption=\"\" data-large-file=\"https:\/\/www.hoymercedes.com.ar\/principal\/wp-content\/uploads\/2017\/05\/WhatsApp-Image-2017-04-16-at-19.25.14-1024x575.jpeg\" class=\"aligncenter size-medium wp-image-62817\" src=\"https:\/\/www.hoymercedes.com.ar\/principal\/wp-content\/uploads\/2017\/05\/WhatsApp-Image-2017-04-16-at-19.25.14-630x354.jpeg\" alt=\"\" width=\"630\" height=\"354\" srcset=\"https:\/\/www.hoymercedes.com.ar\/principal\/wp-content\/uploads\/2017\/05\/WhatsApp-Image-2017-04-16-at-19.25.14-630x354.jpeg 630w, https:\/\/www.hoymercedes.com.ar\/principal\/wp-content\/uploads\/2017\/05\/WhatsApp-Image-2017-04-16-at-19.25.14-150x84.jpeg 150w, https:\/\/www.hoymercedes.com.ar\/principal\/wp-content\/uploads\/2017\/05\/WhatsApp-Image-2017-04-16-at-19.25.14-1024x575.jpeg 1024w, https:\/\/www.hoymercedes.com.ar\/principal\/wp-content\/uploads\/2017\/05\/WhatsApp-Image-2017-04-16-at-19.25.14.jpeg 1280w\" sizes=\"auto, (max-width: 630px) 100vw, 630px\" \/><\/p>\n<p class=\"Estilo25\"><strong><em>CONVOCATORIA A ASAMBLEA GENERAL ORDINARIA<\/em><\/strong><\/p>\n<p><em>Dando cumplimiento lo dispuesto por el art. N\u00ba 70 de los estatutos del Club Mercedes, convocase a los socios y socias de la instituci\u00f3n, a ASAMBLEA GENERAL ORDINARIA, la que tendr\u00e1 lugar en la Sede Social, ubicada en calle 29 n\u00ba 457, esq. 20 de la ciudad de Mercedes, el d\u00eda 28 de Mayo del a\u00f1o 2017, a las 10:00 horas a los efectos de considerar el siguiente:<\/em><\/p>\n<p><em>ORDEN DEL DIA<\/em><\/p>\n<p><em>1. Designaci\u00f3n de dos asociados para firmar el acta de la Asamblea con el Presidente y el Secretario.<\/em><\/p>\n<p><em>2. Lectura y consideraci\u00f3n de la memoria y balance correspondiente al ejercicio fenecido el 31-12-2015<\/em><\/p>\n<p><em>3. Lectura y consideraci\u00f3n de la memoria y balance correspondiente al ejercicio fenecido el 31-12-2016<\/em><\/p>\n<p><em>4. Renovaci\u00f3n total de la Honorable Comisi\u00f3n Directiva, para cubrir los siguientes cargos a saber:<br \/>\nUN (1) PRESIDENTE: por terminaci\u00f3n de mandato por dos (2) a\u00f1os.<br \/>\nUN (1) VICEPRESIDENTE: por terminaci\u00f3n de mandato por dos (2) a\u00f1os.<br \/>\nUN (1) SECRETARIO: por terminaci\u00f3n de mandato por dos (2) a\u00f1os.<br \/>\nUN (1) PROSECRETARIO: por terminaci\u00f3n de mandato por un (1) a\u00f1o.<br \/>\nUN (1) TESORERO: por terminaci\u00f3n de mandato por dos (2) a\u00f1os.<br \/>\nUN (1) PROTESORERO: por terminaci\u00f3n de mandato por un (1) a\u00f1o<br \/>\nUN (1) VOCAL TITULAR 1\u00ba: por terminaci\u00f3n de mandato por dos (2) a\u00f1os.<br \/>\nUN (1) VOCAL TITULAR 2\u00ba: por terminaci\u00f3n de mandato por un (1) a\u00f1o.<br \/>\nUN (1) VOCAL TITULAR 3\u00ba: por terminaci\u00f3n de mandato por un (1) a\u00f1o.<br \/>\nUN (1) VOCAL SUPLENTE 1\u00ba: por terminaci\u00f3n de mandato por un (1) a\u00f1o.<br \/>\nUN (1) VOCAL SUPLENTE 2\u00ba: por terminaci\u00f3n de mandato por un (1) a\u00f1o.<br \/>\nUN (1) VOCAL SUPLENTE 3\u00ba: por terminaci\u00f3n de mandato por un (1) a\u00f1o.<br \/>\nUN (1) REVISOR DE CUENTAS TITULAR: por terminaci\u00f3n de mandato por un (1) a\u00f1o.<br \/>\nUN (1) REVISOR DE CUENTAS TITULAR: por terminaci\u00f3n de mandato por un (1) a\u00f1o.<br \/>\nUN (1) REVISOR DE CUENTAS TITULAR: por terminaci\u00f3n de mandato por un (1) a\u00f1o.<br \/>\nUN (1) REVISOR DE CUENTAS SUPLENTE: por renuncia por un (1) a\u00f1o.<br \/>\nUN (1) REVISOR DE CUENTAS SUPLENTE: por terminaci\u00f3n de mandato por un (1) a\u00f1o.<\/em><\/p>\n<p><em>5. Autorizaci\u00f3n para fijar la cuota Social en el t\u00e9rmino de 12 meses a partir de la fecha de la Asamblea.<\/em><\/p>\n<p><em>ART\u00cdCULO 41- Para ser miembro de la Comisi\u00f3n Directiva se requiere: a) Ser mayor de edad. b) Estar domiciliado en la localidad. c) Tener como m\u00ednimo una antig\u00fcedad de tres (3) a\u00f1os como Socio Activo o ser Socio Vitalicio d) Hallarse al d\u00eda en tesorer\u00eda y no encontrarse purgando sanci\u00f3n disciplinaria.<\/em><\/p>\n<p><em>ART\u00cdCULO 42- Las listas deber\u00e1n ser presentadas en forma impresa ante la COMISI\u00d3N DIRECTIVA, con una anticipaci\u00f3n no menor de siete (7) d\u00edas a la fecha designada para la Asamblea. ( 19\/05\/2017 , 19 hs )<\/em><\/p>\n<p><em>ART\u00cdCULO 66- Las asambleas se constituir\u00e1n en primera convocatoria con la presencia como m\u00ednimo de la mitad m\u00e1s uno de los socios con derecho a voto, y media hora mas tarde en segunda convocatoria, con un n\u00famero no inferior al de los miembros titulares de la COMISI\u00d3N DIRECTIVA.<\/em><\/p>\n<p><em>ART\u00cdCULO 68- El acceso al recinto donde se realice Asamblea, ser\u00e1 permitido previa presentaci\u00f3n del carnet y recibo correspondiente al mes anterior en la que la misma se realice, y comprobaci\u00f3n por Secretar\u00eda que el asociado se halle incluido en el padr\u00f3n, a cuyos efectos se fijar\u00e1 en lugar visible del Club Mercedes, cinco (5) d\u00edas antes del se\u00f1alado para la Asamblea, una lista alfab\u00e9tica de los socios que pueden tomar parte de ella.<\/em><\/p>\n<p>&nbsp;<\/p>\n<p align=\"center\"><em>\u200bGuido Pisoni\u00a0\u00a0\u00a0\u00a0\u00a0\u00a0\u00a0\u00a0 \u00a0\u00a0\u00a0\u00a0 \u00a0\u00a0\u00a0\u00a0\u00a0\u00a0 Carlos Cancela<br \/>\nSecretario \u00a0\u00a0\u00a0\u00a0\u00a0\u00a0\u00a0\u00a0\u00a0\u00a0\u00a0\u00a0\u00a0\u00a0\u00a0\u00a0\u00a0\u00a0\u00a0\u00a0\u00a0\u00a0\u00a0\u00a0\u00a0 Presidente<\/em><\/p>\n","protected":false},"excerpt":{"rendered":"<p>El mandato de Carlos Cancela como presidente de Club Mercedes llega a su fin y el pr\u00f3ximo 28 de mayo &#8230; <a title=\"Club Mercedes elegir\u00e1 presidente el 28 de mayo\" class=\"read-more\" href=\"https:\/\/www.hoymercedes.com.ar\/principal\/2017\/05\/18\/club-mercedes-elegira-presidente-el-28-de-mayo\/\" aria-label=\"Leer m\u00e1s sobre Club Mercedes elegir\u00e1 presidente el 28 de mayo\">Leer m\u00e1s<\/a><\/p>\n","protected":false},"author":1,"featured_media":62817,"comment_status":"closed","ping_status":"open","sticky":false,"template":"","format":"standard","meta":{"_monsterinsights_skip_tracking":false,"_monsterinsights_sitenote_active":false,"_monsterinsights_sitenote_note":"","_monsterinsights_sitenote_category":0,"jetpack_post_was_ever_published":false,"_jetpack_newsletter_access":"","_jetpack_dont_email_post_to_subs":false,"_jetpack_newsletter_tier_id":0,"_jetpack_memberships_contains_paywalled_content":false,"_jetpack_memberships_contains_paid_content":false,"footnotes":"","jetpack_publicize_message":"","jetpack_publicize_feature_enabled":true,"jetpack_social_post_already_shared":true,"jetpack_social_options":{"image_generator_settings":{"template":"highway","default_image_id":0,"font":"","enabled":false},"version":2},"_wpas_customize_per_network":false},"categories":[21],"tags":[122,204,11140,10],"class_list":["post-62815","post","type-post","status-publish","format-standard","has-post-thumbnail","hentry","category-deportes","tag-club-mercedes","tag-deportes-2","tag-eleccion-institucional","tag-mercedes","generate-columns","tablet-grid-50","mobile-grid-100","grid-parent","grid-50"],"jetpack_publicize_connections":[],"jetpack_featured_media_url":"https:\/\/www.hoymercedes.com.ar\/principal\/wp-content\/uploads\/2017\/05\/WhatsApp-Image-2017-04-16-at-19.25.14.jpeg","wps_subtitle":"Elecciones en la instituci\u00f3n","jetpack_sharing_enabled":true,"_links":{"self":[{"href":"https:\/\/www.hoymercedes.com.ar\/principal\/wp-json\/wp\/v2\/posts\/62815","targetHints":{"allow":["GET"]}}],"collection":[{"href":"https:\/\/www.hoymercedes.com.ar\/principal\/wp-json\/wp\/v2\/posts"}],"about":[{"href":"https:\/\/www.hoymercedes.com.ar\/principal\/wp-json\/wp\/v2\/types\/post"}],"author":[{"embeddable":true,"href":"https:\/\/www.hoymercedes.com.ar\/principal\/wp-json\/wp\/v2\/users\/1"}],"replies":[{"embeddable":true,"href":"https:\/\/www.hoymercedes.com.ar\/principal\/wp-json\/wp\/v2\/comments?post=62815"}],"version-history":[{"count":0,"href":"https:\/\/www.hoymercedes.com.ar\/principal\/wp-json\/wp\/v2\/posts\/62815\/revisions"}],"wp:featuredmedia":[{"embeddable":true,"href":"https:\/\/www.hoymercedes.com.ar\/principal\/wp-json\/wp\/v2\/media\/62817"}],"wp:attachment":[{"href":"https:\/\/www.hoymercedes.com.ar\/principal\/wp-json\/wp\/v2\/media?parent=62815"}],"wp:term":[{"taxonomy":"category","embeddable":true,"href":"https:\/\/www.hoymercedes.com.ar\/principal\/wp-json\/wp\/v2\/categories?post=62815"},{"taxonomy":"post_tag","embeddable":true,"href":"https:\/\/www.hoymercedes.com.ar\/principal\/wp-json\/wp\/v2\/tags?post=62815"}],"curies":[{"name":"wp","href":"https:\/\/api.w.org\/{rel}","templated":true}]}}