{"id":62845,"date":"2017-05-17T07:18:00","date_gmt":"2017-05-17T10:18:00","guid":{"rendered":"http:\/\/www.hoymercedes.com.ar\/principal\/?p=62845"},"modified":"2017-05-17T09:20:01","modified_gmt":"2017-05-17T12:20:01","slug":"policia-comunal-desbarata-banda-que-realizaba-el-cuento-del-tio","status":"publish","type":"post","link":"https:\/\/www.hoymercedes.com.ar\/principal\/2017\/05\/17\/policia-comunal-desbarata-banda-que-realizaba-el-cuento-del-tio\/","title":{"rendered":"Polic\u00eda Comunal desbarata banda que realizaba el cuento del t\u00edo"},"content":{"rendered":"<figure id=\"attachment_62846\" aria-describedby=\"caption-attachment-62846\" style=\"width: 620px\" class=\"wp-caption aligncenter\"><img loading=\"lazy\" decoding=\"async\" data-attachment-id=\"62846\" data-permalink=\"https:\/\/www.hoymercedes.com.ar\/principal\/2017\/05\/17\/policia-comunal-desbarata-banda-que-realizaba-el-cuento-del-tio\/sergiomacedo\/#main\" data-orig-file=\"https:\/\/www.hoymercedes.com.ar\/principal\/wp-content\/uploads\/2017\/05\/SergioMacedo.jpg\" data-orig-size=\"630,698\" data-comments-opened=\"0\" data-image-meta=\"{&quot;aperture&quot;:&quot;0&quot;,&quot;credit&quot;:&quot;&quot;,&quot;camera&quot;:&quot;&quot;,&quot;caption&quot;:&quot;&quot;,&quot;created_timestamp&quot;:&quot;0&quot;,&quot;copyright&quot;:&quot;&quot;,&quot;focal_length&quot;:&quot;0&quot;,&quot;iso&quot;:&quot;0&quot;,&quot;shutter_speed&quot;:&quot;0&quot;,&quot;title&quot;:&quot;&quot;,&quot;orientation&quot;:&quot;0&quot;}\" data-image-title=\"SergioMacedo\" data-image-description=\"\" data-image-caption=\"\" data-large-file=\"https:\/\/www.hoymercedes.com.ar\/principal\/wp-content\/uploads\/2017\/05\/SergioMacedo.jpg\" class=\"wp-image-62846 size-full\" src=\"https:\/\/www.hoymercedes.com.ar\/principal\/wp-content\/uploads\/2017\/05\/SergioMacedo.jpg\" alt=\"\" width=\"630\" height=\"698\" srcset=\"https:\/\/www.hoymercedes.com.ar\/principal\/wp-content\/uploads\/2017\/05\/SergioMacedo.jpg 630w, https:\/\/www.hoymercedes.com.ar\/principal\/wp-content\/uploads\/2017\/05\/SergioMacedo-135x150.jpg 135w, https:\/\/www.hoymercedes.com.ar\/principal\/wp-content\/uploads\/2017\/05\/SergioMacedo-560x620.jpg 560w\" sizes=\"auto, (max-width: 630px) 100vw, 630px\" \/><figcaption id=\"caption-attachment-62846\" class=\"wp-caption-text\">Comisario Sergio Macedo<\/figcaption><\/figure>\n<p>Durante la jornada de este martes la Polic\u00eda Comunal volvi\u00f3 a dar un golpe al delito. En este caso con la detenci\u00f3n de tres personas oriundas de Luj\u00e1n que estaban en Mercedes con la intenci\u00f3n de concretar estafas bajo la modalidad de \u201cCuento del T\u00edo\u201d. Los uniformados dirigidos por el Comisario Sergio Macedo lograron de esta manera esclarecer dos hechos y poner tras las rejas a los delincuentes.<\/p>\n<p>Con el fuerte accionar policial lograron cerrar dos casos de \u201ccuento del t\u00edo\u201d que se hab\u00edan realizado a mercedinas, ambas adultos mayores de 79 y 80 a\u00f1os, siendo la franja social a la que apuntan los delincuentes.<\/p>\n<p>En esta ocasi\u00f3n los ahora detenidos intentaron estafar a una mujer que ante la sospecha de aviso al 911. Desde dicha l\u00ednea la polic\u00eda inicia un camino de asesoramiento y luego se aposta en el lugar para poder detenerlos. Nuevamente hicieron el intento de estaba con la excusa de que se trataban de empleados bancarios. Al llegar a la vivienda uno de los estafadores baja del veh\u00edculo en el cual se movilizaba, pero, sospechan de algo raro y de dan a la fuga.<\/p>\n<p>R\u00e1pidamente la polic\u00eda procede a efectuar un operativo cerrojo que permiti\u00f3 detener a los delincuentes. Son tres masculinos oriundos de Luj\u00e1n.<\/p>\n<p>De esta manera la Policial Comunal a cargo de Sergio Macedo vuelve a dar un golpe contra el delito y gracias a una fuerte prevenci\u00f3n que desde hace meses vienen realizando. No es la primera vez que en Mercedes logran desbaratar una banda que viniendo de otra localidad busca efectuar estafa.<\/p>\n<p>Act\u00faa la UFI N\u00b02<\/p>\n","protected":false},"excerpt":{"rendered":"<p>Durante la jornada de este martes la Polic\u00eda Comunal volvi\u00f3 a dar un golpe al delito. En este caso con &#8230; <a title=\"Polic\u00eda Comunal desbarata banda que realizaba el cuento del t\u00edo\" class=\"read-more\" href=\"https:\/\/www.hoymercedes.com.ar\/principal\/2017\/05\/17\/policia-comunal-desbarata-banda-que-realizaba-el-cuento-del-tio\/\" aria-label=\"Leer m\u00e1s sobre Polic\u00eda Comunal desbarata banda que realizaba el cuento del t\u00edo\">Leer m\u00e1s<\/a><\/p>\n","protected":false},"author":1,"featured_media":62846,"comment_status":"closed","ping_status":"open","sticky":false,"template":"","format":"standard","meta":{"_monsterinsights_skip_tracking":false,"_monsterinsights_sitenote_active":false,"_monsterinsights_sitenote_note":"","_monsterinsights_sitenote_category":0,"jetpack_post_was_ever_published":false,"_jetpack_newsletter_access":"","_jetpack_dont_email_post_to_subs":false,"_jetpack_newsletter_tier_id":0,"_jetpack_memberships_contains_paywalled_content":false,"_jetpack_memberships_contains_paid_content":false,"footnotes":"","jetpack_publicize_message":"","jetpack_publicize_feature_enabled":true,"jetpack_social_post_already_shared":true,"jetpack_social_options":{"image_generator_settings":{"template":"highway","default_image_id":0,"font":"","enabled":false},"version":2},"_wpas_customize_per_network":false},"categories":[85],"tags":[11144,10,5766,864],"class_list":["post-62845","post","type-post","status-publish","format-standard","has-post-thumbnail","hentry","category-policial","tag-comisario-sergio-macedo","tag-mercedes","tag-policia-comunal","tag-seguridad-mercedes","generate-columns","tablet-grid-50","mobile-grid-100","grid-parent","grid-50"],"jetpack_publicize_connections":[],"jetpack_featured_media_url":"https:\/\/www.hoymercedes.com.ar\/principal\/wp-content\/uploads\/2017\/05\/SergioMacedo.jpg","wps_subtitle":"Golpe al delito","jetpack_sharing_enabled":true,"_links":{"self":[{"href":"https:\/\/www.hoymercedes.com.ar\/principal\/wp-json\/wp\/v2\/posts\/62845","targetHints":{"allow":["GET"]}}],"collection":[{"href":"https:\/\/www.hoymercedes.com.ar\/principal\/wp-json\/wp\/v2\/posts"}],"about":[{"href":"https:\/\/www.hoymercedes.com.ar\/principal\/wp-json\/wp\/v2\/types\/post"}],"author":[{"embeddable":true,"href":"https:\/\/www.hoymercedes.com.ar\/principal\/wp-json\/wp\/v2\/users\/1"}],"replies":[{"embeddable":true,"href":"https:\/\/www.hoymercedes.com.ar\/principal\/wp-json\/wp\/v2\/comments?post=62845"}],"version-history":[{"count":0,"href":"https:\/\/www.hoymercedes.com.ar\/principal\/wp-json\/wp\/v2\/posts\/62845\/revisions"}],"wp:featuredmedia":[{"embeddable":true,"href":"https:\/\/www.hoymercedes.com.ar\/principal\/wp-json\/wp\/v2\/media\/62846"}],"wp:attachment":[{"href":"https:\/\/www.hoymercedes.com.ar\/principal\/wp-json\/wp\/v2\/media?parent=62845"}],"wp:term":[{"taxonomy":"category","embeddable":true,"href":"https:\/\/www.hoymercedes.com.ar\/principal\/wp-json\/wp\/v2\/categories?post=62845"},{"taxonomy":"post_tag","embeddable":true,"href":"https:\/\/www.hoymercedes.com.ar\/principal\/wp-json\/wp\/v2\/tags?post=62845"}],"curies":[{"name":"wp","href":"https:\/\/api.w.org\/{rel}","templated":true}]}}