{"id":62857,"date":"2017-05-17T19:34:56","date_gmt":"2017-05-17T22:34:56","guid":{"rendered":"http:\/\/www.hoymercedes.com.ar\/principal\/?p=62857"},"modified":"2017-05-17T19:34:56","modified_gmt":"2017-05-17T22:34:56","slug":"campana-de-vacunacion-a-cargo-del-municipio-continua-con-fuerte-presencia-barrial","status":"publish","type":"post","link":"https:\/\/www.hoymercedes.com.ar\/principal\/2017\/05\/17\/campana-de-vacunacion-a-cargo-del-municipio-continua-con-fuerte-presencia-barrial\/","title":{"rendered":"Campa\u00f1a de Vacunaci\u00f3n a cargo del Municipio contin\u00faa con fuerte presencia barrial"},"content":{"rendered":"<p><img loading=\"lazy\" decoding=\"async\" data-attachment-id=\"62858\" data-permalink=\"https:\/\/www.hoymercedes.com.ar\/principal\/2017\/05\/17\/campana-de-vacunacion-a-cargo-del-municipio-continua-con-fuerte-presencia-barrial\/campana-vacuna008\/#main\" data-orig-file=\"https:\/\/www.hoymercedes.com.ar\/principal\/wp-content\/uploads\/2017\/05\/campa\u00f1a-vacuna008.jpg\" data-orig-size=\"630,354\" data-comments-opened=\"0\" data-image-meta=\"{&quot;aperture&quot;:&quot;5&quot;,&quot;credit&quot;:&quot;&quot;,&quot;camera&quot;:&quot;Canon EOS 60D&quot;,&quot;caption&quot;:&quot;&quot;,&quot;created_timestamp&quot;:&quot;1495024178&quot;,&quot;copyright&quot;:&quot;&quot;,&quot;focal_length&quot;:&quot;18&quot;,&quot;iso&quot;:&quot;100&quot;,&quot;shutter_speed&quot;:&quot;0.0008&quot;,&quot;title&quot;:&quot;&quot;,&quot;orientation&quot;:&quot;0&quot;}\" data-image-title=\"campa\u00f1a-vacuna008\" data-image-description=\"\" data-image-caption=\"\" data-large-file=\"https:\/\/www.hoymercedes.com.ar\/principal\/wp-content\/uploads\/2017\/05\/campa\u00f1a-vacuna008.jpg\" class=\"aligncenter size-medium wp-image-62858\" src=\"https:\/\/www.hoymercedes.com.ar\/principal\/wp-content\/uploads\/2017\/05\/campa\u00f1a-vacuna008-630x354.jpg\" alt=\"\" width=\"630\" height=\"354\" srcset=\"https:\/\/www.hoymercedes.com.ar\/principal\/wp-content\/uploads\/2017\/05\/campa\u00f1a-vacuna008.jpg 630w, https:\/\/www.hoymercedes.com.ar\/principal\/wp-content\/uploads\/2017\/05\/campa\u00f1a-vacuna008-150x84.jpg 150w\" sizes=\"auto, (max-width: 630px) 100vw, 630px\" \/><\/p>\n<p>La Municipalidad de Mercedes contin\u00faa su fuerte tarea y compromiso con la salud de los mercedinos. La campa\u00f1a de vacunaci\u00f3n que se viene desarrollando ya super\u00f3 los 500 vecinos asistidos en distintas zonas y barrios. Llevan 8 operativos y se prev\u00e9n varios m\u00e1s.<\/p>\n<p>Con un trabajo interdisciplinario entre la Secretar\u00eda de Desarrollo Social a cargo de Jogelina Silva y la Secretar\u00eda de Salud, a cargo de Pablo Cassiani, y con eje en el C.I.C a cargo de Betiana Gonz\u00e1lez se contin\u00faa vacunando en distintos puntos de la ciudad. Gowland, Altamira y los barrios como puntos centrales, buscando no s\u00f3lo los vecinos se acerquen sino tambi\u00e9n asistiendo puerta a puerta.<\/p>\n<p>\u00abLa vedad que estamos muy contentos. Es el octavo operativo que realizamos. Estamos trabajando con referentes barriales, convocando a los vecinos y efectuando una campa\u00f1a donde en el d\u00eda de hoy ya llevamos cerca de 90 vacunas. Realmente desde el punto de vista sanitario y desde la prevenci\u00f3n y promoci\u00f3n de la salud es un \u00e9xito\u00bb afirm\u00f3 la doctora Betiana Gonz\u00e1lez quien tambi\u00e9n sostuvo que \u00abuna de los objetivos fundamentales es acercar el municipio a la puerta de la casa del vecino, se trabaja con los referentes en la semana y cuando nosotros vamos en b\u00fasqueda de los pacientes colocamos vacunas con aquellos que tengan sobre todo movilidad reducida\u00bb, coment\u00f3.<\/p>\n<p><img loading=\"lazy\" decoding=\"async\" data-attachment-id=\"62859\" data-permalink=\"https:\/\/www.hoymercedes.com.ar\/principal\/2017\/05\/17\/campana-de-vacunacion-a-cargo-del-municipio-continua-con-fuerte-presencia-barrial\/campana-vacuna013\/#main\" data-orig-file=\"https:\/\/www.hoymercedes.com.ar\/principal\/wp-content\/uploads\/2017\/05\/campa\u00f1a-vacuna013.jpg\" data-orig-size=\"630,354\" data-comments-opened=\"0\" data-image-meta=\"{&quot;aperture&quot;:&quot;5&quot;,&quot;credit&quot;:&quot;&quot;,&quot;camera&quot;:&quot;Canon EOS 60D&quot;,&quot;caption&quot;:&quot;&quot;,&quot;created_timestamp&quot;:&quot;1495024440&quot;,&quot;copyright&quot;:&quot;&quot;,&quot;focal_length&quot;:&quot;18&quot;,&quot;iso&quot;:&quot;100&quot;,&quot;shutter_speed&quot;:&quot;0.0025&quot;,&quot;title&quot;:&quot;&quot;,&quot;orientation&quot;:&quot;0&quot;}\" data-image-title=\"campa\u00f1a-vacuna013\" data-image-description=\"\" data-image-caption=\"\" data-large-file=\"https:\/\/www.hoymercedes.com.ar\/principal\/wp-content\/uploads\/2017\/05\/campa\u00f1a-vacuna013.jpg\" class=\"aligncenter size-medium wp-image-62859\" src=\"https:\/\/www.hoymercedes.com.ar\/principal\/wp-content\/uploads\/2017\/05\/campa\u00f1a-vacuna013-630x354.jpg\" alt=\"\" width=\"630\" height=\"354\" srcset=\"https:\/\/www.hoymercedes.com.ar\/principal\/wp-content\/uploads\/2017\/05\/campa\u00f1a-vacuna013.jpg 630w, https:\/\/www.hoymercedes.com.ar\/principal\/wp-content\/uploads\/2017\/05\/campa\u00f1a-vacuna013-150x84.jpg 150w\" sizes=\"auto, (max-width: 630px) 100vw, 630px\" \/><\/p>\n<p>El primer mandatario local, Juan Ignacio Ustarroz sostuvo que \u00abestamos muy contentos con el importante trabajo que est\u00e1 realizando toda la Comuna, Salud, Desarrollo integr\u00e1ndose en conjunto con las sociedades de fomento, los referentes\u00a0 que son indispensables a la hora de difundir estas actividades y es por ello que se ve la gran cantidad de chicos, adultos mayores, siendo algo que tiene que ver con la atenci\u00f3n primaria a la salud, con la prevenci\u00f3n{on y llevar adelante el calendario de 18 vacunas y estar presentes junto a los vecinos\u00bb coment\u00f3 y destac\u00f3 que se \u00abaprovecha la ocasi\u00f3n para levantar otro tipo de demandas y reclamos con el equipo que tienen una calidez humana muy grande y cumpliendo derechos\u00bb, afirm\u00f3.<\/p>\n<p>Miguel Olivella, desde Desarrollo Social, tambi\u00e9n presente y quien acompa\u00f1a en cada punto zonal afirm\u00f3 que \u00abtenemos un cronograma que llega hasta el 16 de junio, estando por muchos barrios y cubriendo todas las zonas. Teneos distintos puntos e invitamos a los vecinos aleda\u00f1os. Pronto vamos a tener, puedo del 16 de junio, hasta septiembre por m\u00e1s espacios\u00bb.<\/p>\n<p><span class=\"embed-youtube\" style=\"text-align:center; display: block;\"><iframe loading=\"lazy\" class=\"youtube-player\" width=\"1200\" height=\"675\" src=\"https:\/\/www.youtube.com\/embed\/Ujc0KZ9bBuE?version=3&#038;rel=1&#038;showsearch=0&#038;showinfo=1&#038;iv_load_policy=1&#038;fs=1&#038;hl=es-ES&#038;autohide=2&#038;wmode=transparent\" allowfullscreen=\"true\" style=\"border:0;\" sandbox=\"allow-scripts allow-same-origin allow-popups allow-presentation allow-popups-to-escape-sandbox\"><\/iframe><\/span><\/p>\n<p>Tambi\u00e9n en esta ocasi\u00f3n estuvo Carlos Romero, presidente de la Federaci\u00f3n de Sociedades de Fomento, quien \u00a0coment\u00f3 que \u00abestamos trabajando con las sociedades de fomento, satisfechos y actuando en conjunto, que es lo m\u00e1s importante, con el municipio, con Desarrolo, Salud, el C.I.C y creo que si seguimos as\u00ed, juntos, vamos a ir cada vez mejor\u00bb<\/p>\n<p>De esta manera el cronograma de la campa\u00f1a de vacunaci\u00f3n contin\u00faa firme en distintas zonas. Semana a semana se va conociendo y acercando la Municipalidad a los vecinos que de esta manera efect\u00faan un tratamiento integral dado que aprovechan la ocasi\u00f3n, como se afirm\u00f3, para efectuar distintas consultas.<\/p>\n<p><img loading=\"lazy\" decoding=\"async\" data-attachment-id=\"62860\" data-permalink=\"https:\/\/www.hoymercedes.com.ar\/principal\/2017\/05\/17\/campana-de-vacunacion-a-cargo-del-municipio-continua-con-fuerte-presencia-barrial\/campana-vacuna014\/#main\" data-orig-file=\"https:\/\/www.hoymercedes.com.ar\/principal\/wp-content\/uploads\/2017\/05\/campa\u00f1a-vacuna014.jpg\" data-orig-size=\"630,354\" data-comments-opened=\"0\" data-image-meta=\"{&quot;aperture&quot;:&quot;5&quot;,&quot;credit&quot;:&quot;&quot;,&quot;camera&quot;:&quot;Canon EOS 60D&quot;,&quot;caption&quot;:&quot;&quot;,&quot;created_timestamp&quot;:&quot;1495024475&quot;,&quot;copyright&quot;:&quot;&quot;,&quot;focal_length&quot;:&quot;18&quot;,&quot;iso&quot;:&quot;100&quot;,&quot;shutter_speed&quot;:&quot;0.003125&quot;,&quot;title&quot;:&quot;&quot;,&quot;orientation&quot;:&quot;0&quot;}\" data-image-title=\"campa\u00f1a-vacuna014\" data-image-description=\"\" data-image-caption=\"\" data-large-file=\"https:\/\/www.hoymercedes.com.ar\/principal\/wp-content\/uploads\/2017\/05\/campa\u00f1a-vacuna014.jpg\" class=\"aligncenter size-medium wp-image-62860\" src=\"https:\/\/www.hoymercedes.com.ar\/principal\/wp-content\/uploads\/2017\/05\/campa\u00f1a-vacuna014-630x354.jpg\" alt=\"\" width=\"630\" height=\"354\" srcset=\"https:\/\/www.hoymercedes.com.ar\/principal\/wp-content\/uploads\/2017\/05\/campa\u00f1a-vacuna014.jpg 630w, https:\/\/www.hoymercedes.com.ar\/principal\/wp-content\/uploads\/2017\/05\/campa\u00f1a-vacuna014-150x84.jpg 150w\" sizes=\"auto, (max-width: 630px) 100vw, 630px\" \/><\/p>\n<p><img loading=\"lazy\" decoding=\"async\" data-attachment-id=\"62861\" data-permalink=\"https:\/\/www.hoymercedes.com.ar\/principal\/2017\/05\/17\/campana-de-vacunacion-a-cargo-del-municipio-continua-con-fuerte-presencia-barrial\/campana-vacuna010\/#main\" data-orig-file=\"https:\/\/www.hoymercedes.com.ar\/principal\/wp-content\/uploads\/2017\/05\/campa\u00f1a-vacuna010.jpg\" data-orig-size=\"630,354\" data-comments-opened=\"0\" data-image-meta=\"{&quot;aperture&quot;:&quot;5&quot;,&quot;credit&quot;:&quot;&quot;,&quot;camera&quot;:&quot;Canon EOS 60D&quot;,&quot;caption&quot;:&quot;&quot;,&quot;created_timestamp&quot;:&quot;1495024278&quot;,&quot;copyright&quot;:&quot;&quot;,&quot;focal_length&quot;:&quot;18&quot;,&quot;iso&quot;:&quot;100&quot;,&quot;shutter_speed&quot;:&quot;0.00125&quot;,&quot;title&quot;:&quot;&quot;,&quot;orientation&quot;:&quot;0&quot;}\" data-image-title=\"campa\u00f1a-vacuna010\" data-image-description=\"\" data-image-caption=\"&lt;p&gt;foto de Archivo&lt;\/p&gt;\n\" data-large-file=\"https:\/\/www.hoymercedes.com.ar\/principal\/wp-content\/uploads\/2017\/05\/campa\u00f1a-vacuna010.jpg\" class=\"aligncenter size-medium wp-image-62861\" src=\"https:\/\/www.hoymercedes.com.ar\/principal\/wp-content\/uploads\/2017\/05\/campa\u00f1a-vacuna010-630x354.jpg\" alt=\"\" width=\"630\" height=\"354\" srcset=\"https:\/\/www.hoymercedes.com.ar\/principal\/wp-content\/uploads\/2017\/05\/campa\u00f1a-vacuna010.jpg 630w, https:\/\/www.hoymercedes.com.ar\/principal\/wp-content\/uploads\/2017\/05\/campa\u00f1a-vacuna010-150x84.jpg 150w\" sizes=\"auto, (max-width: 630px) 100vw, 630px\" \/><\/p>\n","protected":false},"excerpt":{"rendered":"<p>La Municipalidad de Mercedes contin\u00faa su fuerte tarea y compromiso con la salud de los mercedinos. La campa\u00f1a de vacunaci\u00f3n &#8230; <a title=\"Campa\u00f1a de Vacunaci\u00f3n a cargo del Municipio contin\u00faa con fuerte presencia barrial\" class=\"read-more\" href=\"https:\/\/www.hoymercedes.com.ar\/principal\/2017\/05\/17\/campana-de-vacunacion-a-cargo-del-municipio-continua-con-fuerte-presencia-barrial\/\" aria-label=\"Leer m\u00e1s sobre Campa\u00f1a de Vacunaci\u00f3n a cargo del Municipio contin\u00faa con fuerte presencia barrial\">Leer m\u00e1s<\/a><\/p>\n","protected":false},"author":1,"featured_media":62858,"comment_status":"closed","ping_status":"open","sticky":false,"template":"","format":"standard","meta":{"_monsterinsights_skip_tracking":false,"_monsterinsights_sitenote_active":false,"_monsterinsights_sitenote_note":"","_monsterinsights_sitenote_category":0,"jetpack_post_was_ever_published":false,"_jetpack_newsletter_access":"","_jetpack_dont_email_post_to_subs":false,"_jetpack_newsletter_tier_id":0,"_jetpack_memberships_contains_paywalled_content":false,"_jetpack_memberships_contains_paid_content":false,"footnotes":"","jetpack_publicize_message":"","jetpack_publicize_feature_enabled":true,"jetpack_social_post_already_shared":true,"jetpack_social_options":{"image_generator_settings":{"template":"highway","default_image_id":0,"font":"","enabled":false},"version":2},"_wpas_customize_per_network":false},"categories":[30],"tags":[6806,2082,585,8529],"class_list":["post-62857","post","type-post","status-publish","format-standard","has-post-thumbnail","hentry","category-municipio","tag-campana-de-salud","tag-desarrollo-social-mercedes","tag-juan-ustarroz","tag-secretaria-de-salud","generate-columns","tablet-grid-50","mobile-grid-100","grid-parent","grid-50"],"jetpack_publicize_connections":[],"jetpack_featured_media_url":"https:\/\/www.hoymercedes.com.ar\/principal\/wp-content\/uploads\/2017\/05\/campa\u00f1a-vacuna008.jpg","wps_subtitle":"Salud y Desarrollo Social","jetpack_sharing_enabled":true,"_links":{"self":[{"href":"https:\/\/www.hoymercedes.com.ar\/principal\/wp-json\/wp\/v2\/posts\/62857","targetHints":{"allow":["GET"]}}],"collection":[{"href":"https:\/\/www.hoymercedes.com.ar\/principal\/wp-json\/wp\/v2\/posts"}],"about":[{"href":"https:\/\/www.hoymercedes.com.ar\/principal\/wp-json\/wp\/v2\/types\/post"}],"author":[{"embeddable":true,"href":"https:\/\/www.hoymercedes.com.ar\/principal\/wp-json\/wp\/v2\/users\/1"}],"replies":[{"embeddable":true,"href":"https:\/\/www.hoymercedes.com.ar\/principal\/wp-json\/wp\/v2\/comments?post=62857"}],"version-history":[{"count":0,"href":"https:\/\/www.hoymercedes.com.ar\/principal\/wp-json\/wp\/v2\/posts\/62857\/revisions"}],"wp:featuredmedia":[{"embeddable":true,"href":"https:\/\/www.hoymercedes.com.ar\/principal\/wp-json\/wp\/v2\/media\/62858"}],"wp:attachment":[{"href":"https:\/\/www.hoymercedes.com.ar\/principal\/wp-json\/wp\/v2\/media?parent=62857"}],"wp:term":[{"taxonomy":"category","embeddable":true,"href":"https:\/\/www.hoymercedes.com.ar\/principal\/wp-json\/wp\/v2\/categories?post=62857"},{"taxonomy":"post_tag","embeddable":true,"href":"https:\/\/www.hoymercedes.com.ar\/principal\/wp-json\/wp\/v2\/tags?post=62857"}],"curies":[{"name":"wp","href":"https:\/\/api.w.org\/{rel}","templated":true}]}}