{"id":62873,"date":"2017-05-18T12:30:46","date_gmt":"2017-05-18T15:30:46","guid":{"rendered":"http:\/\/www.hoymercedes.com.ar\/principal\/?p=62873"},"modified":"2017-05-18T14:38:46","modified_gmt":"2017-05-18T17:38:46","slug":"el-papa-francisco-nombro-nuevo-obispo-auxiliar-de-mercedes-lujan","status":"publish","type":"post","link":"https:\/\/www.hoymercedes.com.ar\/principal\/2017\/05\/18\/el-papa-francisco-nombro-nuevo-obispo-auxiliar-de-mercedes-lujan\/","title":{"rendered":"El Papa Francisco nombr\u00f3 nuevo obispo auxiliar de Mercedes-Luj\u00e1n"},"content":{"rendered":"<p><em>El Santo Padre Francisco nombr\u00f3 obispo titular de Ita y auxiliar de la arquidi\u00f3cesis de Mercedes-Luj\u00e1n al presb\u00edtero Jorge Eduardo Scheinig, de 57 a\u00f1os, perteneciente al clero de la di\u00f3cesis de San Isidro, actualmente p\u00e1rroco de San Gabriel de la Dolorosa, en la localidad bonaerense de Vicente L\u00f3pez.<\/em><\/p>\n<p><img loading=\"lazy\" decoding=\"async\" data-attachment-id=\"62874\" data-permalink=\"https:\/\/www.hoymercedes.com.ar\/principal\/2017\/05\/18\/el-papa-francisco-nombro-nuevo-obispo-auxiliar-de-mercedes-lujan\/cura\/#main\" data-orig-file=\"https:\/\/www.hoymercedes.com.ar\/principal\/wp-content\/uploads\/2017\/05\/cura.jpg\" data-orig-size=\"600,511\" data-comments-opened=\"0\" data-image-meta=\"{&quot;aperture&quot;:&quot;0&quot;,&quot;credit&quot;:&quot;&quot;,&quot;camera&quot;:&quot;&quot;,&quot;caption&quot;:&quot;&quot;,&quot;created_timestamp&quot;:&quot;0&quot;,&quot;copyright&quot;:&quot;&quot;,&quot;focal_length&quot;:&quot;0&quot;,&quot;iso&quot;:&quot;0&quot;,&quot;shutter_speed&quot;:&quot;0&quot;,&quot;title&quot;:&quot;&quot;,&quot;orientation&quot;:&quot;1&quot;}\" data-image-title=\"cura\" data-image-description=\"\" data-image-caption=\"\" data-large-file=\"https:\/\/www.hoymercedes.com.ar\/principal\/wp-content\/uploads\/2017\/05\/cura.jpg\" class=\"aligncenter size-full wp-image-62874\" src=\"https:\/\/www.hoymercedes.com.ar\/principal\/wp-content\/uploads\/2017\/05\/cura.jpg\" alt=\"\" width=\"600\" height=\"511\" srcset=\"https:\/\/www.hoymercedes.com.ar\/principal\/wp-content\/uploads\/2017\/05\/cura.jpg 600w, https:\/\/www.hoymercedes.com.ar\/principal\/wp-content\/uploads\/2017\/05\/cura-150x128.jpg 150w\" sizes=\"auto, (max-width: 600px) 100vw, 600px\" \/><\/p>\n<p>El Santo Padre Francisco nombr\u00f3 obispo titular de Ita y auxiliar de la arquidi\u00f3cesis de Mercedes-Luj\u00e1n al presb\u00edtero Jorge Eduardo Scheinig, de 57 a\u00f1os, perteneciente al clero de la di\u00f3cesis de San Isidro, actualmente p\u00e1rroco de San Gabriel de la Dolorosa, en la localidad bonaerense de Vicente L\u00f3pez.<\/p>\n<p>La informaci\u00f3n del nombramiento fue publicada en forma simult\u00e1nea en Roma y en Buenos Aires. Aqu\u00ed lo hizo el nuncio apost\u00f3lico monse\u00f1or Emil Paul Tscherrig, a trav\u00e9s de la agencia AICA.<\/p>\n<p>&nbsp;<\/p>\n<p><strong>Mercedes-Luj\u00e1n <\/strong><\/p>\n<p>Creada como di\u00f3cesis de Mercedes el 20 de abril de 1934 por el papa P\u00edo XI, el 10 de mayo de 1996 se le agreg\u00f3 el t\u00edtulo de Luj\u00e1n porque en su jurisdicci\u00f3n eclesi\u00e1stica se encuentra el santuario nacional de Nuestra Se\u00f1ora de Luj\u00e1n, patrona de la Argentina. El 21 de noviembre de 1997 el papa san Juan Pablo II la elev\u00f3 al rango de arquidi\u00f3cesis \u201cdependiente directamente de la Santa Sede\u201d. Comprende, en la provincia de Buenos Aires, los partidos de Alberti, Carmen de Areco, Chacabuco, Chivilcoy, General Las Heras, General Rodr\u00edguez, Jun\u00edn, Leandro N. Alem, Lobos, Luj\u00e1n, Marcos Paz, Mercedes, Navarro, San Andr\u00e9s de Giles y Suipacha. Su actual arzobispo desde el 27 de diciembre de 2007 es monse\u00f1or Agust\u00edn Roberto Radrizzani SDB.<\/p>\n<p>&nbsp;<\/p>\n<p><strong>Datos biogr\u00e1ficos<\/strong><\/p>\n<p>Naci\u00f3 el 5 de junio de 1959 en la ciudad de Buenos Aires. Tras completar sus estudios secundarios en las Escuelas T\u00e9cnicas Municipales Raggio, de donde egres\u00f3 con el t\u00edtulo de T\u00e9cnico Mec\u00e1nico, ingres\u00f3 en el seminario mayor San Agust\u00edn, de San Isidro, donde complet\u00f3 su formaci\u00f3n eclesi\u00e1stica.<\/p>\n<p>Fue ordenado sacerdote para el clero de la di\u00f3cesis de San Isidro el 9 de diciembre de 1983, en la catedral de San Isidro Labrador, por el entonces obispo diocesano monse\u00f1or Jorge Casaretto.<\/p>\n<p>Poco despu\u00e9s de su ordenaci\u00f3n, en 1984 fue designado vicario parroquial de la Resurrecci\u00f3n del Se\u00f1or, en la localidad de Mart\u00ednez, donde estuvo hasta 1990.<\/p>\n<p>De 1991 a 1997, fue p\u00e1rroco de San Pedro y San Pablo, en Olivos.<\/p>\n<p>De 1998 a 2008, p\u00e1rroco de Nuestra Se\u00f1ora de Ar\u00e1nzazu y director pastoral del colegio San Mart\u00edn de Tours, en la ciudad de San Fernando. En este per\u00edodo fue cofundador y director de la radio parroquial FM La Barca.<\/p>\n<p>En los a\u00f1os 2009 y 2010 fue p\u00e1rroco de La Pur\u00edsima Concepci\u00f3n, en General Pacheco.<\/p>\n<p>Tras un per\u00edodo de tres a\u00f1os que dedic\u00f3 al estudio en la Facultad de Teolog\u00eda, en 2013 fue designado p\u00e1rroco de San Gabriel de la Dolorosa, en Vicente L\u00f3pez, oficio que ejerci\u00f3 hasta la actualidad.<\/p>\n<p>Adem\u00e1s de su actividad parroquial, durante sus 33 a\u00f1os de sacerdote se desempe\u00f1\u00f3 como asesor diocesano de Juventud; Asesor del Equipo Nacional de Juventud del episcopado argentino; coordinador del Consejo Pastoral de la di\u00f3cesis de San Isidro; Perito asesor del documento Navega Mar Adentro, del episcopado nacional; consultor de la comisi\u00f3n episcopal de Fe y Cultura; asesor del Equipo Compartir del episcopado nacional sobre la reforma econ\u00f3mica; asesor pastoral de C\u00e1ritas Argentina; coordinador del Equipo Regional de Pastoral Urbana, regi\u00f3n Buenos Aires-Gran Buenos Aires; y profesor de Teolog\u00eda Pastoral en el seminario de San Isidro, en la facultad de Teolog\u00eda, en el ciclo del bachillerato y en el de licenciatura.<\/p>\n<p>Es bachiller en Teolog\u00eda, por la Pontificia Universidad Cat\u00f3lica Argentina Santa Mar\u00eda de los Buenos Aires (UCA) en 1983; y licenciado en Teolog\u00eda Pastoral por la Facultad de Teolog\u00eda de la UCA en 2012, con la tesis \u00abLa pastoral urbana como una pastoral adecuada a la diversidad de la urbe\u00bb.<\/p>\n<p>(Fuente: aica.org\u00a0 )<\/p>\n","protected":false},"excerpt":{"rendered":"<p>El Santo Padre Francisco nombr\u00f3 obispo titular de Ita y auxiliar de la arquidi\u00f3cesis de Mercedes-Luj\u00e1n al presb\u00edtero Jorge Eduardo &#8230; <a title=\"El Papa Francisco nombr\u00f3 nuevo obispo auxiliar de Mercedes-Luj\u00e1n\" class=\"read-more\" href=\"https:\/\/www.hoymercedes.com.ar\/principal\/2017\/05\/18\/el-papa-francisco-nombro-nuevo-obispo-auxiliar-de-mercedes-lujan\/\" aria-label=\"Leer m\u00e1s sobre El Papa Francisco nombr\u00f3 nuevo obispo auxiliar de Mercedes-Luj\u00e1n\">Leer m\u00e1s<\/a><\/p>\n","protected":false},"author":1,"featured_media":62874,"comment_status":"closed","ping_status":"open","sticky":false,"template":"","format":"standard","meta":{"_monsterinsights_skip_tracking":false,"_monsterinsights_sitenote_active":false,"_monsterinsights_sitenote_note":"","_monsterinsights_sitenote_category":0,"jetpack_post_was_ever_published":false,"_jetpack_newsletter_access":"","_jetpack_dont_email_post_to_subs":false,"_jetpack_newsletter_tier_id":0,"_jetpack_memberships_contains_paywalled_content":false,"_jetpack_memberships_contains_paid_content":false,"footnotes":"","jetpack_publicize_message":"","jetpack_publicize_feature_enabled":true,"jetpack_social_post_already_shared":true,"jetpack_social_options":{"image_generator_settings":{"template":"highway","default_image_id":0,"font":"","enabled":false},"version":2},"_wpas_customize_per_network":false},"categories":[11],"tags":[9033,9203,11146,3293,7802],"class_list":["post-62873","post","type-post","status-publish","format-standard","has-post-thumbnail","hentry","category-ciudad","tag-arquidiocesis-mercedes-lujan","tag-monsenor-agustin-radrizzani","tag-obispo-auxiliar","tag-papa-francisco","tag-sociedad","generate-columns","tablet-grid-50","mobile-grid-100","grid-parent","grid-50"],"jetpack_publicize_connections":[],"jetpack_featured_media_url":"https:\/\/www.hoymercedes.com.ar\/principal\/wp-content\/uploads\/2017\/05\/cura.jpg","wps_subtitle":"Se trata del presb\u00edtero Jorge Eduardo Scheinig","jetpack_sharing_enabled":true,"_links":{"self":[{"href":"https:\/\/www.hoymercedes.com.ar\/principal\/wp-json\/wp\/v2\/posts\/62873","targetHints":{"allow":["GET"]}}],"collection":[{"href":"https:\/\/www.hoymercedes.com.ar\/principal\/wp-json\/wp\/v2\/posts"}],"about":[{"href":"https:\/\/www.hoymercedes.com.ar\/principal\/wp-json\/wp\/v2\/types\/post"}],"author":[{"embeddable":true,"href":"https:\/\/www.hoymercedes.com.ar\/principal\/wp-json\/wp\/v2\/users\/1"}],"replies":[{"embeddable":true,"href":"https:\/\/www.hoymercedes.com.ar\/principal\/wp-json\/wp\/v2\/comments?post=62873"}],"version-history":[{"count":0,"href":"https:\/\/www.hoymercedes.com.ar\/principal\/wp-json\/wp\/v2\/posts\/62873\/revisions"}],"wp:featuredmedia":[{"embeddable":true,"href":"https:\/\/www.hoymercedes.com.ar\/principal\/wp-json\/wp\/v2\/media\/62874"}],"wp:attachment":[{"href":"https:\/\/www.hoymercedes.com.ar\/principal\/wp-json\/wp\/v2\/media?parent=62873"}],"wp:term":[{"taxonomy":"category","embeddable":true,"href":"https:\/\/www.hoymercedes.com.ar\/principal\/wp-json\/wp\/v2\/categories?post=62873"},{"taxonomy":"post_tag","embeddable":true,"href":"https:\/\/www.hoymercedes.com.ar\/principal\/wp-json\/wp\/v2\/tags?post=62873"}],"curies":[{"name":"wp","href":"https:\/\/api.w.org\/{rel}","templated":true}]}}