{"id":62888,"date":"2017-05-18T20:17:13","date_gmt":"2017-05-18T23:17:13","guid":{"rendered":"http:\/\/www.hoymercedes.com.ar\/principal\/?p=62888"},"modified":"2017-05-18T20:31:13","modified_gmt":"2017-05-18T23:31:13","slug":"club-mercedes-recibio-la-invitacion-para-jugar-el-federal-b","status":"publish","type":"post","link":"https:\/\/www.hoymercedes.com.ar\/principal\/2017\/05\/18\/club-mercedes-recibio-la-invitacion-para-jugar-el-federal-b\/","title":{"rendered":"Club Mercedes recibi\u00f3 la invitaci\u00f3n para jugar el Federal B"},"content":{"rendered":"<p><em><strong>Si bien era un rumor que sonaba muy fuerte en los \u00faltimos diez d\u00edas, se termin\u00f3 confirmando que el Consejo Federal invit\u00f3, entre otros, a Club Mercedes a jugar el torneo Federal B que comenzar\u00e1 el pr\u00f3ximo 2 de julio. En este momento, la Comisi\u00f3n Directiva del blanquinegro se encuentra analizando la situaci\u00f3n, que se resolver\u00e1 en diez d\u00edas, para luego anunciar si acepta o no.<\/strong><\/em><\/p>\n<p><img loading=\"lazy\" decoding=\"async\" data-attachment-id=\"62892\" data-permalink=\"https:\/\/www.hoymercedes.com.ar\/principal\/2017\/05\/18\/club-mercedes-recibio-la-invitacion-para-jugar-el-federal-b\/dscn9400-2\/#main\" data-orig-file=\"https:\/\/www.hoymercedes.com.ar\/principal\/wp-content\/uploads\/2017\/05\/DSCN9400.jpg\" data-orig-size=\"650,487\" data-comments-opened=\"0\" data-image-meta=\"{&quot;aperture&quot;:&quot;4&quot;,&quot;credit&quot;:&quot;&quot;,&quot;camera&quot;:&quot;COOLPIX L310&quot;,&quot;caption&quot;:&quot;&quot;,&quot;created_timestamp&quot;:&quot;1488654747&quot;,&quot;copyright&quot;:&quot;&quot;,&quot;focal_length&quot;:&quot;12.6&quot;,&quot;iso&quot;:&quot;400&quot;,&quot;shutter_speed&quot;:&quot;0.0025&quot;,&quot;title&quot;:&quot;&quot;,&quot;orientation&quot;:&quot;1&quot;}\" data-image-title=\"DSCN9400\" data-image-description=\"\" data-image-caption=\"\" data-large-file=\"https:\/\/www.hoymercedes.com.ar\/principal\/wp-content\/uploads\/2017\/05\/DSCN9400.jpg\" class=\"aligncenter size-medium wp-image-62892\" src=\"https:\/\/www.hoymercedes.com.ar\/principal\/wp-content\/uploads\/2017\/05\/DSCN9400-630x472.jpg\" alt=\"\" width=\"630\" height=\"472\" srcset=\"https:\/\/www.hoymercedes.com.ar\/principal\/wp-content\/uploads\/2017\/05\/DSCN9400-630x472.jpg 630w, https:\/\/www.hoymercedes.com.ar\/principal\/wp-content\/uploads\/2017\/05\/DSCN9400-150x112.jpg 150w, https:\/\/www.hoymercedes.com.ar\/principal\/wp-content\/uploads\/2017\/05\/DSCN9400.jpg 650w\" sizes=\"auto, (max-width: 630px) 100vw, 630px\" \/><\/p>\n<p>Esta ma\u00f1ana lleg\u00f3 un comunicado a la Liga Mercedina de F\u00fatbol en el que el Consejo Federal de la Asociaci\u00f3n del F\u00fatbol Argentino, \u00abante la necesidad de un reordenamiento de las Zonas de la Edici\u00f3n 2017 del Torneo Federal B, en raz\u00f3n del m\u00e9rito deportivo logrado en el \u00faltimo Federal C y que cumple con todos los requisitos establecidos por este Organismo, ha dispuesto invitar al afiliado Club Mercedes a participar en el citado certamen\u00bb.<\/p>\n<p>La nota fue firmada por Juan Pablo Beacon, presidente del Consejo Federal y su Secretario, Javier Treuque y de inmediato lleg\u00f3 al mandam\u00e1s del blanquinegro, Carlos Cancela, quien el pr\u00f3ximo 28 de mayo culminar\u00e1 el mandato en la centenaria instituci\u00f3n.<\/p>\n<p>Ante esto, Cancela anticip\u00f3 a Hoy Mercedes que se analizar\u00e1 si se acepta o no la invitaci\u00f3n, \u00abya que es un torneo muy oneroso y se requiere de mucha gente dispuesta a trabajar y a generar los recursos para afrontarlo\u00bb. Adem\u00e1s, dej\u00f3 en claro que \u00absomos rigurosos con el tema monetario, no vamos a poner en juego el patrimonio del club. Ser\u00eda bueno que el comercio y las empresas de Mercedes apoyen esta iniciativa\u00bb.<\/p>\n<p>\u00abTenemos que esperar hasta ma\u00f1ana <em>(N. de la R.: viernes 19)<\/em> para ver si se presentan m\u00e1s listas, y si esto ocurre y hay elecciones (el domingo 28), se deber\u00e1 decidir el mismo d\u00eda del sufragio, porque no puedo decidir yo por s\u00ed y que el Presidente que gane no quiera. Las ganas de jugarlo est\u00e1n, tenemos que ver el tema presupuestario y ver qu\u00e9 opinan las listas que se presenten y luego la nueva Comisi\u00f3n Directiva\u00bb, continu\u00f3 Cancela, quien dejar\u00e1 de ser Presidente, pero acompa\u00f1ar\u00e1 como Vice a Pedro Gatti, quien encabeza la lista oficial.<\/p>\n<p>Club Mercedes lleg\u00f3 a la semifinal del Federal C donde fue eliminado por quien luego obtuvo el Ascenso 2, Sports de Salto y por la reestructuraci\u00f3n del f\u00fatbol del interior, se vio beneficiado, como ocurri\u00f3 en 2012, cuando tambi\u00e9n fue invitado a jugar el viejo Argentino B, del cual s\u00f3lo pudo disputar media temporada.<\/p>\n","protected":false},"excerpt":{"rendered":"<p>Si bien era un rumor que sonaba muy fuerte en los \u00faltimos diez d\u00edas, se termin\u00f3 confirmando que el Consejo &#8230; <a title=\"Club Mercedes recibi\u00f3 la invitaci\u00f3n para jugar el Federal B\" class=\"read-more\" href=\"https:\/\/www.hoymercedes.com.ar\/principal\/2017\/05\/18\/club-mercedes-recibio-la-invitacion-para-jugar-el-federal-b\/\" aria-label=\"Leer m\u00e1s sobre Club Mercedes recibi\u00f3 la invitaci\u00f3n para jugar el Federal B\">Leer m\u00e1s<\/a><\/p>\n","protected":false},"author":1,"featured_media":62892,"comment_status":"closed","ping_status":"open","sticky":false,"template":"","format":"standard","meta":{"_monsterinsights_skip_tracking":false,"_monsterinsights_sitenote_active":false,"_monsterinsights_sitenote_note":"","_monsterinsights_sitenote_category":0,"jetpack_post_was_ever_published":false,"_jetpack_newsletter_access":"","_jetpack_dont_email_post_to_subs":false,"_jetpack_newsletter_tier_id":0,"_jetpack_memberships_contains_paywalled_content":false,"_jetpack_memberships_contains_paid_content":false,"footnotes":"","jetpack_publicize_message":"","jetpack_publicize_feature_enabled":true,"jetpack_social_post_already_shared":true,"jetpack_social_options":{"image_generator_settings":{"template":"highway","default_image_id":0,"font":"","enabled":false},"version":2},"_wpas_customize_per_network":false},"categories":[21],"tags":[122,204,9674,1003,11155],"class_list":["post-62888","post","type-post","status-publish","format-standard","has-post-thumbnail","hentry","category-deportes","tag-club-mercedes","tag-deportes-2","tag-federal-b","tag-futbol","tag-invitacion","generate-columns","tablet-grid-50","mobile-grid-100","grid-parent","grid-50"],"jetpack_publicize_connections":[],"jetpack_featured_media_url":"https:\/\/www.hoymercedes.com.ar\/principal\/wp-content\/uploads\/2017\/05\/DSCN9400.jpg","wps_subtitle":"F\u00fatbol","jetpack_sharing_enabled":true,"_links":{"self":[{"href":"https:\/\/www.hoymercedes.com.ar\/principal\/wp-json\/wp\/v2\/posts\/62888","targetHints":{"allow":["GET"]}}],"collection":[{"href":"https:\/\/www.hoymercedes.com.ar\/principal\/wp-json\/wp\/v2\/posts"}],"about":[{"href":"https:\/\/www.hoymercedes.com.ar\/principal\/wp-json\/wp\/v2\/types\/post"}],"author":[{"embeddable":true,"href":"https:\/\/www.hoymercedes.com.ar\/principal\/wp-json\/wp\/v2\/users\/1"}],"replies":[{"embeddable":true,"href":"https:\/\/www.hoymercedes.com.ar\/principal\/wp-json\/wp\/v2\/comments?post=62888"}],"version-history":[{"count":0,"href":"https:\/\/www.hoymercedes.com.ar\/principal\/wp-json\/wp\/v2\/posts\/62888\/revisions"}],"wp:featuredmedia":[{"embeddable":true,"href":"https:\/\/www.hoymercedes.com.ar\/principal\/wp-json\/wp\/v2\/media\/62892"}],"wp:attachment":[{"href":"https:\/\/www.hoymercedes.com.ar\/principal\/wp-json\/wp\/v2\/media?parent=62888"}],"wp:term":[{"taxonomy":"category","embeddable":true,"href":"https:\/\/www.hoymercedes.com.ar\/principal\/wp-json\/wp\/v2\/categories?post=62888"},{"taxonomy":"post_tag","embeddable":true,"href":"https:\/\/www.hoymercedes.com.ar\/principal\/wp-json\/wp\/v2\/tags?post=62888"}],"curies":[{"name":"wp","href":"https:\/\/api.w.org\/{rel}","templated":true}]}}