{"id":62901,"date":"2017-05-19T10:40:43","date_gmt":"2017-05-19T13:40:43","guid":{"rendered":"http:\/\/www.hoymercedes.com.ar\/principal\/?p=62901"},"modified":"2017-05-19T09:03:51","modified_gmt":"2017-05-19T12:03:51","slug":"trabajos-de-mejoras-en-unidad-y-progreso-marchetti-y-la-franja","status":"publish","type":"post","link":"https:\/\/www.hoymercedes.com.ar\/principal\/2017\/05\/19\/trabajos-de-mejoras-en-unidad-y-progreso-marchetti-y-la-franja\/","title":{"rendered":"Trabajos de mejoras en Unidad y Progreso, Marchetti y La Franja"},"content":{"rendered":"<p><em><strong>En una nueva recorrida por distintas zonas de la ciudad el intendente Municipal se reuni\u00f3 con vecinos y el Presidente de la Federaci\u00f3n de las Sociedades de Fomento, Carlos Romero. En Unidad y Progreso contin\u00faan con zanjeos, limpiezas y mejoras varias. Tambi\u00e9n Marchetti y la Franja.<\/strong><\/em><\/p>\n<p><img loading=\"lazy\" decoding=\"async\" data-attachment-id=\"62902\" data-permalink=\"https:\/\/www.hoymercedes.com.ar\/principal\/2017\/05\/19\/trabajos-de-mejoras-en-unidad-y-progreso-marchetti-y-la-franja\/19-muni-romero-ustarroz\/#main\" data-orig-file=\"https:\/\/www.hoymercedes.com.ar\/principal\/wp-content\/uploads\/2017\/05\/19-Muni-Romero-Ustarroz.jpg\" data-orig-size=\"630,349\" data-comments-opened=\"0\" data-image-meta=\"{&quot;aperture&quot;:&quot;0&quot;,&quot;credit&quot;:&quot;&quot;,&quot;camera&quot;:&quot;&quot;,&quot;caption&quot;:&quot;&quot;,&quot;created_timestamp&quot;:&quot;0&quot;,&quot;copyright&quot;:&quot;&quot;,&quot;focal_length&quot;:&quot;0&quot;,&quot;iso&quot;:&quot;0&quot;,&quot;shutter_speed&quot;:&quot;0&quot;,&quot;title&quot;:&quot;&quot;,&quot;orientation&quot;:&quot;0&quot;}\" data-image-title=\"19 Muni Romero-Ustarroz\" data-image-description=\"\" data-image-caption=\"\" data-large-file=\"https:\/\/www.hoymercedes.com.ar\/principal\/wp-content\/uploads\/2017\/05\/19-Muni-Romero-Ustarroz.jpg\" class=\"aligncenter size-medium wp-image-62902\" src=\"https:\/\/www.hoymercedes.com.ar\/principal\/wp-content\/uploads\/2017\/05\/19-Muni-Romero-Ustarroz-630x349.jpg\" alt=\"\" width=\"630\" height=\"349\" srcset=\"https:\/\/www.hoymercedes.com.ar\/principal\/wp-content\/uploads\/2017\/05\/19-Muni-Romero-Ustarroz.jpg 630w, https:\/\/www.hoymercedes.com.ar\/principal\/wp-content\/uploads\/2017\/05\/19-Muni-Romero-Ustarroz-150x83.jpg 150w\" sizes=\"auto, (max-width: 630px) 100vw, 630px\" \/><\/p>\n<p>\u201cVemos con agrado que se est\u00e1 trabajando fuerte en distintas zonas de la ciudad, debemos reconocer\u201d, sostuvo Carlos Romero, presidente de la Federaci\u00f3n de las Sociedades de Fomento en el recorrido que realiz\u00f3 junto al Intendente Juan Ignacio Ustarroz por los barrios Unidad y Progreso, Marchetti y La Franja.<\/p>\n<p>\u201cDesde la 47 para el lado de los barrios\u00a0se realizaron cambio de ca\u00f1os en la red de agua, se abrieron calles, se arregl\u00f3 a fondo la 22. Antes ten\u00edamos un problema grave que era la calle 55 y 20, por ejemplo, que no escurr\u00eda, estaba d\u00edas ah\u00ed y gracias al zanjeo, a los cambios de ca\u00f1os se redujo a horas la salida del agua. Eso es para nosotros un avance, algo para mejorar\u201d coment\u00f3 Romero<\/p>\n<p>\u00abEn las \u00faltimas lluvias fueron menos los reclamos- El agua escurre, el trabajo se nota, es despacito, pero siempre se va para adelante, eso es lo valioso. Se trabaj\u00f3 mucho para recuperar la plaza, la 55, con piedras, con La Franja que est\u00e1 dentro de Unidad y Progreso que tambi\u00e9n tiene piedra, en el Marchetti, con piedras y entoscado, es algo que mejora la calidad de vida de los vecinos\u201d, agreg\u00f3 el fomentista.<\/p>\n<p>Por su parte, el intendente Ustarroz coment\u00f3 que se dialog\u00f3 con los vecinos y se escucharon los reclamos y demandas en cuanto a los servicios p\u00fablicos. \u00abHoy en concreto vemos todo el zanjeo que se viene realizando en Unidad y Progreso y en Marchetti, muy perjudicada por las inundaciones, la lluvia. Hay que hacer un trabajo permanente de zanjas. Falta mucho, pero el vecino ve mayor presencia por parte del municipio. Una obra importante a destacar\u00a0es la renovaci\u00f3n de un ca\u00f1o troncal de agua corriente que est\u00e1 pr\u00f3xima a finalizar. con esto van a tener mayor presi\u00f3n. Adem\u00e1s trabajamos en mejorar el estado de caminos, agua, zanjeos. Tenemos la responsabilidad y el compromiso de hacerlo\u00bb, marc\u00f3 el Jefe Comunal resaltando la tarea del Corral\u00f3n y el \u00e1rea de Servicios P\u00fablicos.<\/p>\n<p>&nbsp;<\/p>\n<p>Fuente: Prensa Municipal<\/p>\n<p>&nbsp;<\/p>\n<p>&nbsp;<\/p>\n","protected":false},"excerpt":{"rendered":"<p>En una nueva recorrida por distintas zonas de la ciudad el intendente Municipal se reuni\u00f3 con vecinos y el Presidente &#8230; <a title=\"Trabajos de mejoras en Unidad y Progreso, Marchetti y La Franja\" class=\"read-more\" href=\"https:\/\/www.hoymercedes.com.ar\/principal\/2017\/05\/19\/trabajos-de-mejoras-en-unidad-y-progreso-marchetti-y-la-franja\/\" aria-label=\"Leer m\u00e1s sobre Trabajos de mejoras en Unidad y Progreso, Marchetti y La Franja\">Leer m\u00e1s<\/a><\/p>\n","protected":false},"author":1,"featured_media":62902,"comment_status":"closed","ping_status":"open","sticky":false,"template":"","format":"standard","meta":{"_monsterinsights_skip_tracking":false,"_monsterinsights_sitenote_active":false,"_monsterinsights_sitenote_note":"","_monsterinsights_sitenote_category":0,"jetpack_post_was_ever_published":false,"_jetpack_newsletter_access":"","_jetpack_dont_email_post_to_subs":false,"_jetpack_newsletter_tier_id":0,"_jetpack_memberships_contains_paywalled_content":false,"_jetpack_memberships_contains_paid_content":false,"footnotes":"","jetpack_publicize_message":"","jetpack_publicize_feature_enabled":true,"jetpack_social_post_already_shared":true,"jetpack_social_options":{"image_generator_settings":{"template":"highway","default_image_id":0,"font":"","enabled":false},"version":2},"_wpas_customize_per_network":false},"categories":[30],"tags":[11157,2660,1806,8599,244,5947,11156,9036],"class_list":["post-62901","post","type-post","status-publish","format-standard","has-post-thumbnail","hentry","category-municipio","tag-carlos-romero","tag-corralon-municipal","tag-federacion-de-sociedades-de-fomento","tag-juan-ignacio-ustarroz","tag-municipio-2","tag-obras-publicas","tag-servicios-publicas","tag-vecinos","generate-columns","tablet-grid-50","mobile-grid-100","grid-parent","grid-50"],"jetpack_publicize_connections":[],"jetpack_featured_media_url":"https:\/\/www.hoymercedes.com.ar\/principal\/wp-content\/uploads\/2017\/05\/19-Muni-Romero-Ustarroz.jpg","wps_subtitle":"Servicios P\u00fablicos","jetpack_sharing_enabled":true,"_links":{"self":[{"href":"https:\/\/www.hoymercedes.com.ar\/principal\/wp-json\/wp\/v2\/posts\/62901","targetHints":{"allow":["GET"]}}],"collection":[{"href":"https:\/\/www.hoymercedes.com.ar\/principal\/wp-json\/wp\/v2\/posts"}],"about":[{"href":"https:\/\/www.hoymercedes.com.ar\/principal\/wp-json\/wp\/v2\/types\/post"}],"author":[{"embeddable":true,"href":"https:\/\/www.hoymercedes.com.ar\/principal\/wp-json\/wp\/v2\/users\/1"}],"replies":[{"embeddable":true,"href":"https:\/\/www.hoymercedes.com.ar\/principal\/wp-json\/wp\/v2\/comments?post=62901"}],"version-history":[{"count":0,"href":"https:\/\/www.hoymercedes.com.ar\/principal\/wp-json\/wp\/v2\/posts\/62901\/revisions"}],"wp:featuredmedia":[{"embeddable":true,"href":"https:\/\/www.hoymercedes.com.ar\/principal\/wp-json\/wp\/v2\/media\/62902"}],"wp:attachment":[{"href":"https:\/\/www.hoymercedes.com.ar\/principal\/wp-json\/wp\/v2\/media?parent=62901"}],"wp:term":[{"taxonomy":"category","embeddable":true,"href":"https:\/\/www.hoymercedes.com.ar\/principal\/wp-json\/wp\/v2\/categories?post=62901"},{"taxonomy":"post_tag","embeddable":true,"href":"https:\/\/www.hoymercedes.com.ar\/principal\/wp-json\/wp\/v2\/tags?post=62901"}],"curies":[{"name":"wp","href":"https:\/\/api.w.org\/{rel}","templated":true}]}}