{"id":62918,"date":"2017-05-19T21:48:25","date_gmt":"2017-05-20T00:48:25","guid":{"rendered":"http:\/\/www.hoymercedes.com.ar\/principal\/?p=62918"},"modified":"2017-05-19T21:48:25","modified_gmt":"2017-05-20T00:48:25","slug":"suspenden-festival-musical-en-tomas-jofre","status":"publish","type":"post","link":"https:\/\/www.hoymercedes.com.ar\/principal\/2017\/05\/19\/suspenden-festival-musical-en-tomas-jofre\/","title":{"rendered":"Suspenden festival musical en Tom\u00e1s Jofre"},"content":{"rendered":"<p>El clima y el pron\u00f3stico para el s\u00e1bado motiv\u00f3 a la organizaci\u00f3n del Festival \u201cJard\u00edn de Gente\u201d previsto para Tom\u00e1s Jofr\u00e9, a suspenderlo para el pr\u00f3ximo 10 de junio. El programa ser\u00e1 igual al anticipado con la participaci\u00f3n de\u00a0ADN Mar\u00eda Elena, Oscar Rossello, Martrop\u00eda, Rulo Godar y Naci\u00f3n Wiphala, y Quarto Pas4jero<\/p>\n<p>&nbsp;<\/p>\n<p>El Centro Cultural Jard\u00edn de Gente ten\u00eda previsto presentarse en sociedad este s\u00e1bado 20 de mayo. Sin embargo, las probabilidades de lluvias para la regi\u00f3n los oblig\u00f3 a postergarlo para el pr\u00f3ximo mes. Es as\u00ed que el festival y la presentaci\u00f3n en sociedad del espacio cultural que pr\u00f3ximamente funcionar\u00e1 en la zona rural deber\u00e1 esperar.<\/p>\n","protected":false},"excerpt":{"rendered":"<p>El clima y el pron\u00f3stico para el s\u00e1bado motiv\u00f3 a la organizaci\u00f3n del Festival \u201cJard\u00edn de Gente\u201d previsto para Tom\u00e1s &#8230; <a title=\"Suspenden festival musical en Tom\u00e1s Jofre\" class=\"read-more\" href=\"https:\/\/www.hoymercedes.com.ar\/principal\/2017\/05\/19\/suspenden-festival-musical-en-tomas-jofre\/\" aria-label=\"Leer m\u00e1s sobre Suspenden festival musical en Tom\u00e1s Jofre\">Leer m\u00e1s<\/a><\/p>\n","protected":false},"author":1,"featured_media":62923,"comment_status":"closed","ping_status":"open","sticky":false,"template":"","format":"standard","meta":{"_monsterinsights_skip_tracking":false,"_monsterinsights_sitenote_active":false,"_monsterinsights_sitenote_note":"","_monsterinsights_sitenote_category":0,"jetpack_post_was_ever_published":false,"_jetpack_newsletter_access":"","_jetpack_dont_email_post_to_subs":false,"_jetpack_newsletter_tier_id":0,"_jetpack_memberships_contains_paywalled_content":false,"_jetpack_memberships_contains_paid_content":false,"footnotes":"","jetpack_publicize_message":"","jetpack_publicize_feature_enabled":true,"jetpack_social_post_already_shared":true,"jetpack_social_options":{"image_generator_settings":{"template":"highway","default_image_id":0,"font":"","enabled":false},"version":2},"_wpas_customize_per_network":false},"categories":[104],"tags":[7805,11072,8879],"class_list":["post-62918","post","type-post","status-publish","format-standard","has-post-thumbnail","hentry","category-cultura","tag-cultura","tag-festival-jardin-de-gente","tag-suspension","generate-columns","tablet-grid-50","mobile-grid-100","grid-parent","grid-50"],"jetpack_publicize_connections":[],"jetpack_featured_media_url":"https:\/\/www.hoymercedes.com.ar\/principal\/wp-content\/uploads\/2017\/05\/19-jardin-gente-susp.jpg","wps_subtitle":"Por cuestiones clim\u00e1ticas","jetpack_sharing_enabled":true,"_links":{"self":[{"href":"https:\/\/www.hoymercedes.com.ar\/principal\/wp-json\/wp\/v2\/posts\/62918","targetHints":{"allow":["GET"]}}],"collection":[{"href":"https:\/\/www.hoymercedes.com.ar\/principal\/wp-json\/wp\/v2\/posts"}],"about":[{"href":"https:\/\/www.hoymercedes.com.ar\/principal\/wp-json\/wp\/v2\/types\/post"}],"author":[{"embeddable":true,"href":"https:\/\/www.hoymercedes.com.ar\/principal\/wp-json\/wp\/v2\/users\/1"}],"replies":[{"embeddable":true,"href":"https:\/\/www.hoymercedes.com.ar\/principal\/wp-json\/wp\/v2\/comments?post=62918"}],"version-history":[{"count":0,"href":"https:\/\/www.hoymercedes.com.ar\/principal\/wp-json\/wp\/v2\/posts\/62918\/revisions"}],"wp:featuredmedia":[{"embeddable":true,"href":"https:\/\/www.hoymercedes.com.ar\/principal\/wp-json\/wp\/v2\/media\/62923"}],"wp:attachment":[{"href":"https:\/\/www.hoymercedes.com.ar\/principal\/wp-json\/wp\/v2\/media?parent=62918"}],"wp:term":[{"taxonomy":"category","embeddable":true,"href":"https:\/\/www.hoymercedes.com.ar\/principal\/wp-json\/wp\/v2\/categories?post=62918"},{"taxonomy":"post_tag","embeddable":true,"href":"https:\/\/www.hoymercedes.com.ar\/principal\/wp-json\/wp\/v2\/tags?post=62918"}],"curies":[{"name":"wp","href":"https:\/\/api.w.org\/{rel}","templated":true}]}}