{"id":62964,"date":"2017-05-21T16:43:31","date_gmt":"2017-05-21T19:43:31","guid":{"rendered":"http:\/\/www.hoymercedes.com.ar\/principal\/?p=62964"},"modified":"2017-05-21T17:18:12","modified_gmt":"2017-05-21T20:18:12","slug":"fuerte-operativo-antidrogas-en-general-rodriguez","status":"publish","type":"post","link":"https:\/\/www.hoymercedes.com.ar\/principal\/2017\/05\/21\/fuerte-operativo-antidrogas-en-general-rodriguez\/","title":{"rendered":"Fuerte operativo antidrogas en General Rodr\u00edguez"},"content":{"rendered":"<p><img loading=\"lazy\" decoding=\"async\" data-attachment-id=\"62966\" data-permalink=\"https:\/\/www.hoymercedes.com.ar\/principal\/2017\/05\/21\/fuerte-operativo-antidrogas-en-general-rodriguez\/polihm\/#main\" data-orig-file=\"https:\/\/www.hoymercedes.com.ar\/principal\/wp-content\/uploads\/2017\/05\/polihm.jpg\" data-orig-size=\"600,338\" data-comments-opened=\"0\" data-image-meta=\"{&quot;aperture&quot;:&quot;2.6&quot;,&quot;credit&quot;:&quot;&quot;,&quot;camera&quot;:&quot;FDR-AX40&quot;,&quot;caption&quot;:&quot;&quot;,&quot;created_timestamp&quot;:&quot;1495267052&quot;,&quot;copyright&quot;:&quot;&quot;,&quot;focal_length&quot;:&quot;7&quot;,&quot;iso&quot;:&quot;0&quot;,&quot;shutter_speed&quot;:&quot;0.033333333333333&quot;,&quot;title&quot;:&quot;&quot;,&quot;orientation&quot;:&quot;1&quot;}\" data-image-title=\"polihm\" data-image-description=\"\" data-image-caption=\"\" data-large-file=\"https:\/\/www.hoymercedes.com.ar\/principal\/wp-content\/uploads\/2017\/05\/polihm.jpg\" class=\"aligncenter size-full wp-image-62966\" src=\"https:\/\/www.hoymercedes.com.ar\/principal\/wp-content\/uploads\/2017\/05\/polihm.jpg\" alt=\"\" width=\"600\" height=\"338\" srcset=\"https:\/\/www.hoymercedes.com.ar\/principal\/wp-content\/uploads\/2017\/05\/polihm.jpg 600w, https:\/\/www.hoymercedes.com.ar\/principal\/wp-content\/uploads\/2017\/05\/polihm-150x85.jpg 150w\" sizes=\"auto, (max-width: 600px) 100vw, 600px\" \/>Desde hace varias semanas, personal de la Delegaci\u00f3n Mercedes de la Polic\u00eda Federal Argentina, investigaba la presunta Infracci\u00f3n a la Ley 23.737 en la localidad de General Rodr\u00edguez.<\/p>\n<p>Producto de ello en el s\u00e1bado 20 mayo de 2017 en horas de la ma\u00f1ana se llev\u00f3 a cabo un allanamiento por parte del personal de la Delegaci\u00f3n Mercedes Delitos Federales y Complejos de la Polic\u00eda Federal Argentina, en una vivienda sita en calle Libertador San Mart\u00edn esquina Andrade del Barrio San Mart\u00edn de General Rodr\u00edguez. En el lugar lograron la aprehensi\u00f3n de un masculino de nacionalidad argentina mayor de edad y el secuestro de alrededor de 370 dosis de clorhidrato de coca\u00edna, 24 cogollos de marihuana que se encontraban en un frasco de vidrio transparente, 2 plantas de cannabis sativa, celulares varios y alrededor de ocho mil pesos producto de la venta del mencionado estupefaciente.<\/p>\n<p>La diligencia Judicial fue librada por el Juzgado de Garant\u00edas N\u00b0 1 a cargo de la doctora Adriana Juli\u00e1n del Departamento Judicial de Moreno \u2013 Gral. Rodr\u00edguez, con intervenci\u00f3n de la UFI N\u00b010. El operativo cont\u00f3 en todo momento con la presencia del secretario de la UFI, doctor Gabriel L\u00f3pez, quien aprob\u00f3 todo lo actuado.<\/p>\n","protected":false},"excerpt":{"rendered":"<p>Desde hace varias semanas, personal de la Delegaci\u00f3n Mercedes de la Polic\u00eda Federal Argentina, investigaba la presunta Infracci\u00f3n a la &#8230; <a title=\"Fuerte operativo antidrogas en General Rodr\u00edguez\" class=\"read-more\" href=\"https:\/\/www.hoymercedes.com.ar\/principal\/2017\/05\/21\/fuerte-operativo-antidrogas-en-general-rodriguez\/\" aria-label=\"Leer m\u00e1s sobre Fuerte operativo antidrogas en General Rodr\u00edguez\">Leer m\u00e1s<\/a><\/p>\n","protected":false},"author":1,"featured_media":62966,"comment_status":"closed","ping_status":"open","sticky":false,"template":"","format":"standard","meta":{"_monsterinsights_skip_tracking":false,"_monsterinsights_sitenote_active":false,"_monsterinsights_sitenote_note":"","_monsterinsights_sitenote_category":0,"jetpack_post_was_ever_published":false,"_jetpack_newsletter_access":"","_jetpack_dont_email_post_to_subs":false,"_jetpack_newsletter_tier_id":0,"_jetpack_memberships_contains_paywalled_content":false,"_jetpack_memberships_contains_paid_content":false,"footnotes":"","jetpack_publicize_message":"","jetpack_publicize_feature_enabled":true,"jetpack_social_post_already_shared":true,"jetpack_social_options":{"image_generator_settings":{"template":"highway","default_image_id":0,"font":"","enabled":false},"version":2},"_wpas_customize_per_network":false},"categories":[85],"tags":[11168,10533,8848,83,96],"class_list":["post-62964","post","type-post","status-publish","format-standard","has-post-thumbnail","hentry","category-policial","tag-antidrogas","tag-federal","tag-operativo","tag-policia","tag-policial-2","generate-columns","tablet-grid-50","mobile-grid-100","grid-parent","grid-50"],"jetpack_publicize_connections":[],"jetpack_featured_media_url":"https:\/\/www.hoymercedes.com.ar\/principal\/wp-content\/uploads\/2017\/05\/polihm.jpg","wps_subtitle":"Efectuado por la Polic\u00eda Federal Mercedes","jetpack_sharing_enabled":true,"_links":{"self":[{"href":"https:\/\/www.hoymercedes.com.ar\/principal\/wp-json\/wp\/v2\/posts\/62964","targetHints":{"allow":["GET"]}}],"collection":[{"href":"https:\/\/www.hoymercedes.com.ar\/principal\/wp-json\/wp\/v2\/posts"}],"about":[{"href":"https:\/\/www.hoymercedes.com.ar\/principal\/wp-json\/wp\/v2\/types\/post"}],"author":[{"embeddable":true,"href":"https:\/\/www.hoymercedes.com.ar\/principal\/wp-json\/wp\/v2\/users\/1"}],"replies":[{"embeddable":true,"href":"https:\/\/www.hoymercedes.com.ar\/principal\/wp-json\/wp\/v2\/comments?post=62964"}],"version-history":[{"count":0,"href":"https:\/\/www.hoymercedes.com.ar\/principal\/wp-json\/wp\/v2\/posts\/62964\/revisions"}],"wp:featuredmedia":[{"embeddable":true,"href":"https:\/\/www.hoymercedes.com.ar\/principal\/wp-json\/wp\/v2\/media\/62966"}],"wp:attachment":[{"href":"https:\/\/www.hoymercedes.com.ar\/principal\/wp-json\/wp\/v2\/media?parent=62964"}],"wp:term":[{"taxonomy":"category","embeddable":true,"href":"https:\/\/www.hoymercedes.com.ar\/principal\/wp-json\/wp\/v2\/categories?post=62964"},{"taxonomy":"post_tag","embeddable":true,"href":"https:\/\/www.hoymercedes.com.ar\/principal\/wp-json\/wp\/v2\/tags?post=62964"}],"curies":[{"name":"wp","href":"https:\/\/api.w.org\/{rel}","templated":true}]}}