{"id":62996,"date":"2017-05-22T12:02:05","date_gmt":"2017-05-22T15:02:05","guid":{"rendered":"http:\/\/www.hoymercedes.com.ar\/principal\/?p=62996"},"modified":"2017-05-22T09:48:11","modified_gmt":"2017-05-22T12:48:11","slug":"la-liga-mercedina-programo-actividad-para-el-feriado-del-25-de-mayo","status":"publish","type":"post","link":"https:\/\/www.hoymercedes.com.ar\/principal\/2017\/05\/22\/la-liga-mercedina-programo-actividad-para-el-feriado-del-25-de-mayo\/","title":{"rendered":"La Liga Mercedina program\u00f3 actividad para el feriado del 25 de mayo"},"content":{"rendered":"<p><strong><em>Aprovechando que el jueves es d\u00eda no laborable y teniendo en cuenta que en los \u00faltimos dos fines de semana pr\u00e1cticamente no hubo actividad a causa de la lluvia, la Liga Mercedina de F\u00fatbol reorden\u00f3 el cronograma de partidos para lo que viene y todo lo previsto en Primera y Reserva para el pasado s\u00e1bado y domingo se jugar\u00e1 en el feriado del 25 de mayo, con el siguiente orden:<\/em><\/strong><\/p>\n<p><img loading=\"lazy\" decoding=\"async\" data-attachment-id=\"62997\" data-permalink=\"https:\/\/www.hoymercedes.com.ar\/principal\/2017\/05\/22\/la-liga-mercedina-programo-actividad-para-el-feriado-del-25-de-mayo\/dscn9459-2\/#main\" data-orig-file=\"https:\/\/www.hoymercedes.com.ar\/principal\/wp-content\/uploads\/2017\/05\/DSCN9459.jpg\" data-orig-size=\"650,487\" data-comments-opened=\"0\" data-image-meta=\"{&quot;aperture&quot;:&quot;5.4&quot;,&quot;credit&quot;:&quot;&quot;,&quot;camera&quot;:&quot;COOLPIX L310&quot;,&quot;caption&quot;:&quot;&quot;,&quot;created_timestamp&quot;:&quot;1489944687&quot;,&quot;copyright&quot;:&quot;&quot;,&quot;focal_length&quot;:&quot;39.7&quot;,&quot;iso&quot;:&quot;180&quot;,&quot;shutter_speed&quot;:&quot;0.002&quot;,&quot;title&quot;:&quot;&quot;,&quot;orientation&quot;:&quot;1&quot;}\" data-image-title=\"DSCN9459\" data-image-description=\"\" data-image-caption=\"\" data-large-file=\"https:\/\/www.hoymercedes.com.ar\/principal\/wp-content\/uploads\/2017\/05\/DSCN9459.jpg\" class=\"aligncenter size-medium wp-image-62997\" src=\"https:\/\/www.hoymercedes.com.ar\/principal\/wp-content\/uploads\/2017\/05\/DSCN9459-630x472.jpg\" alt=\"\" width=\"630\" height=\"472\" srcset=\"https:\/\/www.hoymercedes.com.ar\/principal\/wp-content\/uploads\/2017\/05\/DSCN9459-630x472.jpg 630w, https:\/\/www.hoymercedes.com.ar\/principal\/wp-content\/uploads\/2017\/05\/DSCN9459-150x112.jpg 150w, https:\/\/www.hoymercedes.com.ar\/principal\/wp-content\/uploads\/2017\/05\/DSCN9459.jpg 650w\" sizes=\"auto, (max-width: 630px) 100vw, 630px\" \/><\/p>\n<p><strong>PRIMERA DIVISION<\/strong><\/p>\n<p><em><strong>Cancha Liga Mercedina<\/strong><\/em><br \/>\n11:00 hs. El Tim\u00f3n Vs. Los Palometas<br \/>\n13:00 hs. Mercedes Vs. Costa Brava<br \/>\n15:00 hs. Quilmes Vs. Ateneo<br \/>\n17:00 hs. Comunicaciones Vs. Defensores<br \/>\n19:00 hs. Trocha Vs. Atl\u00e9tico Marcos Paz<\/p>\n<p><em><strong>Cancha El Front\u00f3n<\/strong><\/em><br \/>\n14:00 hs. El Front\u00f3n Vs. Pabell\u00f3n Argentino<\/p>\n<p><em><strong>Cancha Juventud <\/strong><\/em><br \/>\n16:00 hs. Juventud Vs. Estudiantes<\/p>\n<p><strong>RESERVA<\/strong><\/p>\n<p><em><strong>Cancha Mercedes<\/strong><\/em><br \/>\n14:00 hs. El Tim\u00f3n Vs. Los Palometas<br \/>\n15:45 hs. Mercedes Vs. Costa Brava<\/p>\n<p><em><strong>Cancha Quilmes<\/strong><\/em><br \/>\n12:15 hs. Quilmes Vs. Ateneo<br \/>\n14:15 hs. Trocha Vs. Atl\u00e9tico Marcos Paz<\/p>\n<p><em><strong>Cancha Comunicaciones<\/strong><\/em><br \/>\n13:15 hs. Comunicaciones Vs. Defensores Jrs.<br \/>\n15:00 hs. Uni\u00f3n Vs. V\u00e9lez Sarsfield<\/p>\n<p><em><strong>Cancha Juventud <\/strong><\/em><br \/>\n14:00 hs. Juventud Vs. Estudiantes<\/p>\n<p><em><strong>Cancha El Front\u00f3n<\/strong><\/em><br \/>\n16:00 hs. El Front\u00f3n Vs. Pabell\u00f3n Argentino<\/p>\n","protected":false},"excerpt":{"rendered":"<p>Aprovechando que el jueves es d\u00eda no laborable y teniendo en cuenta que en los \u00faltimos dos fines de semana &#8230; <a title=\"La Liga Mercedina program\u00f3 actividad para el feriado del 25 de mayo\" class=\"read-more\" href=\"https:\/\/www.hoymercedes.com.ar\/principal\/2017\/05\/22\/la-liga-mercedina-programo-actividad-para-el-feriado-del-25-de-mayo\/\" aria-label=\"Leer m\u00e1s sobre La Liga Mercedina program\u00f3 actividad para el feriado del 25 de mayo\">Leer m\u00e1s<\/a><\/p>\n","protected":false},"author":1,"featured_media":62997,"comment_status":"closed","ping_status":"open","sticky":false,"template":"","format":"standard","meta":{"_monsterinsights_skip_tracking":false,"_monsterinsights_sitenote_active":false,"_monsterinsights_sitenote_note":"","_monsterinsights_sitenote_category":0,"jetpack_post_was_ever_published":false,"_jetpack_newsletter_access":"","_jetpack_dont_email_post_to_subs":false,"_jetpack_newsletter_tier_id":0,"_jetpack_memberships_contains_paywalled_content":false,"_jetpack_memberships_contains_paid_content":false,"footnotes":"","jetpack_publicize_message":"","jetpack_publicize_feature_enabled":true,"jetpack_social_post_already_shared":true,"jetpack_social_options":{"image_generator_settings":{"template":"highway","default_image_id":0,"font":"","enabled":false},"version":2},"_wpas_customize_per_network":false},"categories":[21],"tags":[204,1003,1901,11180],"class_list":["post-62996","post","type-post","status-publish","format-standard","has-post-thumbnail","hentry","category-deportes","tag-deportes-2","tag-futbol","tag-liga-mercedina","tag-programacion-para-el-25-de-mayo","generate-columns","tablet-grid-50","mobile-grid-100","grid-parent","grid-50"],"jetpack_publicize_connections":[],"jetpack_featured_media_url":"https:\/\/www.hoymercedes.com.ar\/principal\/wp-content\/uploads\/2017\/05\/DSCN9459.jpg","wps_subtitle":"F\u00fatbol","jetpack_sharing_enabled":true,"_links":{"self":[{"href":"https:\/\/www.hoymercedes.com.ar\/principal\/wp-json\/wp\/v2\/posts\/62996","targetHints":{"allow":["GET"]}}],"collection":[{"href":"https:\/\/www.hoymercedes.com.ar\/principal\/wp-json\/wp\/v2\/posts"}],"about":[{"href":"https:\/\/www.hoymercedes.com.ar\/principal\/wp-json\/wp\/v2\/types\/post"}],"author":[{"embeddable":true,"href":"https:\/\/www.hoymercedes.com.ar\/principal\/wp-json\/wp\/v2\/users\/1"}],"replies":[{"embeddable":true,"href":"https:\/\/www.hoymercedes.com.ar\/principal\/wp-json\/wp\/v2\/comments?post=62996"}],"version-history":[{"count":0,"href":"https:\/\/www.hoymercedes.com.ar\/principal\/wp-json\/wp\/v2\/posts\/62996\/revisions"}],"wp:featuredmedia":[{"embeddable":true,"href":"https:\/\/www.hoymercedes.com.ar\/principal\/wp-json\/wp\/v2\/media\/62997"}],"wp:attachment":[{"href":"https:\/\/www.hoymercedes.com.ar\/principal\/wp-json\/wp\/v2\/media?parent=62996"}],"wp:term":[{"taxonomy":"category","embeddable":true,"href":"https:\/\/www.hoymercedes.com.ar\/principal\/wp-json\/wp\/v2\/categories?post=62996"},{"taxonomy":"post_tag","embeddable":true,"href":"https:\/\/www.hoymercedes.com.ar\/principal\/wp-json\/wp\/v2\/tags?post=62996"}],"curies":[{"name":"wp","href":"https:\/\/api.w.org\/{rel}","templated":true}]}}