{"id":63003,"date":"2017-05-23T07:16:55","date_gmt":"2017-05-23T10:16:55","guid":{"rendered":"http:\/\/www.hoymercedes.com.ar\/principal\/?p=63003"},"modified":"2017-05-22T09:37:49","modified_gmt":"2017-05-22T12:37:49","slug":"quilmes-cayo-en-mini-ante-gimnasia-en-un-partido-con-muchas-irregularidades","status":"publish","type":"post","link":"https:\/\/www.hoymercedes.com.ar\/principal\/2017\/05\/23\/quilmes-cayo-en-mini-ante-gimnasia-en-un-partido-con-muchas-irregularidades\/","title":{"rendered":"Quilmes cay\u00f3 en Mini ante Gimnasia en un partido con muchas irregularidades"},"content":{"rendered":"<p><em><strong>Quilmes viaj\u00f3 a la Ciudad de Chivilcoy para disputar un solo partido oficial (Fecha 7\u00ba) en la categor\u00eda Mini, ya que Gimnasia y Esgrima de dicha ciudad no cuenta con el resto de las categor\u00edas\u00a0por los puntos. S\u00f3lo jug\u00f3 amistosamente con dicho conjunto en U15, y a su vez jug\u00f3 del mismo modo con Los Millonarios de Bragado.<\/strong> <\/em><\/p>\n<p><img loading=\"lazy\" decoding=\"async\" data-attachment-id=\"63004\" data-permalink=\"https:\/\/www.hoymercedes.com.ar\/principal\/2017\/05\/23\/quilmes-cayo-en-mini-ante-gimnasia-en-un-partido-con-muchas-irregularidades\/quilmes-mini2017-2\/#main\" data-orig-file=\"https:\/\/www.hoymercedes.com.ar\/principal\/wp-content\/uploads\/2017\/05\/Quilmes-Mini2017.jpg\" data-orig-size=\"960,720\" data-comments-opened=\"0\" data-image-meta=\"{&quot;aperture&quot;:&quot;0&quot;,&quot;credit&quot;:&quot;&quot;,&quot;camera&quot;:&quot;&quot;,&quot;caption&quot;:&quot;&quot;,&quot;created_timestamp&quot;:&quot;0&quot;,&quot;copyright&quot;:&quot;&quot;,&quot;focal_length&quot;:&quot;0&quot;,&quot;iso&quot;:&quot;0&quot;,&quot;shutter_speed&quot;:&quot;0&quot;,&quot;title&quot;:&quot;&quot;,&quot;orientation&quot;:&quot;0&quot;}\" data-image-title=\"Quilmes Mini2017\" data-image-description=\"\" data-image-caption=\"\" data-large-file=\"https:\/\/www.hoymercedes.com.ar\/principal\/wp-content\/uploads\/2017\/05\/Quilmes-Mini2017.jpg\" class=\"aligncenter size-medium wp-image-63004\" src=\"https:\/\/www.hoymercedes.com.ar\/principal\/wp-content\/uploads\/2017\/05\/Quilmes-Mini2017-630x473.jpg\" alt=\"\" width=\"630\" height=\"473\" srcset=\"https:\/\/www.hoymercedes.com.ar\/principal\/wp-content\/uploads\/2017\/05\/Quilmes-Mini2017-630x473.jpg 630w, https:\/\/www.hoymercedes.com.ar\/principal\/wp-content\/uploads\/2017\/05\/Quilmes-Mini2017-150x113.jpg 150w, https:\/\/www.hoymercedes.com.ar\/principal\/wp-content\/uploads\/2017\/05\/Quilmes-Mini2017.jpg 960w\" sizes=\"auto, (max-width: 630px) 100vw, 630px\" \/><\/p>\n<p>Dec\u00edamos en el t\u00edtulo derrota en duda ya que no solamente la ABCH no mand\u00f3 ning\u00fan \u00e1rbitro habilitado (el partido fue dirigido por dos chicos de las inferiores de Gimnasia con un solo silbato), y tampoco hab\u00eda disponible por parte del local reloj de control, ni funcionaba el tablero electr\u00f3nico y estaban rotas las redes de los aros.<\/p>\n<p>El tiempo se calculaba casi de corrido y a trav\u00e9s de un celular. Todas estas irregularidades llevaron a que Quilmes, ante dicho panorama, juegue el partido bajo protesta, con lo cual una victoria o una derrota, a esa altura daba lo mismo. Por lo tanto, el partido se definir\u00e1 en la ABCH que tiene 3 alternativas: Dar por ganado el partido a Quilmes, jugar nuevamente el partido o dejar todo como est\u00e1 y admitir todas estas irregularidades. En cuanto al juego fue muy parejo, con leve ventaja para el local en el final.<\/p>\n<p>Asimismo, en U15 gan\u00f3 muy f\u00e1cil ambos partidos amistosos, incluso d\u00e1ndole rodaje el DT a chicos que no juegan habitualmente.<\/p>\n<p>&nbsp;<\/p>\n<p>&nbsp;<\/p>\n<p><strong>MINI:<\/strong><\/p>\n<p><strong>GIMNASIA Y ESGRIMA (CH) 35:<\/strong>\u00a0Franchi 8, Vito 5, Palomeque 4, L\u00f3pez 4, Giachetta 4, Mart\u00ednez 4, Raciatti 2, Zaragoza 2, Reynoso 2, Ferrari, Sarratea, Dimuro. DT: L. Caprifoglio<\/p>\n<p><strong>QUILMES (M) 31:<\/strong>\u00a0Bourdieu 8, \u00a0T. Bongiorno 6, J. Cabanas 5,\u00a0 \u00a0M. Brilado 4, Ayesa 4, J.P. Fern\u00e1ndez 2, J. Alvarez 2, Almir\u00f3n, Cend\u00e1n, Milesi, Bondanza, Gal\u00e1n, Gendelmeier. DT: G. Retegui<\/p>\n<p>&nbsp;<\/p>\n<p><strong>U15:<\/strong><\/p>\n<p><strong>GIMNASIA Y ESGRIMA (CH) 19<\/strong><\/p>\n<p><strong>QUILMES (M) 59:<\/strong>\u00a0Valdez 14, Festugatto 11, Lencioni 9, Aveiro 7, Graziadei 6, Bellangher 4, Indurain 4, Cabana 2, Brovelli 2, Ram\u00edrez. DT: G. Retegui<\/p>\n<p>&nbsp;<\/p>\n<p><strong>LOS MILLONARIOS (B) 6<\/strong><\/p>\n<p><strong>QUILMES (M) 43:<\/strong>\u00a0Cabana 11, Aveiro 8, Brovelli 6, Festugatto 6, Lencioni 6, Bellangher 4, Valdez 2, Graziadei ,\u00a0 Indurain , Ram\u00edrez. DT: G. Retegui<\/p>\n<p>&nbsp;<\/p>\n<p><strong>PR\u00d3XIMA FECHA:<\/strong> 8\u00ba: Quilmes \u2013 Racing (Ch).<\/p>\n","protected":false},"excerpt":{"rendered":"<p>Quilmes viaj\u00f3 a la Ciudad de Chivilcoy para disputar un solo partido oficial (Fecha 7\u00ba) en la categor\u00eda Mini, ya &#8230; <a title=\"Quilmes cay\u00f3 en Mini ante Gimnasia en un partido con muchas irregularidades\" class=\"read-more\" href=\"https:\/\/www.hoymercedes.com.ar\/principal\/2017\/05\/23\/quilmes-cayo-en-mini-ante-gimnasia-en-un-partido-con-muchas-irregularidades\/\" aria-label=\"Leer m\u00e1s sobre Quilmes cay\u00f3 en Mini ante Gimnasia en un partido con muchas irregularidades\">Leer m\u00e1s<\/a><\/p>\n","protected":false},"author":1,"featured_media":63004,"comment_status":"closed","ping_status":"open","sticky":false,"template":"","format":"standard","meta":{"_monsterinsights_skip_tracking":false,"_monsterinsights_sitenote_active":false,"_monsterinsights_sitenote_note":"","_monsterinsights_sitenote_category":0,"jetpack_post_was_ever_published":false,"_jetpack_newsletter_access":"","_jetpack_dont_email_post_to_subs":false,"_jetpack_newsletter_tier_id":0,"_jetpack_memberships_contains_paywalled_content":false,"_jetpack_memberships_contains_paid_content":false,"footnotes":"","jetpack_publicize_message":"","jetpack_publicize_feature_enabled":true,"jetpack_social_post_already_shared":true,"jetpack_social_options":{"image_generator_settings":{"template":"highway","default_image_id":0,"font":"","enabled":false},"version":2},"_wpas_customize_per_network":false},"categories":[21],"tags":[1058,204,9342,9259,10,11178,1413],"class_list":["post-63003","post","type-post","status-publish","format-standard","has-post-thumbnail","hentry","category-deportes","tag-basquet","tag-deportes-2","tag-gimnasia","tag-inferiores","tag-mercedes","tag-mini","tag-quilmes","generate-columns","tablet-grid-50","mobile-grid-100","grid-parent","grid-50"],"jetpack_publicize_connections":[],"jetpack_featured_media_url":"https:\/\/www.hoymercedes.com.ar\/principal\/wp-content\/uploads\/2017\/05\/Quilmes-Mini2017.jpg","wps_subtitle":"Basquet Inferiores","jetpack_sharing_enabled":true,"_links":{"self":[{"href":"https:\/\/www.hoymercedes.com.ar\/principal\/wp-json\/wp\/v2\/posts\/63003","targetHints":{"allow":["GET"]}}],"collection":[{"href":"https:\/\/www.hoymercedes.com.ar\/principal\/wp-json\/wp\/v2\/posts"}],"about":[{"href":"https:\/\/www.hoymercedes.com.ar\/principal\/wp-json\/wp\/v2\/types\/post"}],"author":[{"embeddable":true,"href":"https:\/\/www.hoymercedes.com.ar\/principal\/wp-json\/wp\/v2\/users\/1"}],"replies":[{"embeddable":true,"href":"https:\/\/www.hoymercedes.com.ar\/principal\/wp-json\/wp\/v2\/comments?post=63003"}],"version-history":[{"count":0,"href":"https:\/\/www.hoymercedes.com.ar\/principal\/wp-json\/wp\/v2\/posts\/63003\/revisions"}],"wp:featuredmedia":[{"embeddable":true,"href":"https:\/\/www.hoymercedes.com.ar\/principal\/wp-json\/wp\/v2\/media\/63004"}],"wp:attachment":[{"href":"https:\/\/www.hoymercedes.com.ar\/principal\/wp-json\/wp\/v2\/media?parent=63003"}],"wp:term":[{"taxonomy":"category","embeddable":true,"href":"https:\/\/www.hoymercedes.com.ar\/principal\/wp-json\/wp\/v2\/categories?post=63003"},{"taxonomy":"post_tag","embeddable":true,"href":"https:\/\/www.hoymercedes.com.ar\/principal\/wp-json\/wp\/v2\/tags?post=63003"}],"curies":[{"name":"wp","href":"https:\/\/api.w.org\/{rel}","templated":true}]}}