{"id":63019,"date":"2017-05-22T13:23:36","date_gmt":"2017-05-22T16:23:36","guid":{"rendered":"http:\/\/www.hoymercedes.com.ar\/principal\/?p=63019"},"modified":"2017-05-25T15:46:15","modified_gmt":"2017-05-25T18:46:15","slug":"taller-de-plantas-aromaticas-en-centro-de-jubilados","status":"publish","type":"post","link":"https:\/\/www.hoymercedes.com.ar\/principal\/2017\/05\/22\/taller-de-plantas-aromaticas-en-centro-de-jubilados\/","title":{"rendered":"Taller de Plantas Arom\u00e1ticas en Centro de Jubilados"},"content":{"rendered":"<p>En el Centro de Jubilados de calle 21 y 50, se realizar\u00e1 el pr\u00f3ximo mi\u00e9rcoles 24 de mayo, a partir de las 9:30 horas, un Taller de Plantas Arom\u00e1ticas. Los interesados pueden presentarse en el centro de jubilados y realizar las consultas e inscripci\u00f3n correspondiente.<\/p>\n<p><img loading=\"lazy\" decoding=\"async\" data-attachment-id=\"63020\" data-permalink=\"https:\/\/www.hoymercedes.com.ar\/principal\/2017\/05\/22\/taller-de-plantas-aromaticas-en-centro-de-jubilados\/22-adultos-mayores\/#main\" data-orig-file=\"https:\/\/www.hoymercedes.com.ar\/principal\/wp-content\/uploads\/2017\/05\/22-adultos-mayores.jpg\" data-orig-size=\"445,630\" data-comments-opened=\"0\" data-image-meta=\"{&quot;aperture&quot;:&quot;0&quot;,&quot;credit&quot;:&quot;&quot;,&quot;camera&quot;:&quot;&quot;,&quot;caption&quot;:&quot;&quot;,&quot;created_timestamp&quot;:&quot;0&quot;,&quot;copyright&quot;:&quot;&quot;,&quot;focal_length&quot;:&quot;0&quot;,&quot;iso&quot;:&quot;0&quot;,&quot;shutter_speed&quot;:&quot;0&quot;,&quot;title&quot;:&quot;&quot;,&quot;orientation&quot;:&quot;0&quot;}\" data-image-title=\"22 adultos mayores\" data-image-description=\"\" data-image-caption=\"\" data-large-file=\"https:\/\/www.hoymercedes.com.ar\/principal\/wp-content\/uploads\/2017\/05\/22-adultos-mayores.jpg\" class=\"aligncenter size-medium wp-image-63020\" src=\"https:\/\/www.hoymercedes.com.ar\/principal\/wp-content\/uploads\/2017\/05\/22-adultos-mayores-438x620.jpg\" alt=\"\" width=\"438\" height=\"620\" srcset=\"https:\/\/www.hoymercedes.com.ar\/principal\/wp-content\/uploads\/2017\/05\/22-adultos-mayores-438x620.jpg 438w, https:\/\/www.hoymercedes.com.ar\/principal\/wp-content\/uploads\/2017\/05\/22-adultos-mayores-106x150.jpg 106w, https:\/\/www.hoymercedes.com.ar\/principal\/wp-content\/uploads\/2017\/05\/22-adultos-mayores.jpg 445w\" sizes=\"auto, (max-width: 438px) 100vw, 438px\" \/><\/p>\n<p>&nbsp;<\/p>\n","protected":false},"excerpt":{"rendered":"<p>En el Centro de Jubilados de calle 21 y 50, se realizar\u00e1 el pr\u00f3ximo mi\u00e9rcoles 24 de mayo, a partir &#8230; <a title=\"Taller de Plantas Arom\u00e1ticas en Centro de Jubilados\" class=\"read-more\" href=\"https:\/\/www.hoymercedes.com.ar\/principal\/2017\/05\/22\/taller-de-plantas-aromaticas-en-centro-de-jubilados\/\" aria-label=\"Leer m\u00e1s sobre Taller de Plantas Arom\u00e1ticas en Centro de Jubilados\">Leer m\u00e1s<\/a><\/p>\n","protected":false},"author":1,"featured_media":0,"comment_status":"closed","ping_status":"open","sticky":false,"template":"","format":"standard","meta":{"_monsterinsights_skip_tracking":false,"_monsterinsights_sitenote_active":false,"_monsterinsights_sitenote_note":"","_monsterinsights_sitenote_category":0,"jetpack_post_was_ever_published":false,"_jetpack_newsletter_access":"","_jetpack_dont_email_post_to_subs":false,"_jetpack_newsletter_tier_id":0,"_jetpack_memberships_contains_paywalled_content":false,"_jetpack_memberships_contains_paid_content":false,"footnotes":"","jetpack_publicize_message":"","jetpack_publicize_feature_enabled":true,"jetpack_social_post_already_shared":true,"jetpack_social_options":{"image_generator_settings":{"template":"highway","default_image_id":0,"font":"","enabled":false},"version":2},"_wpas_customize_per_network":false},"categories":[5608],"tags":[8752,1734,11183],"class_list":["post-63019","post","type-post","status-publish","format-standard","hentry","category-sin-categoria","tag-adultos-mayores","tag-ciudad-2","tag-taller-de-plantas-aromaticas","generate-columns","tablet-grid-50","mobile-grid-100","grid-parent","grid-50"],"jetpack_publicize_connections":[],"jetpack_featured_media_url":"","wps_subtitle":"","jetpack_sharing_enabled":true,"_links":{"self":[{"href":"https:\/\/www.hoymercedes.com.ar\/principal\/wp-json\/wp\/v2\/posts\/63019","targetHints":{"allow":["GET"]}}],"collection":[{"href":"https:\/\/www.hoymercedes.com.ar\/principal\/wp-json\/wp\/v2\/posts"}],"about":[{"href":"https:\/\/www.hoymercedes.com.ar\/principal\/wp-json\/wp\/v2\/types\/post"}],"author":[{"embeddable":true,"href":"https:\/\/www.hoymercedes.com.ar\/principal\/wp-json\/wp\/v2\/users\/1"}],"replies":[{"embeddable":true,"href":"https:\/\/www.hoymercedes.com.ar\/principal\/wp-json\/wp\/v2\/comments?post=63019"}],"version-history":[{"count":0,"href":"https:\/\/www.hoymercedes.com.ar\/principal\/wp-json\/wp\/v2\/posts\/63019\/revisions"}],"wp:attachment":[{"href":"https:\/\/www.hoymercedes.com.ar\/principal\/wp-json\/wp\/v2\/media?parent=63019"}],"wp:term":[{"taxonomy":"category","embeddable":true,"href":"https:\/\/www.hoymercedes.com.ar\/principal\/wp-json\/wp\/v2\/categories?post=63019"},{"taxonomy":"post_tag","embeddable":true,"href":"https:\/\/www.hoymercedes.com.ar\/principal\/wp-json\/wp\/v2\/tags?post=63019"}],"curies":[{"name":"wp","href":"https:\/\/api.w.org\/{rel}","templated":true}]}}