{"id":63023,"date":"2017-05-22T15:10:30","date_gmt":"2017-05-22T18:10:30","guid":{"rendered":"http:\/\/www.hoymercedes.com.ar\/principal\/?p=63023"},"modified":"2017-05-22T15:10:30","modified_gmt":"2017-05-22T18:10:30","slug":"el-cef-de-gowland-recibio-material-deportivo-a-traves-de-nacion","status":"publish","type":"post","link":"https:\/\/www.hoymercedes.com.ar\/principal\/2017\/05\/22\/el-cef-de-gowland-recibio-material-deportivo-a-traves-de-nacion\/","title":{"rendered":"El CEF de Gowland recibi\u00f3 material deportivo a trav\u00e9s de Naci\u00f3n"},"content":{"rendered":"<p>El pasado viernes se realiz\u00f3 una jornada recreativa en la Escuela T\u00e9cnica N\u00b0 2 donde la Subsecretar\u00eda de Juventud junto al Centro de Referencia, ambos del Ministerio de Desarrollo Social de la Naci\u00f3n, entreg\u00f3 al Centro de Educaci\u00f3n F\u00edsica N\u00b0 193, m\u00e1s de 270 elementos compuestos por material deportivo y de gimnasia, por un monto cercano a los 70 mil pesos. Participaron del encuentro m\u00e1s de 80 j\u00f3venes de 12 a 25 a\u00f1os de la comunidad, autoridades, docentes y profesionales que se desempe\u00f1an en el CEF de la localidad rural.<\/p>\n<p><img loading=\"lazy\" decoding=\"async\" data-attachment-id=\"63025\" data-permalink=\"https:\/\/www.hoymercedes.com.ar\/principal\/2017\/05\/22\/el-cef-de-gowland-recibio-material-deportivo-a-traves-de-nacion\/22-cdr-jornada-deportiva-en-gowland-13\/#main\" data-orig-file=\"https:\/\/www.hoymercedes.com.ar\/principal\/wp-content\/uploads\/2017\/05\/22-CDR-jornada-deportiva-en-Gowland-13.jpg\" data-orig-size=\"630,420\" data-comments-opened=\"0\" data-image-meta=\"{&quot;aperture&quot;:&quot;2&quot;,&quot;credit&quot;:&quot;&quot;,&quot;camera&quot;:&quot;XT1575&quot;,&quot;caption&quot;:&quot;&quot;,&quot;created_timestamp&quot;:&quot;1495217867&quot;,&quot;copyright&quot;:&quot;&quot;,&quot;focal_length&quot;:&quot;4.67&quot;,&quot;iso&quot;:&quot;1600&quot;,&quot;shutter_speed&quot;:&quot;0&quot;,&quot;title&quot;:&quot;&quot;,&quot;orientation&quot;:&quot;0&quot;}\" data-image-title=\"22 CDR jornada deportiva en Gowland 13\" data-image-description=\"\" data-image-caption=\"\" data-large-file=\"https:\/\/www.hoymercedes.com.ar\/principal\/wp-content\/uploads\/2017\/05\/22-CDR-jornada-deportiva-en-Gowland-13.jpg\" class=\"aligncenter size-medium wp-image-63025\" src=\"https:\/\/www.hoymercedes.com.ar\/principal\/wp-content\/uploads\/2017\/05\/22-CDR-jornada-deportiva-en-Gowland-13-630x420.jpg\" alt=\"\" width=\"630\" height=\"420\" srcset=\"https:\/\/www.hoymercedes.com.ar\/principal\/wp-content\/uploads\/2017\/05\/22-CDR-jornada-deportiva-en-Gowland-13.jpg 630w, https:\/\/www.hoymercedes.com.ar\/principal\/wp-content\/uploads\/2017\/05\/22-CDR-jornada-deportiva-en-Gowland-13-150x100.jpg 150w, https:\/\/www.hoymercedes.com.ar\/principal\/wp-content\/uploads\/2017\/05\/22-CDR-jornada-deportiva-en-Gowland-13-300x200.jpg 300w\" sizes=\"auto, (max-width: 630px) 100vw, 630px\" \/><\/p>\n<p>La articuladora del CDR, Ana Luna se\u00f1al\u00f3 que \u201cel Centro de Educaci\u00f3n F\u00edsica estaba necesitando material\u00a0 nuevo para realizar distintas actividades deportivas como palos de hockey, redes y pelotas de v\u00f3ley y handball. A trav\u00e9s del Programa Nacional \u201cSoy Joven\u201d de la Subsecretar\u00eda de Juventud del Ministerio se organiz\u00f3 esta jornada que ya viene realizando actividades de fortalecimiento en clubes deportivos, instituciones barriales, comedores y merenderos\u201d.<\/p>\n<p>Participaron cerca de 80 j\u00f3venes de doce a veinticinco a\u00f1os quienes son los que utilizar\u00e1n el material entregado, que consiste en treinta palos de hockey, tres redes de v\u00f3ley, treinta colchonetas para gimnasia, quince pelotas de v\u00f3ley, sesenta pecheras, treinta conos de entrenamiento, seis colchonetas para gimnasia deportiva, veinte pelotas de gimnasia r\u00edtmica, veinte varillas de gimnasia r\u00edtmica, veinte cintas de gimnasia r\u00edtmica, dos redes de handball, veinte pelotas de handball, veinte aros r\u00edtmicos y equipamiento para arqueros de hockey. Este equipamiento representa una inversi\u00f3n cercana a los setenta mil pesos.<\/p>\n<p>Con estos encuentros, que se enmarcan en el Programa Nacional \u201cSoy Joven\u201d se busca promover la participaci\u00f3n, la comunicaci\u00f3n, el fortalecimiento y el desarrollo de las capacidades espec\u00edficas de los sectores de la comunidad. En este sentido, se apoyan diferentes actividades que realizan clubes deportivos de nuestro pa\u00eds para atender necesidades urgentes y demandas federales, a fin de recuperar su condici\u00f3n de lugar de encuentro y garantizar el libre acceso al deporte como herramienta de inclusi\u00f3n social, de ocio, esparcimiento y vida saludable.<\/p>\n<p>&nbsp;<\/p>\n<p>Fuente: CDR Mercedes<\/p>\n<p><img loading=\"lazy\" decoding=\"async\" data-attachment-id=\"63024\" data-permalink=\"https:\/\/www.hoymercedes.com.ar\/principal\/2017\/05\/22\/el-cef-de-gowland-recibio-material-deportivo-a-traves-de-nacion\/22-cdr-jornada-deportiva-en-gowland-4\/#main\" data-orig-file=\"https:\/\/www.hoymercedes.com.ar\/principal\/wp-content\/uploads\/2017\/05\/22-CDR-jornada-deportiva-en-Gowland-4.jpg\" data-orig-size=\"630,392\" data-comments-opened=\"0\" data-image-meta=\"{&quot;aperture&quot;:&quot;2&quot;,&quot;credit&quot;:&quot;&quot;,&quot;camera&quot;:&quot;XT1575&quot;,&quot;caption&quot;:&quot;&quot;,&quot;created_timestamp&quot;:&quot;1495217959&quot;,&quot;copyright&quot;:&quot;&quot;,&quot;focal_length&quot;:&quot;4.67&quot;,&quot;iso&quot;:&quot;1000&quot;,&quot;shutter_speed&quot;:&quot;0&quot;,&quot;title&quot;:&quot;&quot;,&quot;orientation&quot;:&quot;0&quot;}\" data-image-title=\"22 CDR jornada deportiva en Gowland 4\" data-image-description=\"\" data-image-caption=\"\" data-large-file=\"https:\/\/www.hoymercedes.com.ar\/principal\/wp-content\/uploads\/2017\/05\/22-CDR-jornada-deportiva-en-Gowland-4.jpg\" class=\"aligncenter size-medium wp-image-63024\" src=\"https:\/\/www.hoymercedes.com.ar\/principal\/wp-content\/uploads\/2017\/05\/22-CDR-jornada-deportiva-en-Gowland-4-630x392.jpg\" alt=\"\" width=\"630\" height=\"392\" srcset=\"https:\/\/www.hoymercedes.com.ar\/principal\/wp-content\/uploads\/2017\/05\/22-CDR-jornada-deportiva-en-Gowland-4.jpg 630w, https:\/\/www.hoymercedes.com.ar\/principal\/wp-content\/uploads\/2017\/05\/22-CDR-jornada-deportiva-en-Gowland-4-150x93.jpg 150w, https:\/\/www.hoymercedes.com.ar\/principal\/wp-content\/uploads\/2017\/05\/22-CDR-jornada-deportiva-en-Gowland-4-400x250.jpg 400w\" sizes=\"auto, (max-width: 630px) 100vw, 630px\" \/><\/p>\n","protected":false},"excerpt":{"rendered":"<p>El pasado viernes se realiz\u00f3 una jornada recreativa en la Escuela T\u00e9cnica N\u00b0 2 donde la Subsecretar\u00eda de Juventud junto &#8230; <a title=\"El CEF de Gowland recibi\u00f3 material deportivo a trav\u00e9s de Naci\u00f3n\" class=\"read-more\" href=\"https:\/\/www.hoymercedes.com.ar\/principal\/2017\/05\/22\/el-cef-de-gowland-recibio-material-deportivo-a-traves-de-nacion\/\" aria-label=\"Leer m\u00e1s sobre El CEF de Gowland recibi\u00f3 material deportivo a trav\u00e9s de Naci\u00f3n\">Leer m\u00e1s<\/a><\/p>\n","protected":false},"author":1,"featured_media":63024,"comment_status":"closed","ping_status":"open","sticky":false,"template":"","format":"standard","meta":{"_monsterinsights_skip_tracking":false,"_monsterinsights_sitenote_active":false,"_monsterinsights_sitenote_note":"","_monsterinsights_sitenote_category":0,"jetpack_post_was_ever_published":false,"_jetpack_newsletter_access":"","_jetpack_dont_email_post_to_subs":false,"_jetpack_newsletter_tier_id":0,"_jetpack_memberships_contains_paywalled_content":false,"_jetpack_memberships_contains_paid_content":false,"footnotes":"","jetpack_publicize_message":"","jetpack_publicize_feature_enabled":true,"jetpack_social_post_already_shared":true,"jetpack_social_options":{"image_generator_settings":{"template":"highway","default_image_id":0,"font":"","enabled":false},"version":2},"_wpas_customize_per_network":false},"categories":[21,23],"tags":[8753,11184,6056,10071,875,10,11185],"class_list":["post-63023","post","type-post","status-publish","format-standard","has-post-thumbnail","hentry","category-deportes","category-educacion","tag-cdr","tag-cef-n-193","tag-centro-de-referencia","tag-desarrollo-social-de-nacion","tag-gowland","tag-mercedes","tag-subsecretaria-de-juventud-de-nacion","generate-columns","tablet-grid-50","mobile-grid-100","grid-parent","grid-50"],"jetpack_publicize_connections":[],"jetpack_featured_media_url":"https:\/\/www.hoymercedes.com.ar\/principal\/wp-content\/uploads\/2017\/05\/22-CDR-jornada-deportiva-en-Gowland-4.jpg","wps_subtitle":"A trav\u00e9s del Centro de Referencia","jetpack_sharing_enabled":true,"_links":{"self":[{"href":"https:\/\/www.hoymercedes.com.ar\/principal\/wp-json\/wp\/v2\/posts\/63023","targetHints":{"allow":["GET"]}}],"collection":[{"href":"https:\/\/www.hoymercedes.com.ar\/principal\/wp-json\/wp\/v2\/posts"}],"about":[{"href":"https:\/\/www.hoymercedes.com.ar\/principal\/wp-json\/wp\/v2\/types\/post"}],"author":[{"embeddable":true,"href":"https:\/\/www.hoymercedes.com.ar\/principal\/wp-json\/wp\/v2\/users\/1"}],"replies":[{"embeddable":true,"href":"https:\/\/www.hoymercedes.com.ar\/principal\/wp-json\/wp\/v2\/comments?post=63023"}],"version-history":[{"count":0,"href":"https:\/\/www.hoymercedes.com.ar\/principal\/wp-json\/wp\/v2\/posts\/63023\/revisions"}],"wp:featuredmedia":[{"embeddable":true,"href":"https:\/\/www.hoymercedes.com.ar\/principal\/wp-json\/wp\/v2\/media\/63024"}],"wp:attachment":[{"href":"https:\/\/www.hoymercedes.com.ar\/principal\/wp-json\/wp\/v2\/media?parent=63023"}],"wp:term":[{"taxonomy":"category","embeddable":true,"href":"https:\/\/www.hoymercedes.com.ar\/principal\/wp-json\/wp\/v2\/categories?post=63023"},{"taxonomy":"post_tag","embeddable":true,"href":"https:\/\/www.hoymercedes.com.ar\/principal\/wp-json\/wp\/v2\/tags?post=63023"}],"curies":[{"name":"wp","href":"https:\/\/api.w.org\/{rel}","templated":true}]}}