{"id":63061,"date":"2017-05-24T09:50:45","date_gmt":"2017-05-24T12:50:45","guid":{"rendered":"http:\/\/www.hoymercedes.com.ar\/principal\/?p=63061"},"modified":"2017-05-24T09:49:17","modified_gmt":"2017-05-24T12:49:17","slug":"allanamientos-esclarecen-hechos-y-recuperan-bienes","status":"publish","type":"post","link":"https:\/\/www.hoymercedes.com.ar\/principal\/2017\/05\/24\/allanamientos-esclarecen-hechos-y-recuperan-bienes\/","title":{"rendered":"Allanamientos esclarecen hechos y recuperan bienes"},"content":{"rendered":"<p>Una vez m\u00e1s la fuerza policial conducida por el comisario Sergio Macedo logr\u00f3 el esclarecimiento de un acto delictivo, la detenci\u00f3n de sus responsables y la restituci\u00f3n de los bienes a sus leg\u00edtimos due\u00f1os. Tras la investigaci\u00f3n efectuada se concret\u00f3 el allanamiento que arroj\u00f3 un resultado positivo.<\/p>\n<p>El pasado jueves se concret\u00f3 el accionar policial en calle 14 y 103 dejando dos masculinos detenidos y tras las rejas. Ambos sujetos son mayores de edad, de 18 y 27 a\u00f1os, quedando a disposici\u00f3n de la justicia tras la actuaci\u00f3n de la Polic\u00eda Local de Mercedes.<\/p>\n<p>Bajo el delito de \u201caprehensiones por robo agravado por infracci\u00f3n en grado de tentativa \u2013 allanamiento \u2013 secuestros\u201d qued\u00f3 registrado el efectivo actuar de los dirigidos por Macedo.<\/p>\n<p>Seg\u00fan se supo personal del gabinete de prevenci\u00f3n criminol\u00f3gica logr\u00f3 la detenci\u00f3n de los dos sujetos masculinos que en calle 7 y 38 rompieron la ventanilla de un Toyota Corolla sustrayendo la cartera de una vecina de Mercedes, propietaria de los documentos que hab\u00eda en su interior, como\u00a0 as\u00ed tambi\u00e9n 5000 pesos y 400 d\u00f3lares. Los ahora detenidos se movilizaban en una motocicleta Yamaha Cripton y se logr\u00f3 gracias a las c\u00e1maras del Centro de Monitoreo observar el destino de su fuga.<\/p>\n<p>Contando con los datos de la moto, las caracter\u00edsticas de la vestimenta y otros aspectos la Polic\u00eda Comunal solicita intervenci\u00f3n y autorizaci\u00f3n para concretar un allanamiento que fue obtenida y permiti\u00f3 que los uniformados recuperaran el dinero, la documentaci\u00f3n y los bienes sustra\u00eddos a la vecina. La motocicleta qued\u00f3 secuestrada.<\/p>\n<p>El fiscal interviniente aval\u00f3 el r\u00e1pido movimiento efectuado por la Polic\u00eda Comunal y la vecina recuper\u00f3 sus pertenencias. La Unidad Funcional de Intervenci\u00f3n N\u00b02 a cargo de Leandro Marquiegui del Departamento Judicial Mercedes lleva adelante la causa.<\/p>\n<p>&nbsp;<\/p>\n","protected":false},"excerpt":{"rendered":"<p>Una vez m\u00e1s la fuerza policial conducida por el comisario Sergio Macedo logr\u00f3 el esclarecimiento de un acto delictivo, la &#8230; <a title=\"Allanamientos esclarecen hechos y recuperan bienes\" class=\"read-more\" href=\"https:\/\/www.hoymercedes.com.ar\/principal\/2017\/05\/24\/allanamientos-esclarecen-hechos-y-recuperan-bienes\/\" aria-label=\"Leer m\u00e1s sobre Allanamientos esclarecen hechos y recuperan bienes\">Leer m\u00e1s<\/a><\/p>\n","protected":false},"author":1,"featured_media":63068,"comment_status":"closed","ping_status":"open","sticky":false,"template":"","format":"standard","meta":{"_monsterinsights_skip_tracking":false,"_monsterinsights_sitenote_active":false,"_monsterinsights_sitenote_note":"","_monsterinsights_sitenote_category":0,"jetpack_post_was_ever_published":false,"_jetpack_newsletter_access":"","_jetpack_dont_email_post_to_subs":false,"_jetpack_newsletter_tier_id":0,"_jetpack_memberships_contains_paywalled_content":false,"_jetpack_memberships_contains_paid_content":false,"footnotes":"","jetpack_publicize_message":"","jetpack_publicize_feature_enabled":true,"jetpack_social_post_already_shared":true,"jetpack_social_options":{"image_generator_settings":{"template":"highway","default_image_id":0,"font":"","enabled":false},"version":2},"_wpas_customize_per_network":false},"categories":[85],"tags":[11193,215,10,5766,3457],"class_list":["post-63061","post","type-post","status-publish","format-standard","has-post-thumbnail","hentry","category-policial","tag-allanmiento","tag-detenciones","tag-mercedes","tag-policia-comunal","tag-policiales","generate-columns","tablet-grid-50","mobile-grid-100","grid-parent","grid-50"],"jetpack_publicize_connections":[],"jetpack_featured_media_url":"https:\/\/www.hoymercedes.com.ar\/principal\/wp-content\/uploads\/2017\/05\/24-movil-policia-2017.jpg","wps_subtitle":"En pocas horas","jetpack_sharing_enabled":true,"_links":{"self":[{"href":"https:\/\/www.hoymercedes.com.ar\/principal\/wp-json\/wp\/v2\/posts\/63061","targetHints":{"allow":["GET"]}}],"collection":[{"href":"https:\/\/www.hoymercedes.com.ar\/principal\/wp-json\/wp\/v2\/posts"}],"about":[{"href":"https:\/\/www.hoymercedes.com.ar\/principal\/wp-json\/wp\/v2\/types\/post"}],"author":[{"embeddable":true,"href":"https:\/\/www.hoymercedes.com.ar\/principal\/wp-json\/wp\/v2\/users\/1"}],"replies":[{"embeddable":true,"href":"https:\/\/www.hoymercedes.com.ar\/principal\/wp-json\/wp\/v2\/comments?post=63061"}],"version-history":[{"count":0,"href":"https:\/\/www.hoymercedes.com.ar\/principal\/wp-json\/wp\/v2\/posts\/63061\/revisions"}],"wp:featuredmedia":[{"embeddable":true,"href":"https:\/\/www.hoymercedes.com.ar\/principal\/wp-json\/wp\/v2\/media\/63068"}],"wp:attachment":[{"href":"https:\/\/www.hoymercedes.com.ar\/principal\/wp-json\/wp\/v2\/media?parent=63061"}],"wp:term":[{"taxonomy":"category","embeddable":true,"href":"https:\/\/www.hoymercedes.com.ar\/principal\/wp-json\/wp\/v2\/categories?post=63061"},{"taxonomy":"post_tag","embeddable":true,"href":"https:\/\/www.hoymercedes.com.ar\/principal\/wp-json\/wp\/v2\/tags?post=63061"}],"curies":[{"name":"wp","href":"https:\/\/api.w.org\/{rel}","templated":true}]}}