{"id":63090,"date":"2017-05-24T19:00:49","date_gmt":"2017-05-24T22:00:49","guid":{"rendered":"http:\/\/www.hoymercedes.com.ar\/principal\/?p=63090"},"modified":"2017-05-24T18:41:43","modified_gmt":"2017-05-24T21:41:43","slug":"un-taller-de-plantas-aromaticas-como-encuentro-de-adultos-mayores","status":"publish","type":"post","link":"https:\/\/www.hoymercedes.com.ar\/principal\/2017\/05\/24\/un-taller-de-plantas-aromaticas-como-encuentro-de-adultos-mayores\/","title":{"rendered":"Un Taller de plantas arom\u00e1ticas como encuentro de adultos mayores"},"content":{"rendered":"<p>El taller se organiz\u00f3 en conjunto por la Direcci\u00f3n de Adultos Mayores y el Departamento de Medio Ambiente. El Intendente anticip\u00f3 el proyecto de hacer un centro de d\u00eda para los adultos mayores.<\/p>\n<p><img loading=\"lazy\" decoding=\"async\" data-attachment-id=\"63092\" data-permalink=\"https:\/\/www.hoymercedes.com.ar\/principal\/2017\/05\/24\/un-taller-de-plantas-aromaticas-como-encuentro-de-adultos-mayores\/24-adultos-plantas-2\/#main\" data-orig-file=\"https:\/\/www.hoymercedes.com.ar\/principal\/wp-content\/uploads\/2017\/05\/24-adultos-plantas-2.jpg\" data-orig-size=\"630,420\" data-comments-opened=\"0\" data-image-meta=\"{&quot;aperture&quot;:&quot;3.8&quot;,&quot;credit&quot;:&quot;&quot;,&quot;camera&quot;:&quot;NIKON D3100&quot;,&quot;caption&quot;:&quot;&quot;,&quot;created_timestamp&quot;:&quot;1495621988&quot;,&quot;copyright&quot;:&quot;&quot;,&quot;focal_length&quot;:&quot;20&quot;,&quot;iso&quot;:&quot;640&quot;,&quot;shutter_speed&quot;:&quot;0.016666666666667&quot;,&quot;title&quot;:&quot;&quot;,&quot;orientation&quot;:&quot;1&quot;}\" data-image-title=\"24 adultos plantas 2\" data-image-description=\"\" data-image-caption=\"\" data-large-file=\"https:\/\/www.hoymercedes.com.ar\/principal\/wp-content\/uploads\/2017\/05\/24-adultos-plantas-2.jpg\" class=\"aligncenter size-medium wp-image-63092\" src=\"https:\/\/www.hoymercedes.com.ar\/principal\/wp-content\/uploads\/2017\/05\/24-adultos-plantas-2-630x420.jpg\" alt=\"\" width=\"630\" height=\"420\" srcset=\"https:\/\/www.hoymercedes.com.ar\/principal\/wp-content\/uploads\/2017\/05\/24-adultos-plantas-2.jpg 630w, https:\/\/www.hoymercedes.com.ar\/principal\/wp-content\/uploads\/2017\/05\/24-adultos-plantas-2-150x100.jpg 150w, https:\/\/www.hoymercedes.com.ar\/principal\/wp-content\/uploads\/2017\/05\/24-adultos-plantas-2-300x200.jpg 300w\" sizes=\"auto, (max-width: 630px) 100vw, 630px\" \/><\/p>\n<p>En el Centro de Jubilados de calle 21 y 50, se realiz\u00f3 este mi\u00e9rcoles 24 de mayo un Taller de Plantas Arom\u00e1ticas. Los responsables de la organizaci\u00f3n fue el equipo de la Direcci\u00f3n de Adultos Mayores y los responsables del Departamento de Medio Ambiente de la Municipalidad de Mercedes.<\/p>\n<p>La invitaci\u00f3n se hizo d\u00edas previos y fueron muchos los interesados que se hicieron presentes en el primer taller en uno de los Centros de Jubilados de la ciudad. \u201cSurgi\u00f3\u00a0 la posibilidad de hacer esta charla sobre plantas arom\u00e1ticas, aprender sobre este tema nos interes\u00f3 para los Adultos Mayores. Ellos estuvieron muy predispuestos\u201d, \u00a0destac\u00f3 Victoria O\u2019dell, directora del \u00e1rea quien destac\u00f3 la participaci\u00f3n de Agust\u00edn Lasala y Alejandra Erreca, responsables del brindar el taller.<\/p>\n<p>Con 796 socios, el Centro de Jubilados de la 21 y 50, prest\u00f3 su lugar para brindar el taller. Las responsables del lugar aprovecharon la oportunidad de agradecerle a la comuna por su acompa\u00f1amiento y apoyo.<\/p>\n<p>Susana dirig\u00eda sus dichos al Intendente Juan Ustarroz que retribuy\u00f3 el agradecimiento y resalt\u00f3 el trabajo conjunto del \u00e1rea de Adultos Mayores con los Centros de Jubilados. \u201cEn estos espacios donde se juntan las personas de \u2018la tercera edad\u00b4 es donde, a trav\u00e9s de talleres, de la socializaci\u00f3n, y del encuentro, se generan lindos momentos. Hoy estamos en este taller de plantas arom\u00e1ticas. Quienes participan se llevan las plantas, y esto tiene como punto de llegada el proyecto que hemos elaborado en el Vivero Municipal donde ahora se empiezan a distribuir en los Centros de Jubilados las plantas y flores para que se puedan desarrollar y luego instalar en las plazas y distintos lugares p\u00fablicos\u201d, resumi\u00f3.<\/p>\n<p>Por otra parte, en el encuentro con los Adultos Mayores, el Jefe Comunal anticip\u00f3 una idea que viene elabor\u00e1ndose por estas semanas. \u201cTenemos un proyecto\u00a0que tiene que ver con impulsar el primer centro de d\u00eda para la tercera edad en la ciudad, y esto se da en conjunto. Los Centros de Jubilados nos hacen propuestas y nosotros vamos gestionando para que se pueda llevar adelante. Creemos en esta filosof\u00eda de trabajar juntos, en la de generar cada vez m\u00e1s espacios de encuentros, son muchos los abuelos que participan en las actividades de los Centros de Jubilados y nosotros creemos mucho en los Centros de Jubilados como instituci\u00f3n\u00bb, concluy\u00f3 el primer mandatario de Mercedes a la hora de anticipar algunos de los nuevos proyectos destinados a los Adultos Mayores de la ciudad.<\/p>\n<p>Fuente: Prensa Municipal<\/p>\n<p><img loading=\"lazy\" decoding=\"async\" data-attachment-id=\"63091\" data-permalink=\"https:\/\/www.hoymercedes.com.ar\/principal\/2017\/05\/24\/un-taller-de-plantas-aromaticas-como-encuentro-de-adultos-mayores\/24-adultos-plantas-1\/#main\" data-orig-file=\"https:\/\/www.hoymercedes.com.ar\/principal\/wp-content\/uploads\/2017\/05\/24-adultos-plantas-1.jpg\" data-orig-size=\"630,462\" data-comments-opened=\"0\" data-image-meta=\"{&quot;aperture&quot;:&quot;0&quot;,&quot;credit&quot;:&quot;&quot;,&quot;camera&quot;:&quot;&quot;,&quot;caption&quot;:&quot;&quot;,&quot;created_timestamp&quot;:&quot;0&quot;,&quot;copyright&quot;:&quot;&quot;,&quot;focal_length&quot;:&quot;0&quot;,&quot;iso&quot;:&quot;0&quot;,&quot;shutter_speed&quot;:&quot;0&quot;,&quot;title&quot;:&quot;&quot;,&quot;orientation&quot;:&quot;0&quot;}\" data-image-title=\"24 adultos plantas 1\" data-image-description=\"\" data-image-caption=\"\" data-large-file=\"https:\/\/www.hoymercedes.com.ar\/principal\/wp-content\/uploads\/2017\/05\/24-adultos-plantas-1.jpg\" class=\"aligncenter size-medium wp-image-63091\" src=\"https:\/\/www.hoymercedes.com.ar\/principal\/wp-content\/uploads\/2017\/05\/24-adultos-plantas-1-630x462.jpg\" alt=\"\" width=\"630\" height=\"462\" srcset=\"https:\/\/www.hoymercedes.com.ar\/principal\/wp-content\/uploads\/2017\/05\/24-adultos-plantas-1.jpg 630w, https:\/\/www.hoymercedes.com.ar\/principal\/wp-content\/uploads\/2017\/05\/24-adultos-plantas-1-150x110.jpg 150w, https:\/\/www.hoymercedes.com.ar\/principal\/wp-content\/uploads\/2017\/05\/24-adultos-plantas-1-220x162.jpg 220w\" sizes=\"auto, (max-width: 630px) 100vw, 630px\" \/><\/p>\n<p>&nbsp;<\/p>\n","protected":false},"excerpt":{"rendered":"<p>El taller se organiz\u00f3 en conjunto por la Direcci\u00f3n de Adultos Mayores y el Departamento de Medio Ambiente. El Intendente &#8230; <a title=\"Un Taller de plantas arom\u00e1ticas como encuentro de adultos mayores\" class=\"read-more\" href=\"https:\/\/www.hoymercedes.com.ar\/principal\/2017\/05\/24\/un-taller-de-plantas-aromaticas-como-encuentro-de-adultos-mayores\/\" aria-label=\"Leer m\u00e1s sobre Un Taller de plantas arom\u00e1ticas como encuentro de adultos mayores\">Leer m\u00e1s<\/a><\/p>\n","protected":false},"author":1,"featured_media":63091,"comment_status":"closed","ping_status":"open","sticky":false,"template":"","format":"standard","meta":{"_monsterinsights_skip_tracking":false,"_monsterinsights_sitenote_active":false,"_monsterinsights_sitenote_note":"","_monsterinsights_sitenote_category":0,"jetpack_post_was_ever_published":false,"_jetpack_newsletter_access":"","_jetpack_dont_email_post_to_subs":false,"_jetpack_newsletter_tier_id":0,"_jetpack_memberships_contains_paywalled_content":false,"_jetpack_memberships_contains_paid_content":false,"footnotes":"","jetpack_publicize_message":"","jetpack_publicize_feature_enabled":true,"jetpack_social_post_already_shared":true,"jetpack_social_options":{"image_generator_settings":{"template":"highway","default_image_id":0,"font":"","enabled":false},"version":2},"_wpas_customize_per_network":false},"categories":[8],"tags":[8752,9861,11199,10,244,11198],"class_list":["post-63090","post","type-post","status-publish","format-standard","has-post-thumbnail","hentry","category-sociedad","tag-adultos-mayores","tag-centros-de-jubilados","tag-medio-ambientes","tag-mercedes","tag-municipio-2","tag-plantas-aromaticas","generate-columns","tablet-grid-50","mobile-grid-100","grid-parent","grid-50"],"jetpack_publicize_connections":[],"jetpack_featured_media_url":"https:\/\/www.hoymercedes.com.ar\/principal\/wp-content\/uploads\/2017\/05\/24-adultos-plantas-1.jpg","wps_subtitle":"En el Centro de Jubilados de 21 y 50","jetpack_sharing_enabled":true,"_links":{"self":[{"href":"https:\/\/www.hoymercedes.com.ar\/principal\/wp-json\/wp\/v2\/posts\/63090","targetHints":{"allow":["GET"]}}],"collection":[{"href":"https:\/\/www.hoymercedes.com.ar\/principal\/wp-json\/wp\/v2\/posts"}],"about":[{"href":"https:\/\/www.hoymercedes.com.ar\/principal\/wp-json\/wp\/v2\/types\/post"}],"author":[{"embeddable":true,"href":"https:\/\/www.hoymercedes.com.ar\/principal\/wp-json\/wp\/v2\/users\/1"}],"replies":[{"embeddable":true,"href":"https:\/\/www.hoymercedes.com.ar\/principal\/wp-json\/wp\/v2\/comments?post=63090"}],"version-history":[{"count":0,"href":"https:\/\/www.hoymercedes.com.ar\/principal\/wp-json\/wp\/v2\/posts\/63090\/revisions"}],"wp:featuredmedia":[{"embeddable":true,"href":"https:\/\/www.hoymercedes.com.ar\/principal\/wp-json\/wp\/v2\/media\/63091"}],"wp:attachment":[{"href":"https:\/\/www.hoymercedes.com.ar\/principal\/wp-json\/wp\/v2\/media?parent=63090"}],"wp:term":[{"taxonomy":"category","embeddable":true,"href":"https:\/\/www.hoymercedes.com.ar\/principal\/wp-json\/wp\/v2\/categories?post=63090"},{"taxonomy":"post_tag","embeddable":true,"href":"https:\/\/www.hoymercedes.com.ar\/principal\/wp-json\/wp\/v2\/tags?post=63090"}],"curies":[{"name":"wp","href":"https:\/\/api.w.org\/{rel}","templated":true}]}}