{"id":63107,"date":"2017-05-26T12:17:09","date_gmt":"2017-05-26T15:17:09","guid":{"rendered":"http:\/\/www.hoymercedes.com.ar\/principal\/?p=63107"},"modified":"2017-05-25T13:07:23","modified_gmt":"2017-05-25T16:07:23","slug":"los-varones-del-cef-40-recibieron-a-camila-rolon","status":"publish","type":"post","link":"https:\/\/www.hoymercedes.com.ar\/principal\/2017\/05\/26\/los-varones-del-cef-40-recibieron-a-camila-rolon\/","title":{"rendered":"Los varones del CEF 40 recibieron a Camila Rol\u00f3n"},"content":{"rendered":"<p><em><strong>En la tarde del martes, el Centro de Educaci\u00f3n F\u00edsica N\u00b040, volvio a disfrutar de una jornada de handball. Por la primera fecha de la Liga Mercedina de Balonmano, se enfrentaron en la rama masculina, los equipos locales con los representativos del Instituto Madre Camila Rolon.<\/strong><\/em><\/p>\n<p><img loading=\"lazy\" decoding=\"async\" data-attachment-id=\"63110\" data-permalink=\"https:\/\/www.hoymercedes.com.ar\/principal\/2017\/05\/26\/los-varones-del-cef-40-recibieron-a-camila-rolon\/cef-vs-imcr-1\/#main\" data-orig-file=\"https:\/\/www.hoymercedes.com.ar\/principal\/wp-content\/uploads\/2017\/05\/CEF-Vs-IMCR-1.jpg\" data-orig-size=\"720,720\" data-comments-opened=\"0\" data-image-meta=\"{&quot;aperture&quot;:&quot;0&quot;,&quot;credit&quot;:&quot;&quot;,&quot;camera&quot;:&quot;&quot;,&quot;caption&quot;:&quot;&quot;,&quot;created_timestamp&quot;:&quot;0&quot;,&quot;copyright&quot;:&quot;&quot;,&quot;focal_length&quot;:&quot;0&quot;,&quot;iso&quot;:&quot;0&quot;,&quot;shutter_speed&quot;:&quot;0&quot;,&quot;title&quot;:&quot;&quot;,&quot;orientation&quot;:&quot;0&quot;}\" data-image-title=\"CEF Vs IMCR 1\" data-image-description=\"\" data-image-caption=\"\" data-large-file=\"https:\/\/www.hoymercedes.com.ar\/principal\/wp-content\/uploads\/2017\/05\/CEF-Vs-IMCR-1.jpg\" class=\"aligncenter size-medium wp-image-63110\" src=\"https:\/\/www.hoymercedes.com.ar\/principal\/wp-content\/uploads\/2017\/05\/CEF-Vs-IMCR-1-620x620.jpg\" alt=\"\" width=\"620\" height=\"620\" srcset=\"https:\/\/www.hoymercedes.com.ar\/principal\/wp-content\/uploads\/2017\/05\/CEF-Vs-IMCR-1-620x620.jpg 620w, https:\/\/www.hoymercedes.com.ar\/principal\/wp-content\/uploads\/2017\/05\/CEF-Vs-IMCR-1-150x150.jpg 150w, https:\/\/www.hoymercedes.com.ar\/principal\/wp-content\/uploads\/2017\/05\/CEF-Vs-IMCR-1.jpg 720w\" sizes=\"auto, (max-width: 620px) 100vw, 620px\" \/><\/p>\n<p>Comenzaron la jornada en partido de la categoria Menores, que disputaron un primer tiempo muy parejo, en donde los locales terminaron arriba en el marcador por 6 a 5, pero el equipo visitante pudo dominar las acciones en la segunda mitad, mejorando su defensa, para quedarse con el triunfo por 13 a 7.<\/p>\n<p>Para el equipo local, los goles fueron anotados por Jeronimo Denapole (6) e Ignacio Cirio. Mientras que para el equipo ganador, por Matias Bustamante (5), Iraiad Barrera (3), Jos\u00e9 Varela (2) y Francisco Fernanadez, Benjamin Biaggini y Moris Meliton.<\/p>\n<p><img loading=\"lazy\" decoding=\"async\" data-attachment-id=\"63109\" data-permalink=\"https:\/\/www.hoymercedes.com.ar\/principal\/2017\/05\/26\/los-varones-del-cef-40-recibieron-a-camila-rolon\/cef-vs-imcr-2\/#main\" data-orig-file=\"https:\/\/www.hoymercedes.com.ar\/principal\/wp-content\/uploads\/2017\/05\/CEF-Vs-IMCR-2.jpg\" data-orig-size=\"720,720\" data-comments-opened=\"0\" data-image-meta=\"{&quot;aperture&quot;:&quot;0&quot;,&quot;credit&quot;:&quot;&quot;,&quot;camera&quot;:&quot;&quot;,&quot;caption&quot;:&quot;&quot;,&quot;created_timestamp&quot;:&quot;0&quot;,&quot;copyright&quot;:&quot;&quot;,&quot;focal_length&quot;:&quot;0&quot;,&quot;iso&quot;:&quot;0&quot;,&quot;shutter_speed&quot;:&quot;0&quot;,&quot;title&quot;:&quot;&quot;,&quot;orientation&quot;:&quot;0&quot;}\" data-image-title=\"CEF Vs IMCR 2\" data-image-description=\"\" data-image-caption=\"\" data-large-file=\"https:\/\/www.hoymercedes.com.ar\/principal\/wp-content\/uploads\/2017\/05\/CEF-Vs-IMCR-2.jpg\" class=\"aligncenter size-medium wp-image-63109\" src=\"https:\/\/www.hoymercedes.com.ar\/principal\/wp-content\/uploads\/2017\/05\/CEF-Vs-IMCR-2-620x620.jpg\" alt=\"\" width=\"620\" height=\"620\" srcset=\"https:\/\/www.hoymercedes.com.ar\/principal\/wp-content\/uploads\/2017\/05\/CEF-Vs-IMCR-2-620x620.jpg 620w, https:\/\/www.hoymercedes.com.ar\/principal\/wp-content\/uploads\/2017\/05\/CEF-Vs-IMCR-2-150x150.jpg 150w, https:\/\/www.hoymercedes.com.ar\/principal\/wp-content\/uploads\/2017\/05\/CEF-Vs-IMCR-2.jpg 720w\" sizes=\"auto, (max-width: 620px) 100vw, 620px\" \/><\/p>\n<p>El partido de la categor\u00eda Cadetes, tambi\u00e9n fue ganado por el equipo visitante, conducido por los profesores Agust\u00edn Porfido e Iv\u00e1n Gallo, el resultado final fue de 13 a 8 a favor del I.M.C.R. convirtiendo Facundo Pe\u00f1a (4), Braian P\u00e9rez (3). Valentin Rossi Bistuer (2) Cristian Corrado (2) y Agust\u00edn Boragno (2). Mientras que para el equipo local, los goles fueron de Joaquin Videla (3), Tom\u00e1s Trebini (3), Francisco Ponce (1) y Matias Ferreyra (1).<\/p>\n<p>El partido de la categor\u00eda Juvenil, fue ganado por el equipo local, los dirigidos por el profesor Dami\u00e1n Altieri dominaron las acciones del encuentro con comodidad para imponerse por 17 a 8. En el local, se destacaron en el marcador Nicolas Rivas (6), Elias Villalva (4), Felipe Flynn (3), Fransisco Moriconi (2) y Juan Cruz Quiroga (2). En tanto que para el equipo visitante,\u00a0el goleador fue\u00a0Nicolas Casco con 3 anotaciones, mientras que sus compa\u00f1eros Franco Delvento, Americucio, Branchini, Emilio y Nahuel, convirtieron en una sola ocasi\u00f3n.<\/p>\n<p><img loading=\"lazy\" decoding=\"async\" data-attachment-id=\"63108\" data-permalink=\"https:\/\/www.hoymercedes.com.ar\/principal\/2017\/05\/26\/los-varones-del-cef-40-recibieron-a-camila-rolon\/cef-vs-imcr-3\/#main\" data-orig-file=\"https:\/\/www.hoymercedes.com.ar\/principal\/wp-content\/uploads\/2017\/05\/CEF-Vs-IMCR-3.jpg\" data-orig-size=\"720,720\" data-comments-opened=\"0\" data-image-meta=\"{&quot;aperture&quot;:&quot;0&quot;,&quot;credit&quot;:&quot;&quot;,&quot;camera&quot;:&quot;&quot;,&quot;caption&quot;:&quot;&quot;,&quot;created_timestamp&quot;:&quot;0&quot;,&quot;copyright&quot;:&quot;&quot;,&quot;focal_length&quot;:&quot;0&quot;,&quot;iso&quot;:&quot;0&quot;,&quot;shutter_speed&quot;:&quot;0&quot;,&quot;title&quot;:&quot;&quot;,&quot;orientation&quot;:&quot;0&quot;}\" data-image-title=\"CEF Vs IMCR 3\" data-image-description=\"\" data-image-caption=\"\" data-large-file=\"https:\/\/www.hoymercedes.com.ar\/principal\/wp-content\/uploads\/2017\/05\/CEF-Vs-IMCR-3.jpg\" class=\"aligncenter size-medium wp-image-63108\" src=\"https:\/\/www.hoymercedes.com.ar\/principal\/wp-content\/uploads\/2017\/05\/CEF-Vs-IMCR-3-620x620.jpg\" alt=\"\" width=\"620\" height=\"620\" srcset=\"https:\/\/www.hoymercedes.com.ar\/principal\/wp-content\/uploads\/2017\/05\/CEF-Vs-IMCR-3-620x620.jpg 620w, https:\/\/www.hoymercedes.com.ar\/principal\/wp-content\/uploads\/2017\/05\/CEF-Vs-IMCR-3-150x150.jpg 150w, https:\/\/www.hoymercedes.com.ar\/principal\/wp-content\/uploads\/2017\/05\/CEF-Vs-IMCR-3.jpg 720w\" sizes=\"auto, (max-width: 620px) 100vw, 620px\" \/><\/p>\n<p>La Liga Mercedina de Balonmano, continuar\u00e1 con su competencia la pr\u00f3xima semana con los partidos entre los equipos de I.P.A. y I.M.C.R.<\/p>\n","protected":false},"excerpt":{"rendered":"<p>En la tarde del martes, el Centro de Educaci\u00f3n F\u00edsica N\u00b040, volvio a disfrutar de una jornada de handball. Por &#8230; <a title=\"Los varones del CEF 40 recibieron a Camila Rol\u00f3n\" class=\"read-more\" href=\"https:\/\/www.hoymercedes.com.ar\/principal\/2017\/05\/26\/los-varones-del-cef-40-recibieron-a-camila-rolon\/\" aria-label=\"Leer m\u00e1s sobre Los varones del CEF 40 recibieron a Camila Rol\u00f3n\">Leer m\u00e1s<\/a><\/p>\n","protected":false},"author":1,"featured_media":63110,"comment_status":"closed","ping_status":"open","sticky":false,"template":"","format":"standard","meta":{"_monsterinsights_skip_tracking":false,"_monsterinsights_sitenote_active":false,"_monsterinsights_sitenote_note":"","_monsterinsights_sitenote_category":0,"jetpack_post_was_ever_published":false,"_jetpack_newsletter_access":"","_jetpack_dont_email_post_to_subs":false,"_jetpack_newsletter_tier_id":0,"_jetpack_memberships_contains_paywalled_content":false,"_jetpack_memberships_contains_paid_content":false,"footnotes":"","jetpack_publicize_message":"","jetpack_publicize_feature_enabled":true,"jetpack_social_post_already_shared":true,"jetpack_social_options":{"image_generator_settings":{"template":"highway","default_image_id":0,"font":"","enabled":false},"version":2},"_wpas_customize_per_network":false},"categories":[21],"tags":[14,11181,204,8487],"class_list":["post-63107","post","type-post","status-publish","format-standard","has-post-thumbnail","hentry","category-deportes","tag-camila-rolon","tag-cef-n-40","tag-deportes-2","tag-handball","generate-columns","tablet-grid-50","mobile-grid-100","grid-parent","grid-50"],"jetpack_publicize_connections":[],"jetpack_featured_media_url":"https:\/\/www.hoymercedes.com.ar\/principal\/wp-content\/uploads\/2017\/05\/CEF-Vs-IMCR-1.jpg","wps_subtitle":"Handball","jetpack_sharing_enabled":true,"_links":{"self":[{"href":"https:\/\/www.hoymercedes.com.ar\/principal\/wp-json\/wp\/v2\/posts\/63107","targetHints":{"allow":["GET"]}}],"collection":[{"href":"https:\/\/www.hoymercedes.com.ar\/principal\/wp-json\/wp\/v2\/posts"}],"about":[{"href":"https:\/\/www.hoymercedes.com.ar\/principal\/wp-json\/wp\/v2\/types\/post"}],"author":[{"embeddable":true,"href":"https:\/\/www.hoymercedes.com.ar\/principal\/wp-json\/wp\/v2\/users\/1"}],"replies":[{"embeddable":true,"href":"https:\/\/www.hoymercedes.com.ar\/principal\/wp-json\/wp\/v2\/comments?post=63107"}],"version-history":[{"count":0,"href":"https:\/\/www.hoymercedes.com.ar\/principal\/wp-json\/wp\/v2\/posts\/63107\/revisions"}],"wp:featuredmedia":[{"embeddable":true,"href":"https:\/\/www.hoymercedes.com.ar\/principal\/wp-json\/wp\/v2\/media\/63110"}],"wp:attachment":[{"href":"https:\/\/www.hoymercedes.com.ar\/principal\/wp-json\/wp\/v2\/media?parent=63107"}],"wp:term":[{"taxonomy":"category","embeddable":true,"href":"https:\/\/www.hoymercedes.com.ar\/principal\/wp-json\/wp\/v2\/categories?post=63107"},{"taxonomy":"post_tag","embeddable":true,"href":"https:\/\/www.hoymercedes.com.ar\/principal\/wp-json\/wp\/v2\/tags?post=63107"}],"curies":[{"name":"wp","href":"https:\/\/api.w.org\/{rel}","templated":true}]}}