{"id":63128,"date":"2017-05-25T15:43:54","date_gmt":"2017-05-25T18:43:54","guid":{"rendered":"http:\/\/www.hoymercedes.com.ar\/principal\/?p=63128"},"modified":"2017-05-25T15:43:54","modified_gmt":"2017-05-25T18:43:54","slug":"nueva-comision-directiva-en-s-o-s-habitat","status":"publish","type":"post","link":"https:\/\/www.hoymercedes.com.ar\/principal\/2017\/05\/25\/nueva-comision-directiva-en-s-o-s-habitat\/","title":{"rendered":"Nueva comisi\u00f3n directiva en S.O.S. H\u00e1bitat"},"content":{"rendered":"<p>El pasado 12 de mayo, se llev\u00f3 a cabo la Asamblea Anual Ordinaria de la Asociaci\u00f3n Civil S.O.S. H\u00e1bitat en la que estuvieron presentes los integrantes de la Asociaci\u00f3n, as\u00ed como los socios y voluntarios.<\/p>\n<p>All\u00ed se eligi\u00f3 la nueva Comisi\u00f3n Directiva est\u00e1 compuesta por los siguientes miembros:<\/p>\n<p>Presidente: Macarena Pocaressi<br \/>\nSecretaria: Celeste Pescio<br \/>\n1\u00b0 vocal: Antonela Chaves<br \/>\n2\u00b0 vocal: Natalia Solari<br \/>\n3\u00b0 vocal: Carmen Gioscio<br \/>\n4\u00b0 vocal: Javier Moleres<br \/>\n5\u00b0 vocal: Graciela D\u00e9bole<br \/>\n6\u00b0 vocal: Rosana Ju\u00e1rez<br \/>\n1\u00b0 vocal suplente: Cristina Lilo<br \/>\n2\u00b0 vocal suplente: Liliana Ju\u00e1rez<br \/>\nRevisor de cuentas: Silvia Gandolfi<br \/>\nRevisor de cuentas suplente: Federico Lifschitz<br \/>\nTesorero: Hern\u00e1n Borrajo.<\/p>\n<p><img loading=\"lazy\" decoding=\"async\" data-attachment-id=\"63129\" data-permalink=\"https:\/\/www.hoymercedes.com.ar\/principal\/2017\/05\/25\/nueva-comision-directiva-en-s-o-s-habitat\/25-sos-habitat\/#main\" data-orig-file=\"https:\/\/www.hoymercedes.com.ar\/principal\/wp-content\/uploads\/2017\/05\/25-SOS-Habitat.jpg\" data-orig-size=\"630,354\" data-comments-opened=\"0\" data-image-meta=\"{&quot;aperture&quot;:&quot;0&quot;,&quot;credit&quot;:&quot;&quot;,&quot;camera&quot;:&quot;&quot;,&quot;caption&quot;:&quot;&quot;,&quot;created_timestamp&quot;:&quot;0&quot;,&quot;copyright&quot;:&quot;&quot;,&quot;focal_length&quot;:&quot;0&quot;,&quot;iso&quot;:&quot;0&quot;,&quot;shutter_speed&quot;:&quot;0&quot;,&quot;title&quot;:&quot;&quot;,&quot;orientation&quot;:&quot;0&quot;}\" data-image-title=\"25 SOS Habitat\" data-image-description=\"\" data-image-caption=\"\" data-large-file=\"https:\/\/www.hoymercedes.com.ar\/principal\/wp-content\/uploads\/2017\/05\/25-SOS-Habitat.jpg\" class=\"aligncenter size-medium wp-image-63129\" src=\"https:\/\/www.hoymercedes.com.ar\/principal\/wp-content\/uploads\/2017\/05\/25-SOS-Habitat-630x354.jpg\" alt=\"\" width=\"630\" height=\"354\" srcset=\"https:\/\/www.hoymercedes.com.ar\/principal\/wp-content\/uploads\/2017\/05\/25-SOS-Habitat.jpg 630w, https:\/\/www.hoymercedes.com.ar\/principal\/wp-content\/uploads\/2017\/05\/25-SOS-Habitat-150x84.jpg 150w\" sizes=\"auto, (max-width: 630px) 100vw, 630px\" \/><\/p>\n","protected":false},"excerpt":{"rendered":"<p>El pasado 12 de mayo, se llev\u00f3 a cabo la Asamblea Anual Ordinaria de la Asociaci\u00f3n Civil S.O.S. H\u00e1bitat en &#8230; <a title=\"Nueva comisi\u00f3n directiva en S.O.S. H\u00e1bitat\" class=\"read-more\" href=\"https:\/\/www.hoymercedes.com.ar\/principal\/2017\/05\/25\/nueva-comision-directiva-en-s-o-s-habitat\/\" aria-label=\"Leer m\u00e1s sobre Nueva comisi\u00f3n directiva en S.O.S. H\u00e1bitat\">Leer m\u00e1s<\/a><\/p>\n","protected":false},"author":1,"featured_media":63129,"comment_status":"closed","ping_status":"open","sticky":false,"template":"","format":"standard","meta":{"_monsterinsights_skip_tracking":false,"_monsterinsights_sitenote_active":false,"_monsterinsights_sitenote_note":"","_monsterinsights_sitenote_category":0,"jetpack_post_was_ever_published":false,"_jetpack_newsletter_access":"","_jetpack_dont_email_post_to_subs":false,"_jetpack_newsletter_tier_id":0,"_jetpack_memberships_contains_paywalled_content":false,"_jetpack_memberships_contains_paid_content":false,"footnotes":"","jetpack_publicize_message":"","jetpack_publicize_feature_enabled":true,"jetpack_social_post_already_shared":true,"jetpack_social_options":{"image_generator_settings":{"template":"highway","default_image_id":0,"font":"","enabled":false},"version":2},"_wpas_customize_per_network":false},"categories":[11],"tags":[10811,1734,9411],"class_list":["post-63128","post","type-post","status-publish","format-standard","has-post-thumbnail","hentry","category-ciudad","tag-asociacion-civil-s-o-s-habitat","tag-ciudad-2","tag-comision-directiva","generate-columns","tablet-grid-50","mobile-grid-100","grid-parent","grid-50"],"jetpack_publicize_connections":[],"jetpack_featured_media_url":"https:\/\/www.hoymercedes.com.ar\/principal\/wp-content\/uploads\/2017\/05\/25-SOS-Habitat.jpg","wps_subtitle":"","jetpack_sharing_enabled":true,"_links":{"self":[{"href":"https:\/\/www.hoymercedes.com.ar\/principal\/wp-json\/wp\/v2\/posts\/63128","targetHints":{"allow":["GET"]}}],"collection":[{"href":"https:\/\/www.hoymercedes.com.ar\/principal\/wp-json\/wp\/v2\/posts"}],"about":[{"href":"https:\/\/www.hoymercedes.com.ar\/principal\/wp-json\/wp\/v2\/types\/post"}],"author":[{"embeddable":true,"href":"https:\/\/www.hoymercedes.com.ar\/principal\/wp-json\/wp\/v2\/users\/1"}],"replies":[{"embeddable":true,"href":"https:\/\/www.hoymercedes.com.ar\/principal\/wp-json\/wp\/v2\/comments?post=63128"}],"version-history":[{"count":0,"href":"https:\/\/www.hoymercedes.com.ar\/principal\/wp-json\/wp\/v2\/posts\/63128\/revisions"}],"wp:featuredmedia":[{"embeddable":true,"href":"https:\/\/www.hoymercedes.com.ar\/principal\/wp-json\/wp\/v2\/media\/63129"}],"wp:attachment":[{"href":"https:\/\/www.hoymercedes.com.ar\/principal\/wp-json\/wp\/v2\/media?parent=63128"}],"wp:term":[{"taxonomy":"category","embeddable":true,"href":"https:\/\/www.hoymercedes.com.ar\/principal\/wp-json\/wp\/v2\/categories?post=63128"},{"taxonomy":"post_tag","embeddable":true,"href":"https:\/\/www.hoymercedes.com.ar\/principal\/wp-json\/wp\/v2\/tags?post=63128"}],"curies":[{"name":"wp","href":"https:\/\/api.w.org\/{rel}","templated":true}]}}