{"id":63179,"date":"2017-05-26T17:30:27","date_gmt":"2017-05-26T20:30:27","guid":{"rendered":"http:\/\/www.hoymercedes.com.ar\/principal\/?p=63179"},"modified":"2017-05-26T15:19:38","modified_gmt":"2017-05-26T18:19:38","slug":"en-la-carcel-celebrando-la-revolucion-de-1810","status":"publish","type":"post","link":"https:\/\/www.hoymercedes.com.ar\/principal\/2017\/05\/26\/en-la-carcel-celebrando-la-revolucion-de-1810\/","title":{"rendered":"En la c\u00e1rcel celebrando la Revoluci\u00f3n de 1810"},"content":{"rendered":"<p>El pasado 24 de mayo, en el sal\u00f3n de usos m\u00faltiples de la Escuela Primaria N\u00ba 701 que funciona en la Unidad Penitenciaria N\u00b0 5, se llev\u00f3 a cabo la celebraci\u00f3n por el D\u00eda de la Patria, evocando la Revoluci\u00f3n de Mayo de 1810.<\/p>\n<p><img loading=\"lazy\" decoding=\"async\" data-attachment-id=\"63180\" data-permalink=\"https:\/\/www.hoymercedes.com.ar\/principal\/2017\/05\/26\/en-la-carcel-celebrando-la-revolucion-de-1810\/26-carcel-mayo\/#main\" data-orig-file=\"https:\/\/www.hoymercedes.com.ar\/principal\/wp-content\/uploads\/2017\/05\/26-carcel-mayo.jpg\" data-orig-size=\"630,420\" data-comments-opened=\"0\" data-image-meta=\"{&quot;aperture&quot;:&quot;0&quot;,&quot;credit&quot;:&quot;&quot;,&quot;camera&quot;:&quot;&quot;,&quot;caption&quot;:&quot;&quot;,&quot;created_timestamp&quot;:&quot;0&quot;,&quot;copyright&quot;:&quot;&quot;,&quot;focal_length&quot;:&quot;0&quot;,&quot;iso&quot;:&quot;0&quot;,&quot;shutter_speed&quot;:&quot;0&quot;,&quot;title&quot;:&quot;&quot;,&quot;orientation&quot;:&quot;0&quot;}\" data-image-title=\"26 carcel mayo\" data-image-description=\"\" data-image-caption=\"\" data-large-file=\"https:\/\/www.hoymercedes.com.ar\/principal\/wp-content\/uploads\/2017\/05\/26-carcel-mayo.jpg\" class=\"aligncenter size-medium wp-image-63180\" src=\"https:\/\/www.hoymercedes.com.ar\/principal\/wp-content\/uploads\/2017\/05\/26-carcel-mayo-630x420.jpg\" alt=\"\" width=\"630\" height=\"420\" srcset=\"https:\/\/www.hoymercedes.com.ar\/principal\/wp-content\/uploads\/2017\/05\/26-carcel-mayo.jpg 630w, https:\/\/www.hoymercedes.com.ar\/principal\/wp-content\/uploads\/2017\/05\/26-carcel-mayo-150x100.jpg 150w, https:\/\/www.hoymercedes.com.ar\/principal\/wp-content\/uploads\/2017\/05\/26-carcel-mayo-300x200.jpg 300w\" sizes=\"auto, (max-width: 630px) 100vw, 630px\" \/><\/p>\n<p>Reunidos en el sal\u00f3n decorado para la ocasi\u00f3n y luego de la parte protocolar y las palabras alusivas de los docentes y directivos se llevo adelante un show musical.\u00a0Esta vez fue invitada la cantante mercedina Fernada Ottolini, la cual cant\u00f3 para m\u00e1s de 80 internos por espacio de una hora.<\/p>\n<p>Siempre caracterizada por su cuota de humor y buena onda con todos los presentes, llevo adelante su presentaci\u00f3n la cual fue observada con mucho inter\u00e9s y respeto y ampliamente aplaudida, lo cual agradeci\u00f3 en diversas oportunidades.\u00a0Para finalizar competieron una merienda que consisti\u00f3 en alfajores y jugo.<\/p>\n<p>Estuvieron presentes el Director de la Escuela N \u00ba 701 Eduardo Pisoni, y los docentes de todos los turnos, el Subdirector de Seguridad de la Unidad Carlos Palmieri, personal del Servicio Penitenciario y gran n\u00famero de alumnos de dicha instituci\u00f3n.<\/p>\n<p>&nbsp;<\/p>\n<p>Fuente: Prensa Unidad 5<\/p>\n","protected":false},"excerpt":{"rendered":"<p>El pasado 24 de mayo, en el sal\u00f3n de usos m\u00faltiples de la Escuela Primaria N\u00ba 701 que funciona en &#8230; <a title=\"En la c\u00e1rcel celebrando la Revoluci\u00f3n de 1810\" class=\"read-more\" href=\"https:\/\/www.hoymercedes.com.ar\/principal\/2017\/05\/26\/en-la-carcel-celebrando-la-revolucion-de-1810\/\" aria-label=\"Leer m\u00e1s sobre En la c\u00e1rcel celebrando la Revoluci\u00f3n de 1810\">Leer m\u00e1s<\/a><\/p>\n","protected":false},"author":1,"featured_media":63180,"comment_status":"closed","ping_status":"open","sticky":false,"template":"","format":"standard","meta":{"_monsterinsights_skip_tracking":false,"_monsterinsights_sitenote_active":false,"_monsterinsights_sitenote_note":"","_monsterinsights_sitenote_category":0,"jetpack_post_was_ever_published":false,"_jetpack_newsletter_access":"","_jetpack_dont_email_post_to_subs":false,"_jetpack_newsletter_tier_id":0,"_jetpack_memberships_contains_paywalled_content":false,"_jetpack_memberships_contains_paid_content":false,"footnotes":"","jetpack_publicize_message":"","jetpack_publicize_feature_enabled":true,"jetpack_social_post_already_shared":true,"jetpack_social_options":{"image_generator_settings":{"template":"highway","default_image_id":0,"font":"","enabled":false},"version":2},"_wpas_customize_per_network":false},"categories":[23],"tags":[1011,47,11218,11121,9002],"class_list":["post-63179","post","type-post","status-publish","format-standard","has-post-thumbnail","hentry","category-educacion","tag-carcel","tag-educacion-2","tag-escuela-primaria-n-701","tag-revolucion-de-mayo","tag-unidad-n-5","generate-columns","tablet-grid-50","mobile-grid-100","grid-parent","grid-50"],"jetpack_publicize_connections":[],"jetpack_featured_media_url":"https:\/\/www.hoymercedes.com.ar\/principal\/wp-content\/uploads\/2017\/05\/26-carcel-mayo.jpg","wps_subtitle":"Acto en la Escuela Primaria de la Unidad","jetpack_sharing_enabled":true,"_links":{"self":[{"href":"https:\/\/www.hoymercedes.com.ar\/principal\/wp-json\/wp\/v2\/posts\/63179","targetHints":{"allow":["GET"]}}],"collection":[{"href":"https:\/\/www.hoymercedes.com.ar\/principal\/wp-json\/wp\/v2\/posts"}],"about":[{"href":"https:\/\/www.hoymercedes.com.ar\/principal\/wp-json\/wp\/v2\/types\/post"}],"author":[{"embeddable":true,"href":"https:\/\/www.hoymercedes.com.ar\/principal\/wp-json\/wp\/v2\/users\/1"}],"replies":[{"embeddable":true,"href":"https:\/\/www.hoymercedes.com.ar\/principal\/wp-json\/wp\/v2\/comments?post=63179"}],"version-history":[{"count":0,"href":"https:\/\/www.hoymercedes.com.ar\/principal\/wp-json\/wp\/v2\/posts\/63179\/revisions"}],"wp:featuredmedia":[{"embeddable":true,"href":"https:\/\/www.hoymercedes.com.ar\/principal\/wp-json\/wp\/v2\/media\/63180"}],"wp:attachment":[{"href":"https:\/\/www.hoymercedes.com.ar\/principal\/wp-json\/wp\/v2\/media?parent=63179"}],"wp:term":[{"taxonomy":"category","embeddable":true,"href":"https:\/\/www.hoymercedes.com.ar\/principal\/wp-json\/wp\/v2\/categories?post=63179"},{"taxonomy":"post_tag","embeddable":true,"href":"https:\/\/www.hoymercedes.com.ar\/principal\/wp-json\/wp\/v2\/tags?post=63179"}],"curies":[{"name":"wp","href":"https:\/\/api.w.org\/{rel}","templated":true}]}}