{"id":63243,"date":"2017-05-29T13:17:37","date_gmt":"2017-05-29T16:17:37","guid":{"rendered":"http:\/\/www.hoymercedes.com.ar\/principal\/?p=63243"},"modified":"2017-05-29T13:17:37","modified_gmt":"2017-05-29T16:17:37","slug":"colocaran-senaletica-de-estrella-amarilla-en-2-y-119","status":"publish","type":"post","link":"https:\/\/www.hoymercedes.com.ar\/principal\/2017\/05\/29\/colocaran-senaletica-de-estrella-amarilla-en-2-y-119\/","title":{"rendered":"Colocar\u00e1n se\u00f1al\u00e9tica de estrella amarilla en 2 y 119"},"content":{"rendered":"<p>El venidero viernes 2 de junio a la hora 9:30 se estar\u00e1 colocando una nueva se\u00f1al\u00e9tica que marca una Estrellas Amarillas. Este vez, la se\u00f1alizaci\u00f3n ser\u00e1 vertical en a Juan Manuel Olivella fallecido en un siniestro vial ,La carteler\u00eda se colocar\u00e1 a metros de la rotonda de ingreso en la ciudad por Ruta Nacional N\u00b0 5. Se colocar\u00e1 sobre el ingreso de Avenida 2 (Avenida de los Inmigrantes), cercano a la intersecci\u00f3n con calle 119.<br \/>\n<img loading=\"lazy\" decoding=\"async\" data-attachment-id=\"63244\" data-permalink=\"https:\/\/www.hoymercedes.com.ar\/principal\/2017\/05\/29\/colocaran-senaletica-de-estrella-amarilla-en-2-y-119\/29-estrella-amarilla\/#main\" data-orig-file=\"https:\/\/www.hoymercedes.com.ar\/principal\/wp-content\/uploads\/2017\/05\/29-estrella-amarilla.jpg\" data-orig-size=\"531,446\" data-comments-opened=\"0\" data-image-meta=\"{&quot;aperture&quot;:&quot;0&quot;,&quot;credit&quot;:&quot;&quot;,&quot;camera&quot;:&quot;&quot;,&quot;caption&quot;:&quot;&quot;,&quot;created_timestamp&quot;:&quot;0&quot;,&quot;copyright&quot;:&quot;&quot;,&quot;focal_length&quot;:&quot;0&quot;,&quot;iso&quot;:&quot;0&quot;,&quot;shutter_speed&quot;:&quot;0&quot;,&quot;title&quot;:&quot;&quot;,&quot;orientation&quot;:&quot;0&quot;}\" data-image-title=\"29 estrella amarilla\" data-image-description=\"\" data-image-caption=\"\" data-large-file=\"https:\/\/www.hoymercedes.com.ar\/principal\/wp-content\/uploads\/2017\/05\/29-estrella-amarilla.jpg\" class=\"aligncenter size-full wp-image-63244\" src=\"https:\/\/www.hoymercedes.com.ar\/principal\/wp-content\/uploads\/2017\/05\/29-estrella-amarilla.jpg\" alt=\"\" width=\"531\" height=\"446\" srcset=\"https:\/\/www.hoymercedes.com.ar\/principal\/wp-content\/uploads\/2017\/05\/29-estrella-amarilla.jpg 531w, https:\/\/www.hoymercedes.com.ar\/principal\/wp-content\/uploads\/2017\/05\/29-estrella-amarilla-150x126.jpg 150w\" sizes=\"auto, (max-width: 531px) 100vw, 531px\" \/><\/p>\n<figure id=\"attachment_63247\" aria-describedby=\"caption-attachment-63247\" style=\"width: 620px\" class=\"wp-caption aligncenter\"><img loading=\"lazy\" decoding=\"async\" data-attachment-id=\"63247\" data-permalink=\"https:\/\/www.hoymercedes.com.ar\/principal\/2017\/05\/29\/colocaran-senaletica-de-estrella-amarilla-en-2-y-119\/imprimir-10\/#main\" data-orig-file=\"https:\/\/www.hoymercedes.com.ar\/principal\/wp-content\/uploads\/2017\/05\/30-miguezjunio-02.jpg\" data-orig-size=\"630,426\" data-comments-opened=\"0\" data-image-meta=\"{&quot;aperture&quot;:&quot;0&quot;,&quot;credit&quot;:&quot;&quot;,&quot;camera&quot;:&quot;&quot;,&quot;caption&quot;:&quot;Imprimir&quot;,&quot;created_timestamp&quot;:&quot;1495799978&quot;,&quot;copyright&quot;:&quot;&quot;,&quot;focal_length&quot;:&quot;0&quot;,&quot;iso&quot;:&quot;0&quot;,&quot;shutter_speed&quot;:&quot;0&quot;,&quot;title&quot;:&quot;Imprimir&quot;,&quot;orientation&quot;:&quot;0&quot;}\" data-image-title=\"Imprimir\" data-image-description=\"\" data-image-caption=\"&lt;p&gt;Imprimir&lt;\/p&gt;\n\" data-large-file=\"https:\/\/www.hoymercedes.com.ar\/principal\/wp-content\/uploads\/2017\/05\/30-miguezjunio-02.jpg\" class=\"size-medium wp-image-63247\" src=\"https:\/\/www.hoymercedes.com.ar\/principal\/wp-content\/uploads\/2017\/05\/30-miguezjunio-02-630x426.jpg\" alt=\"\" width=\"630\" height=\"426\" srcset=\"https:\/\/www.hoymercedes.com.ar\/principal\/wp-content\/uploads\/2017\/05\/30-miguezjunio-02.jpg 630w, https:\/\/www.hoymercedes.com.ar\/principal\/wp-content\/uploads\/2017\/05\/30-miguezjunio-02-150x101.jpg 150w\" sizes=\"auto, (max-width: 630px) 100vw, 630px\" \/><figcaption id=\"caption-attachment-63247\" class=\"wp-caption-text\">Imprimir<\/figcaption><\/figure>\n","protected":false},"excerpt":{"rendered":"<p>El venidero viernes 2 de junio a la hora 9:30 se estar\u00e1 colocando una nueva se\u00f1al\u00e9tica que marca una Estrellas &#8230; <a title=\"Colocar\u00e1n se\u00f1al\u00e9tica de estrella amarilla en 2 y 119\" class=\"read-more\" href=\"https:\/\/www.hoymercedes.com.ar\/principal\/2017\/05\/29\/colocaran-senaletica-de-estrella-amarilla-en-2-y-119\/\" aria-label=\"Leer m\u00e1s sobre Colocar\u00e1n se\u00f1al\u00e9tica de estrella amarilla en 2 y 119\">Leer m\u00e1s<\/a><\/p>\n","protected":false},"author":1,"featured_media":63244,"comment_status":"closed","ping_status":"open","sticky":false,"template":"","format":"standard","meta":{"_monsterinsights_skip_tracking":false,"_monsterinsights_sitenote_active":false,"_monsterinsights_sitenote_note":"","_monsterinsights_sitenote_category":0,"jetpack_post_was_ever_published":false,"_jetpack_newsletter_access":"","_jetpack_dont_email_post_to_subs":false,"_jetpack_newsletter_tier_id":0,"_jetpack_memberships_contains_paywalled_content":false,"_jetpack_memberships_contains_paid_content":false,"footnotes":"","jetpack_publicize_message":"","jetpack_publicize_feature_enabled":true,"jetpack_social_post_already_shared":true,"jetpack_social_options":{"image_generator_settings":{"template":"highway","default_image_id":0,"font":"","enabled":false},"version":2},"_wpas_customize_per_network":false},"categories":[11],"tags":[9444,10,626,9453],"class_list":["post-63243","post","type-post","status-publish","format-standard","has-post-thumbnail","hentry","category-ciudad","tag-estrella-amarilla","tag-mercedes","tag-seguridad-vial","tag-siniestros-viales","generate-columns","tablet-grid-50","mobile-grid-100","grid-parent","grid-50"],"jetpack_publicize_connections":[],"jetpack_featured_media_url":"https:\/\/www.hoymercedes.com.ar\/principal\/wp-content\/uploads\/2017\/05\/29-estrella-amarilla.jpg","wps_subtitle":"","jetpack_sharing_enabled":true,"_links":{"self":[{"href":"https:\/\/www.hoymercedes.com.ar\/principal\/wp-json\/wp\/v2\/posts\/63243","targetHints":{"allow":["GET"]}}],"collection":[{"href":"https:\/\/www.hoymercedes.com.ar\/principal\/wp-json\/wp\/v2\/posts"}],"about":[{"href":"https:\/\/www.hoymercedes.com.ar\/principal\/wp-json\/wp\/v2\/types\/post"}],"author":[{"embeddable":true,"href":"https:\/\/www.hoymercedes.com.ar\/principal\/wp-json\/wp\/v2\/users\/1"}],"replies":[{"embeddable":true,"href":"https:\/\/www.hoymercedes.com.ar\/principal\/wp-json\/wp\/v2\/comments?post=63243"}],"version-history":[{"count":0,"href":"https:\/\/www.hoymercedes.com.ar\/principal\/wp-json\/wp\/v2\/posts\/63243\/revisions"}],"wp:featuredmedia":[{"embeddable":true,"href":"https:\/\/www.hoymercedes.com.ar\/principal\/wp-json\/wp\/v2\/media\/63244"}],"wp:attachment":[{"href":"https:\/\/www.hoymercedes.com.ar\/principal\/wp-json\/wp\/v2\/media?parent=63243"}],"wp:term":[{"taxonomy":"category","embeddable":true,"href":"https:\/\/www.hoymercedes.com.ar\/principal\/wp-json\/wp\/v2\/categories?post=63243"},{"taxonomy":"post_tag","embeddable":true,"href":"https:\/\/www.hoymercedes.com.ar\/principal\/wp-json\/wp\/v2\/tags?post=63243"}],"curies":[{"name":"wp","href":"https:\/\/api.w.org\/{rel}","templated":true}]}}