{"id":63249,"date":"2017-05-30T08:23:12","date_gmt":"2017-05-30T11:23:12","guid":{"rendered":"http:\/\/www.hoymercedes.com.ar\/principal\/?p=63249"},"modified":"2017-05-29T13:42:49","modified_gmt":"2017-05-29T16:42:49","slug":"ciclo-de-cine-todos-de-pie","status":"publish","type":"post","link":"https:\/\/www.hoymercedes.com.ar\/principal\/2017\/05\/30\/ciclo-de-cine-todos-de-pie\/","title":{"rendered":"Ciclo de Cine \u00abTodos de Pie\u00bb"},"content":{"rendered":"<p>&nbsp;<\/p>\n<p>A partir del pr\u00f3ximo jueves 1\u00b0 de junio, y durante todo el mes, se proyectar\u00e1n pel\u00edculas de tem\u00e1tica judicial en el Ciclo de Cine del Museo de Arte \u00abMunicipalidad de Mercedes\u00bb. Litigios, jueces, jurados, veredictos y abogados llegan a la pantalla m\u00f3vil del MAMM\u00a0para introducirnos en el mundo del derecho y sus problem\u00e1ticas. El horario de las funciones son a la hora 19. Entrada libre y gratuita en el espacio cultural municipal de calle 23, entre 18 y 16<\/p>\n<p>Los t\u00edtulos y las fechas son:<\/p>\n<p>&#8211; 01 &#8211; \u201cAmistad\u201d, de Steven Spielberg (1997)<\/p>\n<p>&#8211; 08 &#8211; \u201cSophie Scholl (Los \u00faltimos d\u00edas)\u201d, de Marc Rothemund (2005)<\/p>\n<p>&#8211; 15 &#8211; \u201cEl Abogado del Diablo\u201d, de Taylor Hackford (1997)<\/p>\n<p>&#8211; 22 &#8211; \u201cGett (El Divorcio de Viviane Amsalem), de Ronit Elkabetz (2014)<\/p>\n<p>&#8211; 29 &#8211; \u201cUna Acci\u00f3n Civil\u201d, de Stephen Zillian (1999)<\/p>\n<p>&nbsp;<\/p>\n<p>&nbsp;<\/p>\n<p>Fuente: MAMM<\/p>\n","protected":false},"excerpt":{"rendered":"<p>&nbsp; A partir del pr\u00f3ximo jueves 1\u00b0 de junio, y durante todo el mes, se proyectar\u00e1n pel\u00edculas de tem\u00e1tica judicial &#8230; <a title=\"Ciclo de Cine \u00abTodos de Pie\u00bb\" class=\"read-more\" href=\"https:\/\/www.hoymercedes.com.ar\/principal\/2017\/05\/30\/ciclo-de-cine-todos-de-pie\/\" aria-label=\"Leer m\u00e1s sobre Ciclo de Cine \u00abTodos de Pie\u00bb\">Leer m\u00e1s<\/a><\/p>\n","protected":false},"author":1,"featured_media":63251,"comment_status":"closed","ping_status":"open","sticky":false,"template":"","format":"standard","meta":{"_monsterinsights_skip_tracking":false,"_monsterinsights_sitenote_active":false,"_monsterinsights_sitenote_note":"","_monsterinsights_sitenote_category":0,"jetpack_post_was_ever_published":false,"_jetpack_newsletter_access":"","_jetpack_dont_email_post_to_subs":false,"_jetpack_newsletter_tier_id":0,"_jetpack_memberships_contains_paywalled_content":false,"_jetpack_memberships_contains_paid_content":false,"footnotes":"","jetpack_publicize_message":"","jetpack_publicize_feature_enabled":true,"jetpack_social_post_already_shared":true,"jetpack_social_options":{"image_generator_settings":{"template":"highway","default_image_id":0,"font":"","enabled":false},"version":2},"_wpas_customize_per_network":false},"categories":[11],"tags":[10181,1734,7805,8674,10,10869],"class_list":["post-63249","post","type-post","status-publish","format-standard","has-post-thumbnail","hentry","category-ciudad","tag-ciclo-de-cine","tag-ciudad-2","tag-cultura","tag-mamm","tag-mercedes","tag-museo-de-arte","generate-columns","tablet-grid-50","mobile-grid-100","grid-parent","grid-50"],"jetpack_publicize_connections":[],"jetpack_featured_media_url":"https:\/\/www.hoymercedes.com.ar\/principal\/wp-content\/uploads\/2017\/05\/30-cine-mamm.jpg","wps_subtitle":"El Museo entra en sesi\u00f3n","jetpack_sharing_enabled":true,"_links":{"self":[{"href":"https:\/\/www.hoymercedes.com.ar\/principal\/wp-json\/wp\/v2\/posts\/63249","targetHints":{"allow":["GET"]}}],"collection":[{"href":"https:\/\/www.hoymercedes.com.ar\/principal\/wp-json\/wp\/v2\/posts"}],"about":[{"href":"https:\/\/www.hoymercedes.com.ar\/principal\/wp-json\/wp\/v2\/types\/post"}],"author":[{"embeddable":true,"href":"https:\/\/www.hoymercedes.com.ar\/principal\/wp-json\/wp\/v2\/users\/1"}],"replies":[{"embeddable":true,"href":"https:\/\/www.hoymercedes.com.ar\/principal\/wp-json\/wp\/v2\/comments?post=63249"}],"version-history":[{"count":0,"href":"https:\/\/www.hoymercedes.com.ar\/principal\/wp-json\/wp\/v2\/posts\/63249\/revisions"}],"wp:featuredmedia":[{"embeddable":true,"href":"https:\/\/www.hoymercedes.com.ar\/principal\/wp-json\/wp\/v2\/media\/63251"}],"wp:attachment":[{"href":"https:\/\/www.hoymercedes.com.ar\/principal\/wp-json\/wp\/v2\/media?parent=63249"}],"wp:term":[{"taxonomy":"category","embeddable":true,"href":"https:\/\/www.hoymercedes.com.ar\/principal\/wp-json\/wp\/v2\/categories?post=63249"},{"taxonomy":"post_tag","embeddable":true,"href":"https:\/\/www.hoymercedes.com.ar\/principal\/wp-json\/wp\/v2\/tags?post=63249"}],"curies":[{"name":"wp","href":"https:\/\/api.w.org\/{rel}","templated":true}]}}