{"id":63270,"date":"2017-05-30T07:26:21","date_gmt":"2017-05-30T10:26:21","guid":{"rendered":"http:\/\/www.hoymercedes.com.ar\/principal\/?p=63270"},"modified":"2017-05-30T09:30:40","modified_gmt":"2017-05-30T12:30:40","slug":"martin-y-jorge-gioscio-puntean-en-del-progreso","status":"publish","type":"post","link":"https:\/\/www.hoymercedes.com.ar\/principal\/2017\/05\/30\/martin-y-jorge-gioscio-puntean-en-del-progreso\/","title":{"rendered":"Mart\u00edn y Jorge Gioscio puntean en Del Progreso"},"content":{"rendered":"<p>La quinta ronda del torneo de Ajedrez que se disputa en el Club Del Progreso se realiz\u00f3 este viernes y en el duelo de l\u00edderes, Mart\u00edn Gioscio venci\u00f3 a Agust\u00edn Ferrero y sigue como l\u00edder del torneo. Este resultado fue aprovechado por Jorge Gioscio, que derrot\u00f3 a Juan Ferrero. El pr\u00f3ximo viernes se jugar\u00e1 la sexta y ante\u00faltima ronda, tambi\u00e9n en el club de calle 25 entre 22 y 24.<\/p>\n<p><img loading=\"lazy\" decoding=\"async\" data-attachment-id=\"63273\" data-permalink=\"https:\/\/www.hoymercedes.com.ar\/principal\/2017\/05\/30\/martin-y-jorge-gioscio-puntean-en-del-progreso\/18763398_1506812716030093_1185986054_n\/#main\" data-orig-file=\"https:\/\/www.hoymercedes.com.ar\/principal\/wp-content\/uploads\/2017\/05\/18763398_1506812716030093_1185986054_n.jpg\" data-orig-size=\"320,320\" data-comments-opened=\"0\" data-image-meta=\"{&quot;aperture&quot;:&quot;0&quot;,&quot;credit&quot;:&quot;&quot;,&quot;camera&quot;:&quot;&quot;,&quot;caption&quot;:&quot;&quot;,&quot;created_timestamp&quot;:&quot;0&quot;,&quot;copyright&quot;:&quot;&quot;,&quot;focal_length&quot;:&quot;0&quot;,&quot;iso&quot;:&quot;0&quot;,&quot;shutter_speed&quot;:&quot;0&quot;,&quot;title&quot;:&quot;&quot;,&quot;orientation&quot;:&quot;0&quot;}\" data-image-title=\"18763398_1506812716030093_1185986054_n\" data-image-description=\"\" data-image-caption=\"\" data-large-file=\"https:\/\/www.hoymercedes.com.ar\/principal\/wp-content\/uploads\/2017\/05\/18763398_1506812716030093_1185986054_n.jpg\" class=\"aligncenter size-full wp-image-63273\" src=\"https:\/\/www.hoymercedes.com.ar\/principal\/wp-content\/uploads\/2017\/05\/18763398_1506812716030093_1185986054_n.jpg\" alt=\"\" width=\"320\" height=\"320\" srcset=\"https:\/\/www.hoymercedes.com.ar\/principal\/wp-content\/uploads\/2017\/05\/18763398_1506812716030093_1185986054_n.jpg 320w, https:\/\/www.hoymercedes.com.ar\/principal\/wp-content\/uploads\/2017\/05\/18763398_1506812716030093_1185986054_n-150x150.jpg 150w\" sizes=\"auto, (max-width: 320px) 100vw, 320px\" \/><\/p>\n<p>&nbsp;<\/p>\n<p><strong>Resultados Ronda 5<\/strong><\/p>\n<p>Agust\u00edn Ferrero 0 &#8211; 1 Mart\u00edn Gioscio<\/p>\n<p>Jorge Gioscio 1 &#8211; Juan Ferrero 0<\/p>\n<p>Francisco Viola 5 &#8211; 5 Ariel Quijano<\/p>\n<p>Nicol\u00e1s Denza 5 &#8211; 5 Claudio Conti<\/p>\n<p>Guillermo Bori 1 &#8211; 0 Marcelo Guti\u00e9rrez<\/p>\n<p>Emanuel G\u00f3mez 1 &#8211; 0 Daniel Picardi<\/p>\n<p>Juan Gioscio 1 &#8211; 0 Javier Moreno<\/p>\n<p>Facundo Mazzocchi 1 &#8211; 0 Araceli Paniagua<\/p>\n<p>Carlos Haigis 1 &#8211; 0 Roberto Almada 0<\/p>\n<p>&nbsp;<\/p>\n<p><strong>Sexta Ronda<\/strong><\/p>\n<p>Mart\u00edn Gioscio &#8211; Jorge Gioscio<\/p>\n<p>Ariel Quijano &#8211; Agust\u00edn Ferrero<\/p>\n<p>Juan Ferrero &#8211; Guillermo Bori<\/p>\n<p>Claudio Conti &#8211; Francisco Viola<\/p>\n<p>Nicol\u00e1s Denza &#8211; Emanuel G\u00f3mez<\/p>\n<p>Facundo Mazzocchi &#8211; Juan Gioscio<\/p>\n<p>Daniel Picardi &#8211; Carlos Haigis<\/p>\n<p>Javier Moreno &#8211; Araceli Paniagua<\/p>\n<p>&nbsp;<\/p>\n<p><strong>Posiciones<\/strong><\/p>\n<p>1 &#8211; Mart\u00edn Gioscio &#8211; 5<\/p>\n<p>2 &#8211; Jorge Gioscio &#8211; 4<\/p>\n<p>3 &#8211; Agust\u00edn Ferrero y Ariel Quijano &#8211; 3,5<\/p>\n<p>5 &#8211; Claudio Conti, Guillermo Bori, Juan Ferrero, Francisco Viola, Emanuel G\u00f3mez y Nicol\u00e1s Denza &#8211; 3<\/p>\n<p>11 &#8211; Juan Gioscio y Facundo Mazzocchi &#8211; 2,5<\/p>\n<p>13 &#8211; Marcelo Guti\u00e9rrez, Daniel Picardi y Enrique Contessoto &#8211; 2<\/p>\n<p>16 &#8211; Carlos Haigis y Javier Moreno &#8211; 1, 5<\/p>\n<p>18 &#8211; Araceli Paniagua y Roberto Almada &#8211; 1<\/p>\n<p>20 &#8211; Ezequiel Bianchi &#8211; 0,5<\/p>\n<p>21 &#8211; Pablo Salinardi &#8211; 0<\/p>\n","protected":false},"excerpt":{"rendered":"<p>La quinta ronda del torneo de Ajedrez que se disputa en el Club Del Progreso se realiz\u00f3 este viernes y &#8230; <a title=\"Mart\u00edn y Jorge Gioscio puntean en Del Progreso\" class=\"read-more\" href=\"https:\/\/www.hoymercedes.com.ar\/principal\/2017\/05\/30\/martin-y-jorge-gioscio-puntean-en-del-progreso\/\" aria-label=\"Leer m\u00e1s sobre Mart\u00edn y Jorge Gioscio puntean en Del Progreso\">Leer m\u00e1s<\/a><\/p>\n","protected":false},"author":1,"featured_media":63273,"comment_status":"closed","ping_status":"open","sticky":false,"template":"","format":"standard","meta":{"_monsterinsights_skip_tracking":false,"_monsterinsights_sitenote_active":false,"_monsterinsights_sitenote_note":"","_monsterinsights_sitenote_category":0,"jetpack_post_was_ever_published":false,"_jetpack_newsletter_access":"","_jetpack_dont_email_post_to_subs":false,"_jetpack_newsletter_tier_id":0,"_jetpack_memberships_contains_paywalled_content":false,"_jetpack_memberships_contains_paid_content":false,"footnotes":"","jetpack_publicize_message":"","jetpack_publicize_feature_enabled":true,"jetpack_social_post_already_shared":true,"jetpack_social_options":{"image_generator_settings":{"template":"highway","default_image_id":0,"font":"","enabled":false},"version":2},"_wpas_customize_per_network":false},"categories":[21],"tags":[9871,204,11243,11119,10,10978],"class_list":["post-63270","post","type-post","status-publish","format-standard","has-post-thumbnail","hentry","category-deportes","tag-ajedrez","tag-deportes-2","tag-jorge-gioscio","tag-martin-gioscio","tag-mercedes","tag-peon-rapido","generate-columns","tablet-grid-50","mobile-grid-100","grid-parent","grid-50"],"jetpack_publicize_connections":[],"jetpack_featured_media_url":"https:\/\/www.hoymercedes.com.ar\/principal\/wp-content\/uploads\/2017\/05\/18763398_1506812716030093_1185986054_n.jpg","wps_subtitle":"Ajedrez","jetpack_sharing_enabled":true,"jetpack-related-posts":[{"id":62736,"url":"https:\/\/www.hoymercedes.com.ar\/principal\/2017\/05\/14\/martin-gioscio-lidera-el-torneo-de-ajedrez-tras-tres-rondas\/","url_meta":{"origin":63270,"position":0},"title":"Martin Gioscio lidera el torneo de ajedrez tras tres rondas","author":"hoymercedes","date":"14 mayo, 2017","format":false,"excerpt":"Se complet\u00f3 este viernes la tercera ronda del torneo de ajedrez que se est\u00e1 llevando a cabo en el Club Del Progreso, que tiene una gran cantidad de competidores y que se disputa todos los viernes en la sede de la instituci\u00f3n de calle 25. Mart\u00edn Gioscio, al cabo de\u2026","rel":"","context":"En \u00abDeportes\u00bb","block_context":{"text":"Deportes","link":"https:\/\/www.hoymercedes.com.ar\/principal\/category\/deportes\/"},"img":{"alt_text":"","src":"https:\/\/i0.wp.com\/www.hoymercedes.com.ar\/principal\/wp-content\/uploads\/2017\/05\/ajedrez-2.jpg?resize=350%2C200&ssl=1","width":350,"height":200,"srcset":"https:\/\/i0.wp.com\/www.hoymercedes.com.ar\/principal\/wp-content\/uploads\/2017\/05\/ajedrez-2.jpg?resize=350%2C200&ssl=1 1x, https:\/\/i0.wp.com\/www.hoymercedes.com.ar\/principal\/wp-content\/uploads\/2017\/05\/ajedrez-2.jpg?resize=525%2C300&ssl=1 1.5x, https:\/\/i0.wp.com\/www.hoymercedes.com.ar\/principal\/wp-content\/uploads\/2017\/05\/ajedrez-2.jpg?resize=700%2C400&ssl=1 2x, https:\/\/i0.wp.com\/www.hoymercedes.com.ar\/principal\/wp-content\/uploads\/2017\/05\/ajedrez-2.jpg?resize=1050%2C600&ssl=1 3x, https:\/\/i0.wp.com\/www.hoymercedes.com.ar\/principal\/wp-content\/uploads\/2017\/05\/ajedrez-2.jpg?resize=1400%2C800&ssl=1 4x"},"classes":[]},{"id":63050,"url":"https:\/\/www.hoymercedes.com.ar\/principal\/2017\/05\/24\/martin-gioscio-continua-como-lider-en-del-progreso\/","url_meta":{"origin":63270,"position":1},"title":"Mart\u00edn Gioscio contin\u00faa como l\u00edder en Del Progreso","author":"hoymercedes","date":"24 mayo, 2017","format":false,"excerpt":"Tras haberse jugado la cuarta ronda del certamen de ajedrez en Club Del Progreso, Mart\u00edn Gioscio sigue siendo el l\u00edder del torneo con 4 puntos, siendo el \u00fanico que se mantiene con puntaje ideal. Este viernes derrot\u00f3 a Claudio Conti. El \u00fanico que sorte\u00f3 la jornada fue Facunco Mazzocchi. S\u00edntesis\u2026","rel":"","context":"En \u00abDeportes\u00bb","block_context":{"text":"Deportes","link":"https:\/\/www.hoymercedes.com.ar\/principal\/category\/deportes\/"},"img":{"alt_text":"","src":"https:\/\/i0.wp.com\/www.hoymercedes.com.ar\/principal\/wp-content\/uploads\/2017\/05\/Ajedrez-Del-Progreso-e1495630665996.jpg?resize=350%2C200&ssl=1","width":350,"height":200,"srcset":"https:\/\/i0.wp.com\/www.hoymercedes.com.ar\/principal\/wp-content\/uploads\/2017\/05\/Ajedrez-Del-Progreso-e1495630665996.jpg?resize=350%2C200&ssl=1 1x, https:\/\/i0.wp.com\/www.hoymercedes.com.ar\/principal\/wp-content\/uploads\/2017\/05\/Ajedrez-Del-Progreso-e1495630665996.jpg?resize=525%2C300&ssl=1 1.5x"},"classes":[]},{"id":162507,"url":"https:\/\/www.hoymercedes.com.ar\/principal\/2023\/05\/22\/ajedrez-paso-la-cuarta-ronda-y-se-perfilan-los-favoritos\/","url_meta":{"origin":63270,"position":2},"title":"Ajedrez: Pas\u00f3 la cuarta ronda y se perfilan los favoritos","author":"hoymercedes","date":"22 mayo, 2023","format":false,"excerpt":"El pasado viernes se llev\u00f3 adelante la cuarta ronda del torneo \u201cMemoria\u201d en el Club el Progreso, organizado por la escuela de Ajedrez \u201c Pe\u00f3n R\u00e1pido\u201d. A falta de tres jornadas, Mart\u00edn Gioscio y Francisco Viola empiezan a despegarse de sus competidores. Los resultados fueron los siguientes: Gioscio Martin vs.\u2026","rel":"","context":"En \u00abDeportes\u00bb","block_context":{"text":"Deportes","link":"https:\/\/www.hoymercedes.com.ar\/principal\/category\/deportes\/"},"img":{"alt_text":"","src":"https:\/\/i0.wp.com\/www.hoymercedes.com.ar\/principal\/wp-content\/uploads\/2023\/05\/IMG-20230522-WA0001.jpg?resize=350%2C200&ssl=1","width":350,"height":200,"srcset":"https:\/\/i0.wp.com\/www.hoymercedes.com.ar\/principal\/wp-content\/uploads\/2023\/05\/IMG-20230522-WA0001.jpg?resize=350%2C200&ssl=1 1x, https:\/\/i0.wp.com\/www.hoymercedes.com.ar\/principal\/wp-content\/uploads\/2023\/05\/IMG-20230522-WA0001.jpg?resize=525%2C300&ssl=1 1.5x, https:\/\/i0.wp.com\/www.hoymercedes.com.ar\/principal\/wp-content\/uploads\/2023\/05\/IMG-20230522-WA0001.jpg?resize=700%2C400&ssl=1 2x, https:\/\/i0.wp.com\/www.hoymercedes.com.ar\/principal\/wp-content\/uploads\/2023\/05\/IMG-20230522-WA0001.jpg?resize=1050%2C600&ssl=1 3x, https:\/\/i0.wp.com\/www.hoymercedes.com.ar\/principal\/wp-content\/uploads\/2023\/05\/IMG-20230522-WA0001.jpg?resize=1400%2C800&ssl=1 4x"},"classes":[]},{"id":175825,"url":"https:\/\/www.hoymercedes.com.ar\/principal\/2024\/05\/20\/ajedrez-recta-final-para-el-abierto-de-otono\/","url_meta":{"origin":63270,"position":3},"title":"Ajedrez: Recta final para el Abierto de Oto\u00f1o\u00a0","author":"hoymercedes","date":"20 mayo, 2024","format":false,"excerpt":"El viernes se realiz\u00f3 la ante\u00faltima ronda del certamen. Mart\u00edn Gioscio contin\u00faa al frente con puntaje ideal. El pr\u00f3ximo viernes se conocer\u00e1 al campe\u00f3n de la edici\u00f3n 2024. El pasado viernes se llev\u00f3 adelante la sexta ronda del torneo Abierto de Oto\u00f1o en el hist\u00f3rico Club Del Progreso. En una\u2026","rel":"","context":"En \u00abDeportes\u00bb","block_context":{"text":"Deportes","link":"https:\/\/www.hoymercedes.com.ar\/principal\/category\/deportes\/"},"img":{"alt_text":"","src":"https:\/\/i0.wp.com\/www.hoymercedes.com.ar\/principal\/wp-content\/uploads\/2024\/05\/ajedrez-20052024.jpg?resize=350%2C200&ssl=1","width":350,"height":200,"srcset":"https:\/\/i0.wp.com\/www.hoymercedes.com.ar\/principal\/wp-content\/uploads\/2024\/05\/ajedrez-20052024.jpg?resize=350%2C200&ssl=1 1x, https:\/\/i0.wp.com\/www.hoymercedes.com.ar\/principal\/wp-content\/uploads\/2024\/05\/ajedrez-20052024.jpg?resize=525%2C300&ssl=1 1.5x, https:\/\/i0.wp.com\/www.hoymercedes.com.ar\/principal\/wp-content\/uploads\/2024\/05\/ajedrez-20052024.jpg?resize=700%2C400&ssl=1 2x"},"classes":[]},{"id":163051,"url":"https:\/\/www.hoymercedes.com.ar\/principal\/2023\/06\/05\/ajedrez-ultimas-rondas-para-el-torneo-abierto-memoria\/","url_meta":{"origin":63270,"position":4},"title":"Ajedrez: \u00daltimas rondas para el Torneo abierto \u201cMemoria\u201d","author":"hoymercedes","date":"5 junio, 2023","format":false,"excerpt":"El viernes se disput\u00f3 la quinta ronda en las instalaciones del Club Del Progreso. Solo quedan dos por delante con importantes cruces para perfilar al ganador. El d\u00eda viernes se llev\u00f3 a cabo la quinta ronda del tradicional abierto de ajedrez memoria el cual se realiza en las instalaciones del\u2026","rel":"","context":"En \u00abSociedad\u00bb","block_context":{"text":"Sociedad","link":"https:\/\/www.hoymercedes.com.ar\/principal\/category\/sociedad\/"},"img":{"alt_text":"","src":"https:\/\/i0.wp.com\/www.hoymercedes.com.ar\/principal\/wp-content\/uploads\/2023\/06\/dajedrez-696x520-1.jpg?resize=350%2C200&ssl=1","width":350,"height":200,"srcset":"https:\/\/i0.wp.com\/www.hoymercedes.com.ar\/principal\/wp-content\/uploads\/2023\/06\/dajedrez-696x520-1.jpg?resize=350%2C200&ssl=1 1x, https:\/\/i0.wp.com\/www.hoymercedes.com.ar\/principal\/wp-content\/uploads\/2023\/06\/dajedrez-696x520-1.jpg?resize=525%2C300&ssl=1 1.5x"},"classes":[]},{"id":63556,"url":"https:\/\/www.hoymercedes.com.ar\/principal\/2017\/06\/07\/martin-gioscio-campeon-del-torneo-de-ajedrez-en-del-progreso\/","url_meta":{"origin":63270,"position":5},"title":"Mart\u00edn Gioscio, campe\u00f3n del torneo de Ajedrez en Del Progreso","author":"hoymercedes","date":"7 junio, 2017","format":false,"excerpt":"Mart\u00edn super\u00f3 a su hermano menor Jorge y con el puntaje ideal de 6 puntos sac\u00f3 uno y medio a Ariel Quijano que lo enfrentar\u00e1 en la ronda final para intentar quedarse con el invicto del campe\u00f3n y sumar para ser el subcampe\u00f3n. Con 4 puntos quedaron expectantes para la\u2026","rel":"","context":"En \u00abDeportes\u00bb","block_context":{"text":"Deportes","link":"https:\/\/www.hoymercedes.com.ar\/principal\/category\/deportes\/"},"img":{"alt_text":"","src":"https:\/\/i0.wp.com\/www.hoymercedes.com.ar\/principal\/wp-content\/uploads\/2017\/06\/18838347_1514057081972323_403716580_o.jpg?resize=350%2C200&ssl=1","width":350,"height":200,"srcset":"https:\/\/i0.wp.com\/www.hoymercedes.com.ar\/principal\/wp-content\/uploads\/2017\/06\/18838347_1514057081972323_403716580_o.jpg?resize=350%2C200&ssl=1 1x, https:\/\/i0.wp.com\/www.hoymercedes.com.ar\/principal\/wp-content\/uploads\/2017\/06\/18838347_1514057081972323_403716580_o.jpg?resize=525%2C300&ssl=1 1.5x, https:\/\/i0.wp.com\/www.hoymercedes.com.ar\/principal\/wp-content\/uploads\/2017\/06\/18838347_1514057081972323_403716580_o.jpg?resize=700%2C400&ssl=1 2x, https:\/\/i0.wp.com\/www.hoymercedes.com.ar\/principal\/wp-content\/uploads\/2017\/06\/18838347_1514057081972323_403716580_o.jpg?resize=1050%2C600&ssl=1 3x"},"classes":[]}],"_links":{"self":[{"href":"https:\/\/www.hoymercedes.com.ar\/principal\/wp-json\/wp\/v2\/posts\/63270","targetHints":{"allow":["GET"]}}],"collection":[{"href":"https:\/\/www.hoymercedes.com.ar\/principal\/wp-json\/wp\/v2\/posts"}],"about":[{"href":"https:\/\/www.hoymercedes.com.ar\/principal\/wp-json\/wp\/v2\/types\/post"}],"author":[{"embeddable":true,"href":"https:\/\/www.hoymercedes.com.ar\/principal\/wp-json\/wp\/v2\/users\/1"}],"replies":[{"embeddable":true,"href":"https:\/\/www.hoymercedes.com.ar\/principal\/wp-json\/wp\/v2\/comments?post=63270"}],"version-history":[{"count":0,"href":"https:\/\/www.hoymercedes.com.ar\/principal\/wp-json\/wp\/v2\/posts\/63270\/revisions"}],"wp:featuredmedia":[{"embeddable":true,"href":"https:\/\/www.hoymercedes.com.ar\/principal\/wp-json\/wp\/v2\/media\/63273"}],"wp:attachment":[{"href":"https:\/\/www.hoymercedes.com.ar\/principal\/wp-json\/wp\/v2\/media?parent=63270"}],"wp:term":[{"taxonomy":"category","embeddable":true,"href":"https:\/\/www.hoymercedes.com.ar\/principal\/wp-json\/wp\/v2\/categories?post=63270"},{"taxonomy":"post_tag","embeddable":true,"href":"https:\/\/www.hoymercedes.com.ar\/principal\/wp-json\/wp\/v2\/tags?post=63270"}],"curies":[{"name":"wp","href":"https:\/\/api.w.org\/{rel}","templated":true}]}}