{"id":63283,"date":"2017-05-30T17:29:31","date_gmt":"2017-05-30T20:29:31","guid":{"rendered":"http:\/\/www.hoymercedes.com.ar\/principal\/?p=63283"},"modified":"2017-05-30T09:28:10","modified_gmt":"2017-05-30T12:28:10","slug":"estudiantes-participo-de-la-primera-fecha-de-cedep","status":"publish","type":"post","link":"https:\/\/www.hoymercedes.com.ar\/principal\/2017\/05\/30\/estudiantes-participo-de-la-primera-fecha-de-cedep\/","title":{"rendered":"Estudiantes particip\u00f3 de la primera fecha de CEDEP"},"content":{"rendered":"<p><em><strong>Las alumnas del Club Estudiantes acompa\u00f1adas por sus t\u00e9cnicas Nacionales Candela y Sof\u00eda Bruschi, participaron de la primera fecha de la Liga CEDEP. El torneo est\u00e1\u00a0dividido en 4 jornadas: 27 y 28 de mayo, 17 y 18 de junio.<\/strong><\/em><\/p>\n<p><img loading=\"lazy\" decoding=\"async\" data-attachment-id=\"63284\" data-permalink=\"https:\/\/www.hoymercedes.com.ar\/principal\/2017\/05\/30\/estudiantes-participo-de-la-primera-fecha-de-cedep\/18789430_10203357780223264_1149508216_o\/#main\" data-orig-file=\"https:\/\/www.hoymercedes.com.ar\/principal\/wp-content\/uploads\/2017\/05\/18789430_10203357780223264_1149508216_o.jpg\" data-orig-size=\"1280,1280\" data-comments-opened=\"0\" data-image-meta=\"{&quot;aperture&quot;:&quot;0&quot;,&quot;credit&quot;:&quot;&quot;,&quot;camera&quot;:&quot;&quot;,&quot;caption&quot;:&quot;&quot;,&quot;created_timestamp&quot;:&quot;0&quot;,&quot;copyright&quot;:&quot;&quot;,&quot;focal_length&quot;:&quot;0&quot;,&quot;iso&quot;:&quot;0&quot;,&quot;shutter_speed&quot;:&quot;0&quot;,&quot;title&quot;:&quot;&quot;,&quot;orientation&quot;:&quot;0&quot;}\" data-image-title=\"18789430_10203357780223264_1149508216_o\" data-image-description=\"\" data-image-caption=\"\" data-large-file=\"https:\/\/www.hoymercedes.com.ar\/principal\/wp-content\/uploads\/2017\/05\/18789430_10203357780223264_1149508216_o-1024x1024.jpg\" class=\"aligncenter size-medium wp-image-63284\" src=\"https:\/\/www.hoymercedes.com.ar\/principal\/wp-content\/uploads\/2017\/05\/18789430_10203357780223264_1149508216_o-620x620.jpg\" alt=\"\" width=\"620\" height=\"620\" srcset=\"https:\/\/www.hoymercedes.com.ar\/principal\/wp-content\/uploads\/2017\/05\/18789430_10203357780223264_1149508216_o-620x620.jpg 620w, https:\/\/www.hoymercedes.com.ar\/principal\/wp-content\/uploads\/2017\/05\/18789430_10203357780223264_1149508216_o-150x150.jpg 150w, https:\/\/www.hoymercedes.com.ar\/principal\/wp-content\/uploads\/2017\/05\/18789430_10203357780223264_1149508216_o-1024x1024.jpg 1024w, https:\/\/www.hoymercedes.com.ar\/principal\/wp-content\/uploads\/2017\/05\/18789430_10203357780223264_1149508216_o.jpg 1280w\" sizes=\"auto, (max-width: 620px) 100vw, 620px\" \/><\/p>\n<p>Las primeras dos jornadas se realizaron en el Club Juventud Unida de la ciudad de San Miguel, donde fueron evaluadas por jueces de la CAP. Participaron 24 patinadoras del pincha, destac\u00e1ndose con excelentes performances. Para muchas fue su primera experiencia en competencia y lograron hacerlo de manera excelente.<\/p>\n<p>Los resultados fueron los siguientes<\/p>\n<p>Iniciaci\u00f3n 6 a\u00f1os: Jazm\u00edn Caballero 2do puesto, Lola Ram\u00edrez 3er puesto.<\/p>\n<p>Iniciaci\u00f3n 8 a\u00f1os: Agustina Araya 2do puesto, Valentina Oliva 7mo puesto, Valentina Lara 8vo puesto, Emilia Barreto 10 puesto .<\/p>\n<p>Iniciaci\u00f3n 10 a\u00f1os: Lola Garc\u00eda Sotillo 4 puesto<\/p>\n<p>Iniciaci\u00f3n 11 a\u00f1os: Victoria Latapie 2do puesto, M\u00eda Sosa 5to puesto.<\/p>\n<p>Iniciaci\u00f3n 12 a\u00f1os: Dalila Gandino 1 er puesto, Luisina Delfino 9no puesto, Juana Fern\u00e1ndez Campos 12 puesto<\/p>\n<p>Iniciaci\u00f3n 13 a\u00f1os: Malena Campos 5to puesto.<\/p>\n<p>Escuela formativa 13 a\u00f1os: Felicitas Garc\u00eda Sotillo 1er puesto, Ana Clara Garc\u00eda 3er puesto<\/p>\n<p>Escuela Formativa 9 a\u00f1os: Lorenzo Garc\u00eda 1er puesto<\/p>\n<p>Escuela formativa 11 a\u00f1os: Malena Sosa 2do puesto, Dulce Courtade 3er puesto, Milagros Cobucho 6to puesto, Violeta Silvestre 10 puesto, Emilia Cabana 10 puesto.<\/p>\n<p>Quinta C 14 a\u00f1os: Ailen Morales 1er puesto<\/p>\n<p>Quinta C Mayores: Nicole Lasalle 3er puesto.<\/p>\n<p>Primera B Junior: Candela Bruschi 1er puesto.<\/p>\n<p>Pat\u00edn Estudiantes sigue trabajando arduamente con el principal objetivo de mejorar d\u00eda a d\u00eda. Desde la instituci\u00f3n felicitan \u00aba todas las patinadoras por su gran desempe\u00f1o\u00bb. Lo que viene es finalizar con las \u00faltimas dos jornadas de la primera fecha de la Liga CEDEP\u00a0donde participar\u00e1n 20 patinadoras m\u00e1s del club Estudiantes y para las Federadas, el torneo Apertura, donde se juegan la clasificaci\u00f3n al Nacional de la divisional C.<\/p>\n","protected":false},"excerpt":{"rendered":"<p>Las alumnas del Club Estudiantes acompa\u00f1adas por sus t\u00e9cnicas Nacionales Candela y Sof\u00eda Bruschi, participaron de la primera fecha de &#8230; <a title=\"Estudiantes particip\u00f3 de la primera fecha de CEDEP\" class=\"read-more\" href=\"https:\/\/www.hoymercedes.com.ar\/principal\/2017\/05\/30\/estudiantes-participo-de-la-primera-fecha-de-cedep\/\" aria-label=\"Leer m\u00e1s sobre Estudiantes particip\u00f3 de la primera fecha de CEDEP\">Leer m\u00e1s<\/a><\/p>\n","protected":false},"author":1,"featured_media":63284,"comment_status":"closed","ping_status":"open","sticky":false,"template":"","format":"standard","meta":{"_monsterinsights_skip_tracking":false,"_monsterinsights_sitenote_active":false,"_monsterinsights_sitenote_note":"","_monsterinsights_sitenote_category":0,"jetpack_post_was_ever_published":false,"_jetpack_newsletter_access":"","_jetpack_dont_email_post_to_subs":false,"_jetpack_newsletter_tier_id":0,"_jetpack_memberships_contains_paywalled_content":false,"_jetpack_memberships_contains_paid_content":false,"footnotes":"","jetpack_publicize_message":"","jetpack_publicize_feature_enabled":true,"jetpack_social_post_already_shared":true,"jetpack_social_options":{"image_generator_settings":{"template":"highway","default_image_id":0,"font":"","enabled":false},"version":2},"_wpas_customize_per_network":false},"categories":[21],"tags":[11242,204,829,10,6702],"class_list":["post-63283","post","type-post","status-publish","format-standard","has-post-thumbnail","hentry","category-deportes","tag-cedep","tag-deportes-2","tag-estudiantes","tag-mercedes","tag-patin","generate-columns","tablet-grid-50","mobile-grid-100","grid-parent","grid-50"],"jetpack_publicize_connections":[],"jetpack_featured_media_url":"https:\/\/www.hoymercedes.com.ar\/principal\/wp-content\/uploads\/2017\/05\/18789430_10203357780223264_1149508216_o.jpg","wps_subtitle":"Patin","jetpack_sharing_enabled":true,"_links":{"self":[{"href":"https:\/\/www.hoymercedes.com.ar\/principal\/wp-json\/wp\/v2\/posts\/63283","targetHints":{"allow":["GET"]}}],"collection":[{"href":"https:\/\/www.hoymercedes.com.ar\/principal\/wp-json\/wp\/v2\/posts"}],"about":[{"href":"https:\/\/www.hoymercedes.com.ar\/principal\/wp-json\/wp\/v2\/types\/post"}],"author":[{"embeddable":true,"href":"https:\/\/www.hoymercedes.com.ar\/principal\/wp-json\/wp\/v2\/users\/1"}],"replies":[{"embeddable":true,"href":"https:\/\/www.hoymercedes.com.ar\/principal\/wp-json\/wp\/v2\/comments?post=63283"}],"version-history":[{"count":0,"href":"https:\/\/www.hoymercedes.com.ar\/principal\/wp-json\/wp\/v2\/posts\/63283\/revisions"}],"wp:featuredmedia":[{"embeddable":true,"href":"https:\/\/www.hoymercedes.com.ar\/principal\/wp-json\/wp\/v2\/media\/63284"}],"wp:attachment":[{"href":"https:\/\/www.hoymercedes.com.ar\/principal\/wp-json\/wp\/v2\/media?parent=63283"}],"wp:term":[{"taxonomy":"category","embeddable":true,"href":"https:\/\/www.hoymercedes.com.ar\/principal\/wp-json\/wp\/v2\/categories?post=63283"},{"taxonomy":"post_tag","embeddable":true,"href":"https:\/\/www.hoymercedes.com.ar\/principal\/wp-json\/wp\/v2\/tags?post=63283"}],"curies":[{"name":"wp","href":"https:\/\/api.w.org\/{rel}","templated":true}]}}