{"id":63310,"date":"2017-05-30T15:58:03","date_gmt":"2017-05-30T18:58:03","guid":{"rendered":"http:\/\/www.hoymercedes.com.ar\/principal\/?p=63310"},"modified":"2017-05-30T15:08:00","modified_gmt":"2017-05-30T18:08:00","slug":"encuentro-de-escritores-en-la-celebracion-del-4-aniversario-de-la-sade-mercedes","status":"publish","type":"post","link":"https:\/\/www.hoymercedes.com.ar\/principal\/2017\/05\/30\/encuentro-de-escritores-en-la-celebracion-del-4-aniversario-de-la-sade-mercedes\/","title":{"rendered":"Encuentro de escritores en la celebraci\u00f3n del 4\u00b0 aniversario de la SADE Mercedes"},"content":{"rendered":"<p>El pasado s\u00e1bado 27 de mayo se llev\u00f3 a cabo el \u00abEncuentro Nacional de Novelistas y Poetas Argentinos\u00bb. Convocados por la Sociedad Argentina de Escritores SADE Mercedes, los presentes, que fueron muchos, celebraron tambi\u00e9n el cuarto aniversario de la entidad que re\u00fane a escritores locales y de la regi\u00f3n.<\/p>\n<p>Asistieron Dr. Errnesto Fern\u00e1ndez N\u00fa\u00f1ez (Vicepresidente de SADE Central), Martha Geve Cleci (presidente de SADE Chivilcoy), Braulio Senda (presidente de SADE Lomas de Zamora), Estela Vezzani de Miramar, Osmar Pelatti de Chacabuco, Daina Congett de La Fraternidad, Beatr\u00edz Valerio de Campana, Dra. Marta Prono y Alfredo Torres Becerro de CABA, Gustavo Bustos, Nidia Ib\u00e1\u00f1ez, Korina Mustoni y M\u00f3nica Petrillo de Chivilcoy, Stella Maris Zamora de Lanus, Oscar Dinova de Mercedes, Teresita Gallardo de Marenco (Vicepresidenta de SADE Mercedes), Mar\u00eda Amelia Dinova Castro, Lidia S\u00e1nchez (Suipacha), Mar\u00eda Rosa Ar\u00e9valo, Miguel \u00c1ngel Dipieri, Viviana del Bello, Juan Manuel Bories Maxwell y Jorge Citr\u00e1ngolo Casal, quien fue el organizador y productor del evento cuya duraci\u00f3n fue de seis horas.<\/p>\n<p>&nbsp;<\/p>\n<p>Fuente: SADE Mercedes<\/p>\n","protected":false},"excerpt":{"rendered":"<p>El pasado s\u00e1bado 27 de mayo se llev\u00f3 a cabo el \u00abEncuentro Nacional de Novelistas y Poetas Argentinos\u00bb. Convocados por &#8230; <a title=\"Encuentro de escritores en la celebraci\u00f3n del 4\u00b0 aniversario de la SADE Mercedes\" class=\"read-more\" href=\"https:\/\/www.hoymercedes.com.ar\/principal\/2017\/05\/30\/encuentro-de-escritores-en-la-celebracion-del-4-aniversario-de-la-sade-mercedes\/\" aria-label=\"Leer m\u00e1s sobre Encuentro de escritores en la celebraci\u00f3n del 4\u00b0 aniversario de la SADE Mercedes\">Leer m\u00e1s<\/a><\/p>\n","protected":false},"author":1,"featured_media":63311,"comment_status":"closed","ping_status":"open","sticky":false,"template":"","format":"standard","meta":{"_monsterinsights_skip_tracking":false,"_monsterinsights_sitenote_active":false,"_monsterinsights_sitenote_note":"","_monsterinsights_sitenote_category":0,"jetpack_post_was_ever_published":false,"_jetpack_newsletter_access":"","_jetpack_dont_email_post_to_subs":false,"_jetpack_newsletter_tier_id":0,"_jetpack_memberships_contains_paywalled_content":false,"_jetpack_memberships_contains_paid_content":false,"footnotes":"","jetpack_publicize_message":"","jetpack_publicize_feature_enabled":true,"jetpack_social_post_already_shared":true,"jetpack_social_options":{"image_generator_settings":{"template":"highway","default_image_id":0,"font":"","enabled":false},"version":2},"_wpas_customize_per_network":false},"categories":[104],"tags":[7805,73,5148],"class_list":["post-63310","post","type-post","status-publish","format-standard","has-post-thumbnail","hentry","category-cultura","tag-cultura","tag-literatura","tag-sade-mercedes","generate-columns","tablet-grid-50","mobile-grid-100","grid-parent","grid-50"],"jetpack_publicize_connections":[],"jetpack_featured_media_url":"https:\/\/www.hoymercedes.com.ar\/principal\/wp-content\/uploads\/2017\/05\/30-SADE-poetas.jpg","wps_subtitle":"Novelistas y poetas","jetpack_sharing_enabled":true,"_links":{"self":[{"href":"https:\/\/www.hoymercedes.com.ar\/principal\/wp-json\/wp\/v2\/posts\/63310","targetHints":{"allow":["GET"]}}],"collection":[{"href":"https:\/\/www.hoymercedes.com.ar\/principal\/wp-json\/wp\/v2\/posts"}],"about":[{"href":"https:\/\/www.hoymercedes.com.ar\/principal\/wp-json\/wp\/v2\/types\/post"}],"author":[{"embeddable":true,"href":"https:\/\/www.hoymercedes.com.ar\/principal\/wp-json\/wp\/v2\/users\/1"}],"replies":[{"embeddable":true,"href":"https:\/\/www.hoymercedes.com.ar\/principal\/wp-json\/wp\/v2\/comments?post=63310"}],"version-history":[{"count":0,"href":"https:\/\/www.hoymercedes.com.ar\/principal\/wp-json\/wp\/v2\/posts\/63310\/revisions"}],"wp:featuredmedia":[{"embeddable":true,"href":"https:\/\/www.hoymercedes.com.ar\/principal\/wp-json\/wp\/v2\/media\/63311"}],"wp:attachment":[{"href":"https:\/\/www.hoymercedes.com.ar\/principal\/wp-json\/wp\/v2\/media?parent=63310"}],"wp:term":[{"taxonomy":"category","embeddable":true,"href":"https:\/\/www.hoymercedes.com.ar\/principal\/wp-json\/wp\/v2\/categories?post=63310"},{"taxonomy":"post_tag","embeddable":true,"href":"https:\/\/www.hoymercedes.com.ar\/principal\/wp-json\/wp\/v2\/tags?post=63310"}],"curies":[{"name":"wp","href":"https:\/\/api.w.org\/{rel}","templated":true}]}}