{"id":63360,"date":"2017-05-31T22:43:45","date_gmt":"2017-06-01T01:43:45","guid":{"rendered":"http:\/\/www.hoymercedes.com.ar\/principal\/?p=63360"},"modified":"2017-06-01T10:06:56","modified_gmt":"2017-06-01T13:06:56","slug":"habia-sido-trasplantada-de-rinon-la-victima-fatal-en-accidente-en-rn5","status":"publish","type":"post","link":"https:\/\/www.hoymercedes.com.ar\/principal\/2017\/05\/31\/habia-sido-trasplantada-de-rinon-la-victima-fatal-en-accidente-en-rn5\/","title":{"rendered":"Hab\u00eda sido trasplantada de ri\u00f1\u00f3n la v\u00edctima fatal en accidente en RN\u00b05"},"content":{"rendered":"<figure id=\"attachment_63361\" aria-describedby=\"caption-attachment-63361\" style=\"width: 620px\" class=\"wp-caption aligncenter\"><img loading=\"lazy\" decoding=\"async\" data-attachment-id=\"63361\" data-permalink=\"https:\/\/www.hoymercedes.com.ar\/principal\/2017\/05\/31\/habia-sido-trasplantada-de-rinon-la-victima-fatal-en-accidente-en-rn5\/18835799_10209798813263935_1809883549282372983_n\/#main\" data-orig-file=\"https:\/\/www.hoymercedes.com.ar\/principal\/wp-content\/uploads\/2017\/05\/18835799_10209798813263935_1809883549282372983_n.jpg\" data-orig-size=\"630,586\" data-comments-opened=\"0\" data-image-meta=\"{&quot;aperture&quot;:&quot;0&quot;,&quot;credit&quot;:&quot;&quot;,&quot;camera&quot;:&quot;&quot;,&quot;caption&quot;:&quot;&quot;,&quot;created_timestamp&quot;:&quot;0&quot;,&quot;copyright&quot;:&quot;&quot;,&quot;focal_length&quot;:&quot;0&quot;,&quot;iso&quot;:&quot;0&quot;,&quot;shutter_speed&quot;:&quot;0&quot;,&quot;title&quot;:&quot;&quot;,&quot;orientation&quot;:&quot;0&quot;}\" data-image-title=\"accidente-ruta5-ambulanciaycamion\" data-image-description=\"\" data-image-caption=\"\" data-large-file=\"https:\/\/www.hoymercedes.com.ar\/principal\/wp-content\/uploads\/2017\/05\/18835799_10209798813263935_1809883549282372983_n.jpg\" class=\"wp-image-63361 size-medium\" src=\"https:\/\/www.hoymercedes.com.ar\/principal\/wp-content\/uploads\/2017\/05\/18835799_10209798813263935_1809883549282372983_n-630x586.jpg\" alt=\"\" width=\"630\" height=\"586\" srcset=\"https:\/\/www.hoymercedes.com.ar\/principal\/wp-content\/uploads\/2017\/05\/18835799_10209798813263935_1809883549282372983_n.jpg 630w, https:\/\/www.hoymercedes.com.ar\/principal\/wp-content\/uploads\/2017\/05\/18835799_10209798813263935_1809883549282372983_n-150x140.jpg 150w, https:\/\/www.hoymercedes.com.ar\/principal\/wp-content\/uploads\/2017\/05\/18835799_10209798813263935_1809883549282372983_n-140x130.jpg 140w, https:\/\/www.hoymercedes.com.ar\/principal\/wp-content\/uploads\/2017\/05\/18835799_10209798813263935_1809883549282372983_n-60x57.jpg 60w\" sizes=\"auto, (max-width: 630px) 100vw, 630px\" \/><figcaption id=\"caption-attachment-63361\" class=\"wp-caption-text\">Cami\u00f3n ca\u00edda a la banquina<\/figcaption><\/figure>\n<p>Un fatal accidente se vivi\u00f3 en nuestra ciudad con el choque de una ambulancia que transportaba a una paciente y un cami\u00f3n. La mujer que hab\u00eda sido trasplantada y se recuperaba perfectamente e iba a un control termin\u00f3 perdiendo la vida. Los dem\u00e1s involucrados s\u00f3lo con golpes sin poner en riesgo su integridad f\u00edsica.<\/p>\n<p>Todo sucedi\u00f3 cerca de las 7.00hs cerca del kil\u00f3metro 97,300, a la altura del frigor\u00edfico Lamar. Producto del hecho falleci\u00f3 una mujer de 66 a\u00f1os oriunda de Trenque Launquen. Marta Fern\u00e1ndez era el nombre de la v\u00edctima.<\/p>\n<p>Los datos de los motivos del accidente son parte de la causa judicial que investiga el hecho, sobre todo porque fue sobre zona de autopista y con una jornada clara en t\u00e9rminos clim\u00e1ticos.<\/p>\n<p>Una ambulancia que proven\u00eda de la localidad de Trenque Lauquen se dirig\u00eda hacia Capital Federal\u00a0 trasladando una paciente que hab\u00eda sido trasplantada y que ten\u00eda una buena recuperaci\u00f3n, informaron, y se dispon\u00eda a un control m\u00e9dico por la mencionada intervenci\u00f3n. El veh\u00edculo fue el que impact\u00f3 con la parte trasera de un cami\u00f3n Mercedes Benz de carga que circulaba en el mismo igual sentido: Mercedes-Luj\u00e1n.\u00a0 El cami\u00f3n transportaba pollos que fueron retirados de la cinta asf\u00e1ltica y restituidos a la empresa propietaria.<\/p>\n<figure id=\"attachment_63362\" aria-describedby=\"caption-attachment-63362\" style=\"width: 522px\" class=\"wp-caption aligncenter\"><img loading=\"lazy\" decoding=\"async\" data-attachment-id=\"63362\" data-permalink=\"https:\/\/www.hoymercedes.com.ar\/principal\/2017\/05\/31\/habia-sido-trasplantada-de-rinon-la-victima-fatal-en-accidente-en-rn5\/18893091_10209798815463990_3021600331012340987_n\/#main\" data-orig-file=\"https:\/\/www.hoymercedes.com.ar\/principal\/wp-content\/uploads\/2017\/05\/18893091_10209798815463990_3021600331012340987_n.jpg\" data-orig-size=\"630,734\" data-comments-opened=\"0\" data-image-meta=\"{&quot;aperture&quot;:&quot;0&quot;,&quot;credit&quot;:&quot;&quot;,&quot;camera&quot;:&quot;&quot;,&quot;caption&quot;:&quot;&quot;,&quot;created_timestamp&quot;:&quot;0&quot;,&quot;copyright&quot;:&quot;&quot;,&quot;focal_length&quot;:&quot;0&quot;,&quot;iso&quot;:&quot;0&quot;,&quot;shutter_speed&quot;:&quot;0&quot;,&quot;title&quot;:&quot;&quot;,&quot;orientation&quot;:&quot;0&quot;}\" data-image-title=\"accidente-r5\" data-image-description=\"\" data-image-caption=\"&lt;p&gt;Ruta inhabilitada para el tr\u00e1nsito tras accidente &lt;\/p&gt;\n\" data-large-file=\"https:\/\/www.hoymercedes.com.ar\/principal\/wp-content\/uploads\/2017\/05\/18893091_10209798815463990_3021600331012340987_n.jpg\" class=\"size-medium wp-image-63362\" src=\"https:\/\/www.hoymercedes.com.ar\/principal\/wp-content\/uploads\/2017\/05\/18893091_10209798815463990_3021600331012340987_n-532x620.jpg\" alt=\"\" width=\"532\" height=\"620\" srcset=\"https:\/\/www.hoymercedes.com.ar\/principal\/wp-content\/uploads\/2017\/05\/18893091_10209798815463990_3021600331012340987_n-532x620.jpg 532w, https:\/\/www.hoymercedes.com.ar\/principal\/wp-content\/uploads\/2017\/05\/18893091_10209798815463990_3021600331012340987_n-129x150.jpg 129w, https:\/\/www.hoymercedes.com.ar\/principal\/wp-content\/uploads\/2017\/05\/18893091_10209798815463990_3021600331012340987_n.jpg 630w\" sizes=\"auto, (max-width: 532px) 100vw, 532px\" \/><figcaption id=\"caption-attachment-63362\" class=\"wp-caption-text\">Ruta inhabilitada para el tr\u00e1nsito tras accidente<\/figcaption><\/figure>\n<p>Trabaj\u00f3 en la zona del accidente una ambulancia local que traslad\u00f3 los heridos al hospital Blas L. Dubarry. Los politraumatismos que recibi\u00f3 la mujer que hab\u00eda sido trasplantada de un ri\u00f1on fueron demasiados y lo logr\u00f3, desgraciadamente soportarlos, perdiendo su vida.<\/p>\n<p>Por su parte, el ambulanciero y el conductor del cami\u00f3n resultaron con heridas leves. La ambulancia pertenec\u00eda a una cooperativa de Trenque Lauquen, ciudad donde el dolor r\u00e1pidamente cubri\u00f3 a toda la ciudadan\u00eda por el fatal acontecimiento.<\/p>\n<p><img loading=\"lazy\" decoding=\"async\" data-attachment-id=\"63335\" data-permalink=\"https:\/\/www.hoymercedes.com.ar\/principal\/2017\/05\/31\/choque-entre-una-ambulancia-y-un-camion-en-r5-un-fallecido\/acci-5\/#main\" data-orig-file=\"https:\/\/www.hoymercedes.com.ar\/principal\/wp-content\/uploads\/2017\/05\/acci.jpg\" data-orig-size=\"640,399\" data-comments-opened=\"0\" data-image-meta=\"{&quot;aperture&quot;:&quot;0&quot;,&quot;credit&quot;:&quot;&quot;,&quot;camera&quot;:&quot;&quot;,&quot;caption&quot;:&quot;&quot;,&quot;created_timestamp&quot;:&quot;0&quot;,&quot;copyright&quot;:&quot;&quot;,&quot;focal_length&quot;:&quot;0&quot;,&quot;iso&quot;:&quot;0&quot;,&quot;shutter_speed&quot;:&quot;0&quot;,&quot;title&quot;:&quot;&quot;,&quot;orientation&quot;:&quot;0&quot;}\" data-image-title=\"accidente-r5\" data-image-description=\"\" data-image-caption=\"\" data-large-file=\"https:\/\/www.hoymercedes.com.ar\/principal\/wp-content\/uploads\/2017\/05\/acci.jpg\" class=\"aligncenter size-medium wp-image-63335\" src=\"https:\/\/www.hoymercedes.com.ar\/principal\/wp-content\/uploads\/2017\/05\/acci-630x393.jpg\" alt=\"\" width=\"630\" height=\"393\" srcset=\"https:\/\/www.hoymercedes.com.ar\/principal\/wp-content\/uploads\/2017\/05\/acci-630x393.jpg 630w, https:\/\/www.hoymercedes.com.ar\/principal\/wp-content\/uploads\/2017\/05\/acci-150x94.jpg 150w, https:\/\/www.hoymercedes.com.ar\/principal\/wp-content\/uploads\/2017\/05\/acci-400x250.jpg 400w, https:\/\/www.hoymercedes.com.ar\/principal\/wp-content\/uploads\/2017\/05\/acci.jpg 640w\" sizes=\"auto, (max-width: 630px) 100vw, 630px\" \/><\/p>\n<p>Foto: Gentileza: Programa radial \u201cEncuentro\u201d por Universo y \u201cMercedes y su gente\u201d Fm Estaci\u00f3n XXI.<\/p>\n","protected":false},"excerpt":{"rendered":"<p>Un fatal accidente se vivi\u00f3 en nuestra ciudad con el choque de una ambulancia que transportaba a una paciente y &#8230; <a title=\"Hab\u00eda sido trasplantada de ri\u00f1\u00f3n la v\u00edctima fatal en accidente en RN\u00b05\" class=\"read-more\" href=\"https:\/\/www.hoymercedes.com.ar\/principal\/2017\/05\/31\/habia-sido-trasplantada-de-rinon-la-victima-fatal-en-accidente-en-rn5\/\" aria-label=\"Leer m\u00e1s sobre Hab\u00eda sido trasplantada de ri\u00f1\u00f3n la v\u00edctima fatal en accidente en RN\u00b05\">Leer m\u00e1s<\/a><\/p>\n","protected":false},"author":1,"featured_media":63361,"comment_status":"closed","ping_status":"open","sticky":false,"template":"","format":"standard","meta":{"_monsterinsights_skip_tracking":false,"_monsterinsights_sitenote_active":false,"_monsterinsights_sitenote_note":"","_monsterinsights_sitenote_category":0,"jetpack_post_was_ever_published":false,"_jetpack_newsletter_access":"","_jetpack_dont_email_post_to_subs":false,"_jetpack_newsletter_tier_id":0,"_jetpack_memberships_contains_paywalled_content":false,"_jetpack_memberships_contains_paid_content":false,"footnotes":"","jetpack_publicize_message":"","jetpack_publicize_feature_enabled":true,"jetpack_social_post_already_shared":true,"jetpack_social_options":{"image_generator_settings":{"template":"highway","default_image_id":0,"font":"","enabled":false},"version":2},"_wpas_customize_per_network":false},"categories":[85],"tags":[11259,8905],"class_list":["post-63360","post","type-post","status-publish","format-standard","has-post-thumbnail","hentry","category-policial","tag-ambulancia-choca-con-camion","tag-choque-ruta-5","generate-columns","tablet-grid-50","mobile-grid-100","grid-parent","grid-50"],"jetpack_publicize_connections":[],"jetpack_featured_media_url":"https:\/\/www.hoymercedes.com.ar\/principal\/wp-content\/uploads\/2017\/05\/18835799_10209798813263935_1809883549282372983_n.jpg","wps_subtitle":"Fatalidad","jetpack_sharing_enabled":true,"_links":{"self":[{"href":"https:\/\/www.hoymercedes.com.ar\/principal\/wp-json\/wp\/v2\/posts\/63360","targetHints":{"allow":["GET"]}}],"collection":[{"href":"https:\/\/www.hoymercedes.com.ar\/principal\/wp-json\/wp\/v2\/posts"}],"about":[{"href":"https:\/\/www.hoymercedes.com.ar\/principal\/wp-json\/wp\/v2\/types\/post"}],"author":[{"embeddable":true,"href":"https:\/\/www.hoymercedes.com.ar\/principal\/wp-json\/wp\/v2\/users\/1"}],"replies":[{"embeddable":true,"href":"https:\/\/www.hoymercedes.com.ar\/principal\/wp-json\/wp\/v2\/comments?post=63360"}],"version-history":[{"count":0,"href":"https:\/\/www.hoymercedes.com.ar\/principal\/wp-json\/wp\/v2\/posts\/63360\/revisions"}],"wp:featuredmedia":[{"embeddable":true,"href":"https:\/\/www.hoymercedes.com.ar\/principal\/wp-json\/wp\/v2\/media\/63361"}],"wp:attachment":[{"href":"https:\/\/www.hoymercedes.com.ar\/principal\/wp-json\/wp\/v2\/media?parent=63360"}],"wp:term":[{"taxonomy":"category","embeddable":true,"href":"https:\/\/www.hoymercedes.com.ar\/principal\/wp-json\/wp\/v2\/categories?post=63360"},{"taxonomy":"post_tag","embeddable":true,"href":"https:\/\/www.hoymercedes.com.ar\/principal\/wp-json\/wp\/v2\/tags?post=63360"}],"curies":[{"name":"wp","href":"https:\/\/api.w.org\/{rel}","templated":true}]}}