{"id":63389,"date":"2017-06-01T12:10:42","date_gmt":"2017-06-01T15:10:42","guid":{"rendered":"http:\/\/www.hoymercedes.com.ar\/principal\/?p=63389"},"modified":"2017-06-01T13:48:27","modified_gmt":"2017-06-01T16:48:27","slug":"lucas-biglia-sera-nuevo-jugador-de-milan","status":"publish","type":"post","link":"https:\/\/www.hoymercedes.com.ar\/principal\/2017\/06\/01\/lucas-biglia-sera-nuevo-jugador-de-milan\/","title":{"rendered":"Lucas Biglia ser\u00e1 nuevo jugador de Milan"},"content":{"rendered":"<p><strong>Fuente: TyC Sports.\u00a0<em>Seg\u00fan medios italianos, el club rossonero pagar\u00e1 los 22 millones de euros por el pase del mediocampista de la Selecci\u00f3n Argentina y le ofrecer\u00e1 un importante contrato por los pr\u00f3ximos tres a\u00f1os.<\/em><\/strong><\/p>\n<p><img loading=\"lazy\" decoding=\"async\" data-attachment-id=\"56538\" data-permalink=\"https:\/\/www.hoymercedes.com.ar\/principal\/2016\/10\/31\/biglia-volvio-a-jugar-tras-la-lesion\/biglia_lazio\/#main\" data-orig-file=\"https:\/\/www.hoymercedes.com.ar\/principal\/wp-content\/uploads\/2016\/10\/biglia_lazio.jpg\" data-orig-size=\"642,366\" data-comments-opened=\"0\" data-image-meta=\"{&quot;aperture&quot;:&quot;0&quot;,&quot;credit&quot;:&quot;&quot;,&quot;camera&quot;:&quot;&quot;,&quot;caption&quot;:&quot;&quot;,&quot;created_timestamp&quot;:&quot;0&quot;,&quot;copyright&quot;:&quot;&quot;,&quot;focal_length&quot;:&quot;0&quot;,&quot;iso&quot;:&quot;0&quot;,&quot;shutter_speed&quot;:&quot;0&quot;,&quot;title&quot;:&quot;&quot;,&quot;orientation&quot;:&quot;0&quot;}\" data-image-title=\"biglia_lazio\" data-image-description=\"\" data-image-caption=\"\" data-large-file=\"https:\/\/www.hoymercedes.com.ar\/principal\/wp-content\/uploads\/2016\/10\/biglia_lazio.jpg\" class=\"aligncenter size-medium wp-image-56538\" src=\"https:\/\/www.hoymercedes.com.ar\/principal\/wp-content\/uploads\/2016\/10\/biglia_lazio-630x359.jpg\" alt=\"\" width=\"630\" height=\"359\" srcset=\"https:\/\/www.hoymercedes.com.ar\/principal\/wp-content\/uploads\/2016\/10\/biglia_lazio-630x359.jpg 630w, https:\/\/www.hoymercedes.com.ar\/principal\/wp-content\/uploads\/2016\/10\/biglia_lazio-150x86.jpg 150w, https:\/\/www.hoymercedes.com.ar\/principal\/wp-content\/uploads\/2016\/10\/biglia_lazio.jpg 642w\" sizes=\"auto, (max-width: 630px) 100vw, 630px\" \/><\/p>\n<p class=\"capital\">El mediocampista argentino Lucas Biglia pasar\u00e1 de Lazio a Milan a cambio de un importante contrato por los pr\u00f3ximos tres a\u00f1os.<\/p>\n<div id=\"eplAdDivInline_Video\">Biglia \u00abest\u00e1 muy cerca de vestir la camiseta del Milan\u00bb, club que estar\u00eda dispuesto a pagar los 22 millones de euros que Lazio pide por el pase del volante de 31 a\u00f1os, se\u00f1al\u00f3 la p\u00e1gina web calciomercato.<\/div>\n<p>El mismo medio consign\u00f3 que la entidad rossonera le ofrecer\u00eda al ex Independiente un contrato de tres a\u00f1os con un sueldo anual de 2.500.000 millones de euros m\u00e1s 500.0000 euros de premios bonus si supera las 25 presencias.<\/p>\n<p>Biglia, nacido en la ciudad bonaerense de Mercedes, se inici\u00f3 en las divisiones inferiores de Argentinos Juniors, y debut\u00f3 en Primera Divisi\u00f3n en el 2004. En el 2006 fue transferido al Anderlecht de B\u00e9lgica donde jug\u00f3 cinco temporadas y en la campa\u00f1a 2013-14 arrib\u00f3 a la Lazio.<\/p>\n<p>Con el seleccionado argentino disput\u00f3 el Mundial de Brasil 2014 y las Copas Am\u00e9rica del 2015 y 2016.<\/p>\n","protected":false},"excerpt":{"rendered":"<p>Fuente: TyC Sports.\u00a0Seg\u00fan medios italianos, el club rossonero pagar\u00e1 los 22 millones de euros por el pase del mediocampista de &#8230; <a title=\"Lucas Biglia ser\u00e1 nuevo jugador de Milan\" class=\"read-more\" href=\"https:\/\/www.hoymercedes.com.ar\/principal\/2017\/06\/01\/lucas-biglia-sera-nuevo-jugador-de-milan\/\" aria-label=\"Leer m\u00e1s sobre Lucas Biglia ser\u00e1 nuevo jugador de Milan\">Leer m\u00e1s<\/a><\/p>\n","protected":false},"author":1,"featured_media":56538,"comment_status":"closed","ping_status":"open","sticky":false,"template":"","format":"standard","meta":{"_monsterinsights_skip_tracking":false,"_monsterinsights_sitenote_active":false,"_monsterinsights_sitenote_note":"","_monsterinsights_sitenote_category":0,"jetpack_post_was_ever_published":false,"_jetpack_newsletter_access":"","_jetpack_dont_email_post_to_subs":false,"_jetpack_newsletter_tier_id":0,"_jetpack_memberships_contains_paywalled_content":false,"_jetpack_memberships_contains_paid_content":false,"footnotes":"","jetpack_publicize_message":"","jetpack_publicize_feature_enabled":true,"jetpack_social_post_already_shared":true,"jetpack_social_options":{"image_generator_settings":{"template":"highway","default_image_id":0,"font":"","enabled":false},"version":2},"_wpas_customize_per_network":false},"categories":[21],"tags":[204,1003,10524,7582,305,10],"class_list":["post-63389","post","type-post","status-publish","format-standard","has-post-thumbnail","hentry","category-deportes","tag-deportes-2","tag-futbol","tag-internacional","tag-la-legion","tag-lucas-biglia","tag-mercedes","generate-columns","tablet-grid-50","mobile-grid-100","grid-parent","grid-50"],"jetpack_publicize_connections":[],"jetpack_featured_media_url":"https:\/\/www.hoymercedes.com.ar\/principal\/wp-content\/uploads\/2016\/10\/biglia_lazio.jpg","wps_subtitle":"La Legion","jetpack_sharing_enabled":true,"_links":{"self":[{"href":"https:\/\/www.hoymercedes.com.ar\/principal\/wp-json\/wp\/v2\/posts\/63389","targetHints":{"allow":["GET"]}}],"collection":[{"href":"https:\/\/www.hoymercedes.com.ar\/principal\/wp-json\/wp\/v2\/posts"}],"about":[{"href":"https:\/\/www.hoymercedes.com.ar\/principal\/wp-json\/wp\/v2\/types\/post"}],"author":[{"embeddable":true,"href":"https:\/\/www.hoymercedes.com.ar\/principal\/wp-json\/wp\/v2\/users\/1"}],"replies":[{"embeddable":true,"href":"https:\/\/www.hoymercedes.com.ar\/principal\/wp-json\/wp\/v2\/comments?post=63389"}],"version-history":[{"count":0,"href":"https:\/\/www.hoymercedes.com.ar\/principal\/wp-json\/wp\/v2\/posts\/63389\/revisions"}],"wp:featuredmedia":[{"embeddable":true,"href":"https:\/\/www.hoymercedes.com.ar\/principal\/wp-json\/wp\/v2\/media\/56538"}],"wp:attachment":[{"href":"https:\/\/www.hoymercedes.com.ar\/principal\/wp-json\/wp\/v2\/media?parent=63389"}],"wp:term":[{"taxonomy":"category","embeddable":true,"href":"https:\/\/www.hoymercedes.com.ar\/principal\/wp-json\/wp\/v2\/categories?post=63389"},{"taxonomy":"post_tag","embeddable":true,"href":"https:\/\/www.hoymercedes.com.ar\/principal\/wp-json\/wp\/v2\/tags?post=63389"}],"curies":[{"name":"wp","href":"https:\/\/api.w.org\/{rel}","templated":true}]}}