{"id":63391,"date":"2017-06-01T11:08:47","date_gmt":"2017-06-01T14:08:47","guid":{"rendered":"http:\/\/www.hoymercedes.com.ar\/principal\/?p=63391"},"modified":"2017-06-01T13:13:13","modified_gmt":"2017-06-01T16:13:13","slug":"ponen-en-marcha-el-programa-municipal-caminos-escolares-seguros","status":"publish","type":"post","link":"https:\/\/www.hoymercedes.com.ar\/principal\/2017\/06\/01\/ponen-en-marcha-el-programa-municipal-caminos-escolares-seguros\/","title":{"rendered":"Ponen en marcha el programa municipal \u00abCaminos Escolares Seguros\u00bb"},"content":{"rendered":"<p>D\u00edas atr\u00e1s, el \u00e1rea de Seguridad Vial de la Municipalidad de Mercedes present\u00f3 p\u00fablicamente el inicio del programa \u00abCaminos Escolares Seguros\u00bb. Un proyecto que tiene como fin crear conciencia en los estudiantes y padres que asisten a las escuelas p\u00fablicas y privadas en materia de educaci\u00f3n vial, as\u00ed como un servicio para evitar siniestros viales en el ingreso y egreso de los escolares a las instituciones educativos.<\/p>\n<p><img loading=\"lazy\" decoding=\"async\" data-attachment-id=\"63392\" data-permalink=\"https:\/\/www.hoymercedes.com.ar\/principal\/2017\/06\/01\/ponen-en-marcha-el-programa-municipal-caminos-escolares-seguros\/01-caminos-escolares\/#main\" data-orig-file=\"https:\/\/www.hoymercedes.com.ar\/principal\/wp-content\/uploads\/2017\/06\/01-caminos-escolares.jpg\" data-orig-size=\"630,420\" data-comments-opened=\"0\" data-image-meta=\"{&quot;aperture&quot;:&quot;3.8&quot;,&quot;credit&quot;:&quot;&quot;,&quot;camera&quot;:&quot;NIKON D3100&quot;,&quot;caption&quot;:&quot;&quot;,&quot;created_timestamp&quot;:&quot;1496056888&quot;,&quot;copyright&quot;:&quot;&quot;,&quot;focal_length&quot;:&quot;24&quot;,&quot;iso&quot;:&quot;2200&quot;,&quot;shutter_speed&quot;:&quot;0.016666666666667&quot;,&quot;title&quot;:&quot;&quot;,&quot;orientation&quot;:&quot;1&quot;}\" data-image-title=\"01 caminos escolares\" data-image-description=\"\" data-image-caption=\"\" data-large-file=\"https:\/\/www.hoymercedes.com.ar\/principal\/wp-content\/uploads\/2017\/06\/01-caminos-escolares.jpg\" class=\"aligncenter size-medium wp-image-63392\" src=\"https:\/\/www.hoymercedes.com.ar\/principal\/wp-content\/uploads\/2017\/06\/01-caminos-escolares-630x420.jpg\" alt=\"\" width=\"630\" height=\"420\" srcset=\"https:\/\/www.hoymercedes.com.ar\/principal\/wp-content\/uploads\/2017\/06\/01-caminos-escolares.jpg 630w, https:\/\/www.hoymercedes.com.ar\/principal\/wp-content\/uploads\/2017\/06\/01-caminos-escolares-150x100.jpg 150w, https:\/\/www.hoymercedes.com.ar\/principal\/wp-content\/uploads\/2017\/06\/01-caminos-escolares-300x200.jpg 300w\" sizes=\"auto, (max-width: 630px) 100vw, 630px\" \/><\/p>\n<p>Para la presentaci\u00f3n del proyecto, el Intendente Municipal Juan Ignacio Ustarroz estuvo con las funcionarias de la Secretar\u00eda de Seguridad Josefina Kelly, Clara Zunino y Nancy Okos, junto a Axel Del&#8217;Olio, asesor en este tema desde hace varios a\u00f1os primero para una asociaci\u00f3n civil local y ahora para el Municipio.<\/p>\n<p>\u00abCaminos Escolares Seguros\u00bb tendr\u00e1 varias etapas. La primera ser\u00e1 de diagn\u00f3stico en dos caminos que involucra once escuelas en el radio c\u00e9ntrico. \u00abLa idea es generar caminos seguros en los ingresos y egresos de los establecimientos educativos. Es un proyecto donde participa el Municipio a trav\u00e9s de un convenio y un contrato que estamos celebrando para poder desarrollar un diagnostico en cada una de las instituciones y poder ir generando estos corredores\u201d, resumi\u00f3 el Intendente.<\/p>\n<p>\u00abEl proyecto est\u00e1 pensado desde la Seguridad Vial y la Seguridad Ciudadana y en trabajarlo en forma conjunta, teniendo en cuenta el uso de las c\u00e1maras de seguridad y la presencia de la Polic\u00eda en cada uno de los establecimientos sobre todo en los horarios de ingreso y egreso de los estudiantes\u00bb inform\u00f3 la abogada y Secretaria Josefina Kelly.<\/p>\n<p>El proyecto incluye conocer todos los aspectos, desde el vial al de seguridad, ver temas como iluminaci\u00f3n, bicisendas, c\u00e1maras de seguridad, comercios que puedan ser elementos de actuaci\u00f3n y apoyo, presencia policial, es decir, todo aquello que sea un aporte para que nuestros ni\u00f1os y adolescentes se movilicen con total tranquilidad por los diversos sectores de la ciudad.<\/p>\n<p>&nbsp;<\/p>\n<p>Fuente: Prensa Municipal<\/p>\n","protected":false},"excerpt":{"rendered":"<p>D\u00edas atr\u00e1s, el \u00e1rea de Seguridad Vial de la Municipalidad de Mercedes present\u00f3 p\u00fablicamente el inicio del programa \u00abCaminos Escolares &#8230; <a title=\"Ponen en marcha el programa municipal \u00abCaminos Escolares Seguros\u00bb\" class=\"read-more\" href=\"https:\/\/www.hoymercedes.com.ar\/principal\/2017\/06\/01\/ponen-en-marcha-el-programa-municipal-caminos-escolares-seguros\/\" aria-label=\"Leer m\u00e1s sobre Ponen en marcha el programa municipal \u00abCaminos Escolares Seguros\u00bb\">Leer m\u00e1s<\/a><\/p>\n","protected":false},"author":1,"featured_media":63392,"comment_status":"closed","ping_status":"open","sticky":false,"template":"","format":"standard","meta":{"_monsterinsights_skip_tracking":false,"_monsterinsights_sitenote_active":false,"_monsterinsights_sitenote_note":"","_monsterinsights_sitenote_category":0,"jetpack_post_was_ever_published":false,"_jetpack_newsletter_access":"","_jetpack_dont_email_post_to_subs":false,"_jetpack_newsletter_tier_id":0,"_jetpack_memberships_contains_paywalled_content":false,"_jetpack_memberships_contains_paid_content":false,"footnotes":"","jetpack_publicize_message":"","jetpack_publicize_feature_enabled":true,"jetpack_social_post_already_shared":true,"jetpack_social_options":{"image_generator_settings":{"template":"highway","default_image_id":0,"font":"","enabled":false},"version":2},"_wpas_customize_per_network":false},"categories":[30],"tags":[11264,244,83,626],"class_list":["post-63391","post","type-post","status-publish","format-standard","has-post-thumbnail","hentry","category-municipio","tag-caminos-escolares-seguros","tag-municipio-2","tag-policia","tag-seguridad-vial","generate-columns","tablet-grid-50","mobile-grid-100","grid-parent","grid-50"],"jetpack_publicize_connections":[],"jetpack_featured_media_url":"https:\/\/www.hoymercedes.com.ar\/principal\/wp-content\/uploads\/2017\/06\/01-caminos-escolares.jpg","wps_subtitle":"Etapa de diagn\u00f3stico","jetpack_sharing_enabled":true,"_links":{"self":[{"href":"https:\/\/www.hoymercedes.com.ar\/principal\/wp-json\/wp\/v2\/posts\/63391","targetHints":{"allow":["GET"]}}],"collection":[{"href":"https:\/\/www.hoymercedes.com.ar\/principal\/wp-json\/wp\/v2\/posts"}],"about":[{"href":"https:\/\/www.hoymercedes.com.ar\/principal\/wp-json\/wp\/v2\/types\/post"}],"author":[{"embeddable":true,"href":"https:\/\/www.hoymercedes.com.ar\/principal\/wp-json\/wp\/v2\/users\/1"}],"replies":[{"embeddable":true,"href":"https:\/\/www.hoymercedes.com.ar\/principal\/wp-json\/wp\/v2\/comments?post=63391"}],"version-history":[{"count":0,"href":"https:\/\/www.hoymercedes.com.ar\/principal\/wp-json\/wp\/v2\/posts\/63391\/revisions"}],"wp:featuredmedia":[{"embeddable":true,"href":"https:\/\/www.hoymercedes.com.ar\/principal\/wp-json\/wp\/v2\/media\/63392"}],"wp:attachment":[{"href":"https:\/\/www.hoymercedes.com.ar\/principal\/wp-json\/wp\/v2\/media?parent=63391"}],"wp:term":[{"taxonomy":"category","embeddable":true,"href":"https:\/\/www.hoymercedes.com.ar\/principal\/wp-json\/wp\/v2\/categories?post=63391"},{"taxonomy":"post_tag","embeddable":true,"href":"https:\/\/www.hoymercedes.com.ar\/principal\/wp-json\/wp\/v2\/tags?post=63391"}],"curies":[{"name":"wp","href":"https:\/\/api.w.org\/{rel}","templated":true}]}}