{"id":63450,"date":"2017-06-07T13:52:06","date_gmt":"2017-06-07T16:52:06","guid":{"rendered":"http:\/\/www.hoymercedes.com.ar\/principal\/?p=63450"},"modified":"2017-06-07T13:47:47","modified_gmt":"2017-06-07T16:47:47","slug":"emprendedoras-se-reunen-en-una-feria","status":"publish","type":"post","link":"https:\/\/www.hoymercedes.com.ar\/principal\/2017\/06\/07\/emprendedoras-se-reunen-en-una-feria\/","title":{"rendered":"Emprendedoras se re\u00fanen en una feria"},"content":{"rendered":"<p>\u00abEmprender\u00bb es una feria que\u00a0re\u00fane a distintas y m\u00faltiples emprendedoras. El pr\u00f3ximo 10 de junio har\u00e1n la primera en el espacio SUM de calle 31 casi esquina 20. Entre las 15:30 y las 20 horas, la feria brinda un espacio para aquellas emprendedoras\u00a0de Mercedes que quieran mostrar sus productos, pero tambi\u00e9n es un espacio para los vecinos que quieran conocer los trabajos que estas mujeres llevan adelante.<\/p>\n<p>Para esta primera edici\u00f3n son diecis\u00e9is los emprendimientos que estar\u00e1n presentes. Entre ellos:\u00a0<strong>Justina Soul<\/strong> (joyer\u00eda\/accesorios);\u00a0<strong>Alquimia c\u00f3smica<\/strong> (preparados de plantas y cosm\u00e9tica natural);\u00a0<strong>La Flora<\/strong> (almohadillas arom\u00e1ticas);\u00a0<strong>Nilima<\/strong> (reposter\u00eda vegana);\u00a0<strong>MalaMia<\/strong> (ropa para peque\u00f1os);\u00a0<strong>Abacaxi<\/strong> (remeras de dise\u00f1o);\u00a0<strong>Sandia<\/strong> (sublimaci\u00f3n);\u00a0<strong>C\u00f3smico<\/strong> (cuadernos artesanales);\u00a0<strong>Chiru Velas<\/strong> (velas, sahumerios, billeteras artesanales);\u00a0<strong>Heliana<\/strong> (vestidos de dise\u00f1o);\u00a0<strong>Alegra Coraz\u00f3n<\/strong> (indumentaria de dise\u00f1o);\u00a0<strong>Ayur Vegan<\/strong> (jabones veganos de coco, terap\u00e9uticos, con semillas, flores y aceites esenciales);\u00a0<strong>Bel\u00e9n Albornoz <\/strong>(atelier de vestidos de alta costura y tocados);\u00a0<strong>Hola Manola<\/strong> (bolsos);\u00a0<strong>Naranja Lima<\/strong> (crochet y artesanias en tela) y\u00a0<strong>Perro Azul<\/strong> (juguetes de madera). Por su parte, Gueneviere le pondr\u00e1 m\u00fasica en vivo a la feria.<\/p>\n<p>Eliana Ramponi, quien organiza la feria, propone que estos encuentros sean mensuales y que no s\u00f3lo sea para ofrecer y vender los productos de las emprendedoras, sino tambi\u00e9n un espacio de encuentro para llevar adelante workshops,herramientas de marketing, rondas de negocios,entre otras propuestas a futuro. De hecho, la convocatoria para la primera fue tal que ya est\u00e1n organizando la segunda feria con otras emprendedoras mercedinas que se suman a la propuesta.<\/p>\n<p>Contactos para participar: 2324-15479053 \u00a0\u00f3\u00a0mail: feriaemprendermercedes@gmail.com<\/p>\n","protected":false},"excerpt":{"rendered":"<p>\u00abEmprender\u00bb es una feria que\u00a0re\u00fane a distintas y m\u00faltiples emprendedoras. El pr\u00f3ximo 10 de junio har\u00e1n la primera en el &#8230; <a title=\"Emprendedoras se re\u00fanen en una feria\" class=\"read-more\" href=\"https:\/\/www.hoymercedes.com.ar\/principal\/2017\/06\/07\/emprendedoras-se-reunen-en-una-feria\/\" aria-label=\"Leer m\u00e1s sobre Emprendedoras se re\u00fanen en una feria\">Leer m\u00e1s<\/a><\/p>\n","protected":false},"author":1,"featured_media":63451,"comment_status":"closed","ping_status":"open","sticky":false,"template":"","format":"standard","meta":{"_monsterinsights_skip_tracking":false,"_monsterinsights_sitenote_active":false,"_monsterinsights_sitenote_note":"","_monsterinsights_sitenote_category":0,"jetpack_post_was_ever_published":false,"_jetpack_newsletter_access":"","_jetpack_dont_email_post_to_subs":false,"_jetpack_newsletter_tier_id":0,"_jetpack_memberships_contains_paywalled_content":false,"_jetpack_memberships_contains_paid_content":false,"footnotes":"","jetpack_publicize_message":"","jetpack_publicize_feature_enabled":true,"jetpack_social_post_already_shared":true,"jetpack_social_options":{"image_generator_settings":{"template":"highway","default_image_id":0,"font":"","enabled":false},"version":2},"_wpas_customize_per_network":false},"categories":[5485,8],"tags":[8697,11281,11280,10,7802],"class_list":["post-63450","post","type-post","status-publish","format-standard","has-post-thumbnail","hentry","category-comunidad","category-sociedad","tag-comunidad","tag-emprendedoras","tag-feria-emprender","tag-mercedes","tag-sociedad","generate-columns","tablet-grid-50","mobile-grid-100","grid-parent","grid-50"],"jetpack_publicize_connections":[],"jetpack_featured_media_url":"https:\/\/www.hoymercedes.com.ar\/principal\/wp-content\/uploads\/2017\/06\/07-emprender-1.jpg","wps_subtitle":"Opciones de regalos","jetpack_sharing_enabled":true,"_links":{"self":[{"href":"https:\/\/www.hoymercedes.com.ar\/principal\/wp-json\/wp\/v2\/posts\/63450","targetHints":{"allow":["GET"]}}],"collection":[{"href":"https:\/\/www.hoymercedes.com.ar\/principal\/wp-json\/wp\/v2\/posts"}],"about":[{"href":"https:\/\/www.hoymercedes.com.ar\/principal\/wp-json\/wp\/v2\/types\/post"}],"author":[{"embeddable":true,"href":"https:\/\/www.hoymercedes.com.ar\/principal\/wp-json\/wp\/v2\/users\/1"}],"replies":[{"embeddable":true,"href":"https:\/\/www.hoymercedes.com.ar\/principal\/wp-json\/wp\/v2\/comments?post=63450"}],"version-history":[{"count":0,"href":"https:\/\/www.hoymercedes.com.ar\/principal\/wp-json\/wp\/v2\/posts\/63450\/revisions"}],"wp:featuredmedia":[{"embeddable":true,"href":"https:\/\/www.hoymercedes.com.ar\/principal\/wp-json\/wp\/v2\/media\/63451"}],"wp:attachment":[{"href":"https:\/\/www.hoymercedes.com.ar\/principal\/wp-json\/wp\/v2\/media?parent=63450"}],"wp:term":[{"taxonomy":"category","embeddable":true,"href":"https:\/\/www.hoymercedes.com.ar\/principal\/wp-json\/wp\/v2\/categories?post=63450"},{"taxonomy":"post_tag","embeddable":true,"href":"https:\/\/www.hoymercedes.com.ar\/principal\/wp-json\/wp\/v2\/tags?post=63450"}],"curies":[{"name":"wp","href":"https:\/\/api.w.org\/{rel}","templated":true}]}}