{"id":6346,"date":"2011-08-14T21:51:13","date_gmt":"2011-08-14T21:51:13","guid":{"rendered":"http:\/\/www.hoymercedes.com.ar\/principal\/?p=6346"},"modified":"2011-08-14T21:51:13","modified_gmt":"2011-08-14T21:51:13","slug":"estas-fueron-las-boletas-de-los-candidatos-locales-2","status":"publish","type":"post","link":"https:\/\/www.hoymercedes.com.ar\/principal\/2011\/08\/14\/estas-fueron-las-boletas-de-los-candidatos-locales-2\/","title":{"rendered":"Estas fueron las boletas de los candidatos locales"},"content":{"rendered":"<p>En esta ocasi\u00f3n la ciudad de Mercedes se encontr\u00f3 con un importante n\u00famero de candidatos a todas las instancias. Presidentes, Gobernadores, Intendentes, Senadores y Diputados.<\/p>\n<p>A dem\u00e1s de ello 11 pre candidatos a intendentes con sus respectivos candidatos a concejales y consejeros escolares.<\/p>\n<p>Las boletas fueron las siguientes:<\/p>\n<p>&nbsp;<\/p>\n<p><a href=\"https:\/\/www.hoymercedes.com.ar\/principal\/wp-content\/uploads\/2011\/08\/Alfonsin-Torres-Boleta1.jpg\"><img loading=\"lazy\" decoding=\"async\" data-attachment-id=\"6348\" data-permalink=\"https:\/\/www.hoymercedes.com.ar\/principal\/2011\/08\/14\/estas-fueron-las-boletas-de-los-candidatos-locales-2\/alfonsin-torres-boleta-2\/#main\" data-orig-file=\"https:\/\/www.hoymercedes.com.ar\/principal\/wp-content\/uploads\/2011\/08\/Alfonsin-Torres-Boleta1.jpg\" data-orig-size=\"606,473\" data-comments-opened=\"1\" data-image-meta=\"{&quot;aperture&quot;:&quot;0&quot;,&quot;credit&quot;:&quot;&quot;,&quot;camera&quot;:&quot;&quot;,&quot;caption&quot;:&quot;&quot;,&quot;created_timestamp&quot;:&quot;0&quot;,&quot;copyright&quot;:&quot;&quot;,&quot;focal_length&quot;:&quot;0&quot;,&quot;iso&quot;:&quot;0&quot;,&quot;shutter_speed&quot;:&quot;0&quot;,&quot;title&quot;:&quot;&quot;}\" data-image-title=\"Alfonsin-Torres-Boleta\" data-image-description=\"\" data-image-caption=\"\" data-large-file=\"https:\/\/www.hoymercedes.com.ar\/principal\/wp-content\/uploads\/2011\/08\/Alfonsin-Torres-Boleta1.jpg\" class=\"aligncenter size-full wp-image-6348\" title=\"Alfonsin-Torres-Boleta\" src=\"https:\/\/www.hoymercedes.com.ar\/principal\/wp-content\/uploads\/2011\/08\/Alfonsin-Torres-Boleta1.jpg\" alt=\"\" width=\"606\" height=\"473\" \/><\/a><\/p>\n<p><a href=\"https:\/\/www.hoymercedes.com.ar\/principal\/wp-content\/uploads\/2011\/08\/Altamira-Resquin-Boleta1.jpg\"><img loading=\"lazy\" decoding=\"async\" data-attachment-id=\"6349\" data-permalink=\"https:\/\/www.hoymercedes.com.ar\/principal\/2011\/08\/14\/estas-fueron-las-boletas-de-los-candidatos-locales-2\/altamira-resquin-boleta-2\/#main\" data-orig-file=\"https:\/\/www.hoymercedes.com.ar\/principal\/wp-content\/uploads\/2011\/08\/Altamira-Resquin-Boleta1.jpg\" data-orig-size=\"606,471\" data-comments-opened=\"1\" data-image-meta=\"{&quot;aperture&quot;:&quot;0&quot;,&quot;credit&quot;:&quot;&quot;,&quot;camera&quot;:&quot;&quot;,&quot;caption&quot;:&quot;&quot;,&quot;created_timestamp&quot;:&quot;0&quot;,&quot;copyright&quot;:&quot;&quot;,&quot;focal_length&quot;:&quot;0&quot;,&quot;iso&quot;:&quot;0&quot;,&quot;shutter_speed&quot;:&quot;0&quot;,&quot;title&quot;:&quot;&quot;}\" data-image-title=\"Altamira-Resquin-Boleta\" data-image-description=\"\" data-image-caption=\"\" data-large-file=\"https:\/\/www.hoymercedes.com.ar\/principal\/wp-content\/uploads\/2011\/08\/Altamira-Resquin-Boleta1.jpg\" class=\"aligncenter size-full wp-image-6349\" title=\"Altamira-Resquin-Boleta\" src=\"https:\/\/www.hoymercedes.com.ar\/principal\/wp-content\/uploads\/2011\/08\/Altamira-Resquin-Boleta1.jpg\" alt=\"\" width=\"606\" height=\"471\" srcset=\"https:\/\/www.hoymercedes.com.ar\/principal\/wp-content\/uploads\/2011\/08\/Altamira-Resquin-Boleta1.jpg 606w, https:\/\/www.hoymercedes.com.ar\/principal\/wp-content\/uploads\/2011\/08\/Altamira-Resquin-Boleta1-300x233.jpg 300w\" sizes=\"auto, (max-width: 606px) 100vw, 606px\" \/><\/a><\/p>\n<p><a href=\"https:\/\/www.hoymercedes.com.ar\/principal\/wp-content\/uploads\/2011\/08\/Argumedo-Lalla-Boleta1.jpg\"><img loading=\"lazy\" decoding=\"async\" data-attachment-id=\"6350\" data-permalink=\"https:\/\/www.hoymercedes.com.ar\/principal\/2011\/08\/14\/estas-fueron-las-boletas-de-los-candidatos-locales-2\/argumedo-lalla-boleta-2\/#main\" data-orig-file=\"https:\/\/www.hoymercedes.com.ar\/principal\/wp-content\/uploads\/2011\/08\/Argumedo-Lalla-Boleta1.jpg\" data-orig-size=\"606,479\" data-comments-opened=\"1\" data-image-meta=\"{&quot;aperture&quot;:&quot;0&quot;,&quot;credit&quot;:&quot;&quot;,&quot;camera&quot;:&quot;&quot;,&quot;caption&quot;:&quot;&quot;,&quot;created_timestamp&quot;:&quot;0&quot;,&quot;copyright&quot;:&quot;&quot;,&quot;focal_length&quot;:&quot;0&quot;,&quot;iso&quot;:&quot;0&quot;,&quot;shutter_speed&quot;:&quot;0&quot;,&quot;title&quot;:&quot;&quot;}\" data-image-title=\"Argumedo-Lalla-Boleta\" data-image-description=\"\" data-image-caption=\"\" data-large-file=\"https:\/\/www.hoymercedes.com.ar\/principal\/wp-content\/uploads\/2011\/08\/Argumedo-Lalla-Boleta1.jpg\" class=\"aligncenter size-full wp-image-6350\" title=\"Argumedo-Lalla-Boleta\" src=\"https:\/\/www.hoymercedes.com.ar\/principal\/wp-content\/uploads\/2011\/08\/Argumedo-Lalla-Boleta1.jpg\" alt=\"\" width=\"606\" height=\"479\" srcset=\"https:\/\/www.hoymercedes.com.ar\/principal\/wp-content\/uploads\/2011\/08\/Argumedo-Lalla-Boleta1.jpg 606w, https:\/\/www.hoymercedes.com.ar\/principal\/wp-content\/uploads\/2011\/08\/Argumedo-Lalla-Boleta1-300x237.jpg 300w\" sizes=\"auto, (max-width: 606px) 100vw, 606px\" \/><\/a><\/p>\n<p><a href=\"https:\/\/www.hoymercedes.com.ar\/principal\/wp-content\/uploads\/2011\/08\/Binner-Colao-Boleta1.jpg\"><img loading=\"lazy\" decoding=\"async\" data-attachment-id=\"6351\" data-permalink=\"https:\/\/www.hoymercedes.com.ar\/principal\/2011\/08\/14\/estas-fueron-las-boletas-de-los-candidatos-locales-2\/binner-colao-boleta-2\/#main\" data-orig-file=\"https:\/\/www.hoymercedes.com.ar\/principal\/wp-content\/uploads\/2011\/08\/Binner-Colao-Boleta1.jpg\" data-orig-size=\"606,465\" data-comments-opened=\"1\" data-image-meta=\"{&quot;aperture&quot;:&quot;0&quot;,&quot;credit&quot;:&quot;&quot;,&quot;camera&quot;:&quot;&quot;,&quot;caption&quot;:&quot;&quot;,&quot;created_timestamp&quot;:&quot;0&quot;,&quot;copyright&quot;:&quot;&quot;,&quot;focal_length&quot;:&quot;0&quot;,&quot;iso&quot;:&quot;0&quot;,&quot;shutter_speed&quot;:&quot;0&quot;,&quot;title&quot;:&quot;&quot;}\" data-image-title=\"Binner Colao-Boleta\" data-image-description=\"\" data-image-caption=\"\" data-large-file=\"https:\/\/www.hoymercedes.com.ar\/principal\/wp-content\/uploads\/2011\/08\/Binner-Colao-Boleta1.jpg\" class=\"aligncenter size-full wp-image-6351\" title=\"Binner Colao-Boleta\" src=\"https:\/\/www.hoymercedes.com.ar\/principal\/wp-content\/uploads\/2011\/08\/Binner-Colao-Boleta1.jpg\" alt=\"\" width=\"606\" height=\"465\" srcset=\"https:\/\/www.hoymercedes.com.ar\/principal\/wp-content\/uploads\/2011\/08\/Binner-Colao-Boleta1.jpg 606w, https:\/\/www.hoymercedes.com.ar\/principal\/wp-content\/uploads\/2011\/08\/Binner-Colao-Boleta1-300x230.jpg 300w\" sizes=\"auto, (max-width: 606px) 100vw, 606px\" \/><\/a><\/p>\n<p><a href=\"https:\/\/www.hoymercedes.com.ar\/principal\/wp-content\/uploads\/2011\/08\/Carrio-Cestari-Boleta1.jpg\"><img loading=\"lazy\" decoding=\"async\" data-attachment-id=\"6352\" data-permalink=\"https:\/\/www.hoymercedes.com.ar\/principal\/2011\/08\/14\/estas-fueron-las-boletas-de-los-candidatos-locales-2\/carrio-cestari-boleta-2\/#main\" data-orig-file=\"https:\/\/www.hoymercedes.com.ar\/principal\/wp-content\/uploads\/2011\/08\/Carrio-Cestari-Boleta1.jpg\" data-orig-size=\"606,456\" data-comments-opened=\"1\" data-image-meta=\"{&quot;aperture&quot;:&quot;0&quot;,&quot;credit&quot;:&quot;&quot;,&quot;camera&quot;:&quot;&quot;,&quot;caption&quot;:&quot;&quot;,&quot;created_timestamp&quot;:&quot;0&quot;,&quot;copyright&quot;:&quot;&quot;,&quot;focal_length&quot;:&quot;0&quot;,&quot;iso&quot;:&quot;0&quot;,&quot;shutter_speed&quot;:&quot;0&quot;,&quot;title&quot;:&quot;&quot;}\" data-image-title=\"Carrio-Cestari-Boleta\" data-image-description=\"\" data-image-caption=\"\" data-large-file=\"https:\/\/www.hoymercedes.com.ar\/principal\/wp-content\/uploads\/2011\/08\/Carrio-Cestari-Boleta1.jpg\" class=\"aligncenter size-full wp-image-6352\" title=\"Carrio-Cestari-Boleta\" src=\"https:\/\/www.hoymercedes.com.ar\/principal\/wp-content\/uploads\/2011\/08\/Carrio-Cestari-Boleta1.jpg\" alt=\"\" width=\"606\" height=\"456\" srcset=\"https:\/\/www.hoymercedes.com.ar\/principal\/wp-content\/uploads\/2011\/08\/Carrio-Cestari-Boleta1.jpg 606w, https:\/\/www.hoymercedes.com.ar\/principal\/wp-content\/uploads\/2011\/08\/Carrio-Cestari-Boleta1-300x225.jpg 300w\" sizes=\"auto, (max-width: 606px) 100vw, 606px\" \/><\/a><\/p>\n<p><a href=\"https:\/\/www.hoymercedes.com.ar\/principal\/wp-content\/uploads\/2011\/08\/CFK-Selva-Boleta1.jpg\"><img loading=\"lazy\" decoding=\"async\" data-attachment-id=\"6353\" data-permalink=\"https:\/\/www.hoymercedes.com.ar\/principal\/2011\/08\/14\/estas-fueron-las-boletas-de-los-candidatos-locales-2\/cfk-selva-boleta-2\/#main\" data-orig-file=\"https:\/\/www.hoymercedes.com.ar\/principal\/wp-content\/uploads\/2011\/08\/CFK-Selva-Boleta1.jpg\" data-orig-size=\"606,463\" data-comments-opened=\"1\" data-image-meta=\"{&quot;aperture&quot;:&quot;0&quot;,&quot;credit&quot;:&quot;&quot;,&quot;camera&quot;:&quot;&quot;,&quot;caption&quot;:&quot;&quot;,&quot;created_timestamp&quot;:&quot;0&quot;,&quot;copyright&quot;:&quot;&quot;,&quot;focal_length&quot;:&quot;0&quot;,&quot;iso&quot;:&quot;0&quot;,&quot;shutter_speed&quot;:&quot;0&quot;,&quot;title&quot;:&quot;&quot;}\" data-image-title=\"CFK-Selva-Boleta\" data-image-description=\"\" data-image-caption=\"\" data-large-file=\"https:\/\/www.hoymercedes.com.ar\/principal\/wp-content\/uploads\/2011\/08\/CFK-Selva-Boleta1.jpg\" class=\"aligncenter size-full wp-image-6353\" title=\"CFK-Selva-Boleta\" src=\"https:\/\/www.hoymercedes.com.ar\/principal\/wp-content\/uploads\/2011\/08\/CFK-Selva-Boleta1.jpg\" alt=\"\" width=\"606\" height=\"463\" srcset=\"https:\/\/www.hoymercedes.com.ar\/principal\/wp-content\/uploads\/2011\/08\/CFK-Selva-Boleta1.jpg 606w, https:\/\/www.hoymercedes.com.ar\/principal\/wp-content\/uploads\/2011\/08\/CFK-Selva-Boleta1-300x229.jpg 300w\" sizes=\"auto, (max-width: 606px) 100vw, 606px\" \/><\/a><\/p>\n<p><a href=\"https:\/\/www.hoymercedes.com.ar\/principal\/wp-content\/uploads\/2011\/08\/CFK-Ustarroz-Boleta1.jpg\"><img loading=\"lazy\" decoding=\"async\" data-attachment-id=\"6354\" data-permalink=\"https:\/\/www.hoymercedes.com.ar\/principal\/2011\/08\/14\/estas-fueron-las-boletas-de-los-candidatos-locales-2\/cfk-ustarroz-boleta-2\/#main\" data-orig-file=\"https:\/\/www.hoymercedes.com.ar\/principal\/wp-content\/uploads\/2011\/08\/CFK-Ustarroz-Boleta1.jpg\" data-orig-size=\"606,454\" data-comments-opened=\"1\" data-image-meta=\"{&quot;aperture&quot;:&quot;0&quot;,&quot;credit&quot;:&quot;&quot;,&quot;camera&quot;:&quot;&quot;,&quot;caption&quot;:&quot;&quot;,&quot;created_timestamp&quot;:&quot;0&quot;,&quot;copyright&quot;:&quot;&quot;,&quot;focal_length&quot;:&quot;0&quot;,&quot;iso&quot;:&quot;0&quot;,&quot;shutter_speed&quot;:&quot;0&quot;,&quot;title&quot;:&quot;&quot;}\" data-image-title=\"CFK-Ustarroz-Boleta\" data-image-description=\"\" data-image-caption=\"\" data-large-file=\"https:\/\/www.hoymercedes.com.ar\/principal\/wp-content\/uploads\/2011\/08\/CFK-Ustarroz-Boleta1.jpg\" class=\"aligncenter size-full wp-image-6354\" title=\"CFK-Ustarroz-Boleta\" src=\"https:\/\/www.hoymercedes.com.ar\/principal\/wp-content\/uploads\/2011\/08\/CFK-Ustarroz-Boleta1.jpg\" alt=\"\" width=\"606\" height=\"454\" srcset=\"https:\/\/www.hoymercedes.com.ar\/principal\/wp-content\/uploads\/2011\/08\/CFK-Ustarroz-Boleta1.jpg 606w, https:\/\/www.hoymercedes.com.ar\/principal\/wp-content\/uploads\/2011\/08\/CFK-Ustarroz-Boleta1-300x224.jpg 300w\" sizes=\"auto, (max-width: 606px) 100vw, 606px\" \/><\/a><\/p>\n<p><a href=\"https:\/\/www.hoymercedes.com.ar\/principal\/wp-content\/uploads\/2011\/08\/Duhalde-Benitez-Boleta1.jpg\"><img loading=\"lazy\" decoding=\"async\" data-attachment-id=\"6355\" data-permalink=\"https:\/\/www.hoymercedes.com.ar\/principal\/2011\/08\/14\/estas-fueron-las-boletas-de-los-candidatos-locales-2\/duhalde-benitez-boleta-2\/#main\" data-orig-file=\"https:\/\/www.hoymercedes.com.ar\/principal\/wp-content\/uploads\/2011\/08\/Duhalde-Benitez-Boleta1.jpg\" data-orig-size=\"606,461\" data-comments-opened=\"1\" data-image-meta=\"{&quot;aperture&quot;:&quot;0&quot;,&quot;credit&quot;:&quot;&quot;,&quot;camera&quot;:&quot;&quot;,&quot;caption&quot;:&quot;&quot;,&quot;created_timestamp&quot;:&quot;0&quot;,&quot;copyright&quot;:&quot;&quot;,&quot;focal_length&quot;:&quot;0&quot;,&quot;iso&quot;:&quot;0&quot;,&quot;shutter_speed&quot;:&quot;0&quot;,&quot;title&quot;:&quot;&quot;}\" data-image-title=\"Duhalde-Benitez-Boleta\" data-image-description=\"\" data-image-caption=\"\" data-large-file=\"https:\/\/www.hoymercedes.com.ar\/principal\/wp-content\/uploads\/2011\/08\/Duhalde-Benitez-Boleta1.jpg\" class=\"aligncenter size-full wp-image-6355\" title=\"Duhalde-Benitez-Boleta\" src=\"https:\/\/www.hoymercedes.com.ar\/principal\/wp-content\/uploads\/2011\/08\/Duhalde-Benitez-Boleta1.jpg\" alt=\"\" width=\"606\" height=\"461\" srcset=\"https:\/\/www.hoymercedes.com.ar\/principal\/wp-content\/uploads\/2011\/08\/Duhalde-Benitez-Boleta1.jpg 606w, https:\/\/www.hoymercedes.com.ar\/principal\/wp-content\/uploads\/2011\/08\/Duhalde-Benitez-Boleta1-300x228.jpg 300w\" sizes=\"auto, (max-width: 606px) 100vw, 606px\" \/><\/a><\/p>\n<p><a href=\"https:\/\/www.hoymercedes.com.ar\/principal\/wp-content\/uploads\/2011\/08\/Duhalde-Etcheum-Boleta1.jpg\"><img loading=\"lazy\" decoding=\"async\" data-attachment-id=\"6356\" data-permalink=\"https:\/\/www.hoymercedes.com.ar\/principal\/2011\/08\/14\/estas-fueron-las-boletas-de-los-candidatos-locales-2\/duhalde-etcheum-boleta-2\/#main\" data-orig-file=\"https:\/\/www.hoymercedes.com.ar\/principal\/wp-content\/uploads\/2011\/08\/Duhalde-Etcheum-Boleta1.jpg\" data-orig-size=\"606,476\" data-comments-opened=\"1\" data-image-meta=\"{&quot;aperture&quot;:&quot;0&quot;,&quot;credit&quot;:&quot;&quot;,&quot;camera&quot;:&quot;&quot;,&quot;caption&quot;:&quot;&quot;,&quot;created_timestamp&quot;:&quot;0&quot;,&quot;copyright&quot;:&quot;&quot;,&quot;focal_length&quot;:&quot;0&quot;,&quot;iso&quot;:&quot;0&quot;,&quot;shutter_speed&quot;:&quot;0&quot;,&quot;title&quot;:&quot;&quot;}\" data-image-title=\"Duhalde-Etcheum-Boleta\" data-image-description=\"\" data-image-caption=\"\" data-large-file=\"https:\/\/www.hoymercedes.com.ar\/principal\/wp-content\/uploads\/2011\/08\/Duhalde-Etcheum-Boleta1.jpg\" class=\"aligncenter size-full wp-image-6356\" title=\"Duhalde-Etcheum-Boleta\" src=\"https:\/\/www.hoymercedes.com.ar\/principal\/wp-content\/uploads\/2011\/08\/Duhalde-Etcheum-Boleta1.jpg\" alt=\"\" width=\"606\" height=\"476\" srcset=\"https:\/\/www.hoymercedes.com.ar\/principal\/wp-content\/uploads\/2011\/08\/Duhalde-Etcheum-Boleta1.jpg 606w, https:\/\/www.hoymercedes.com.ar\/principal\/wp-content\/uploads\/2011\/08\/Duhalde-Etcheum-Boleta1-300x235.jpg 300w\" sizes=\"auto, (max-width: 606px) 100vw, 606px\" \/><\/a><\/p>\n<p><a href=\"https:\/\/www.hoymercedes.com.ar\/principal\/wp-content\/uploads\/2011\/08\/RodriguezSaa-Alvarez-Boleta1.jpg\"><img loading=\"lazy\" decoding=\"async\" data-attachment-id=\"6357\" data-permalink=\"https:\/\/www.hoymercedes.com.ar\/principal\/2011\/08\/14\/estas-fueron-las-boletas-de-los-candidatos-locales-2\/rodriguezsaa-alvarez-boleta-2\/#main\" data-orig-file=\"https:\/\/www.hoymercedes.com.ar\/principal\/wp-content\/uploads\/2011\/08\/RodriguezSaa-Alvarez-Boleta1.jpg\" data-orig-size=\"606,486\" data-comments-opened=\"1\" data-image-meta=\"{&quot;aperture&quot;:&quot;0&quot;,&quot;credit&quot;:&quot;&quot;,&quot;camera&quot;:&quot;&quot;,&quot;caption&quot;:&quot;&quot;,&quot;created_timestamp&quot;:&quot;0&quot;,&quot;copyright&quot;:&quot;&quot;,&quot;focal_length&quot;:&quot;0&quot;,&quot;iso&quot;:&quot;0&quot;,&quot;shutter_speed&quot;:&quot;0&quot;,&quot;title&quot;:&quot;&quot;}\" data-image-title=\"RodriguezSaa-Alvarez-Boleta\" data-image-description=\"\" data-image-caption=\"\" data-large-file=\"https:\/\/www.hoymercedes.com.ar\/principal\/wp-content\/uploads\/2011\/08\/RodriguezSaa-Alvarez-Boleta1.jpg\" class=\"aligncenter size-full wp-image-6357\" title=\"RodriguezSaa-Alvarez-Boleta\" src=\"https:\/\/www.hoymercedes.com.ar\/principal\/wp-content\/uploads\/2011\/08\/RodriguezSaa-Alvarez-Boleta1.jpg\" alt=\"\" width=\"606\" height=\"486\" srcset=\"https:\/\/www.hoymercedes.com.ar\/principal\/wp-content\/uploads\/2011\/08\/RodriguezSaa-Alvarez-Boleta1.jpg 606w, https:\/\/www.hoymercedes.com.ar\/principal\/wp-content\/uploads\/2011\/08\/RodriguezSaa-Alvarez-Boleta1-300x240.jpg 300w\" sizes=\"auto, (max-width: 606px) 100vw, 606px\" \/><\/a><\/p>\n<p><a href=\"https:\/\/www.hoymercedes.com.ar\/principal\/wp-content\/uploads\/2011\/08\/sabbattela-Badano-Boleta1.jpg\"><img loading=\"lazy\" decoding=\"async\" data-attachment-id=\"6358\" data-permalink=\"https:\/\/www.hoymercedes.com.ar\/principal\/2011\/08\/14\/estas-fueron-las-boletas-de-los-candidatos-locales-2\/sabbattela-badano-boleta-2\/#main\" data-orig-file=\"https:\/\/www.hoymercedes.com.ar\/principal\/wp-content\/uploads\/2011\/08\/sabbattela-Badano-Boleta1.jpg\" data-orig-size=\"606,480\" data-comments-opened=\"1\" data-image-meta=\"{&quot;aperture&quot;:&quot;0&quot;,&quot;credit&quot;:&quot;&quot;,&quot;camera&quot;:&quot;&quot;,&quot;caption&quot;:&quot;&quot;,&quot;created_timestamp&quot;:&quot;0&quot;,&quot;copyright&quot;:&quot;&quot;,&quot;focal_length&quot;:&quot;0&quot;,&quot;iso&quot;:&quot;0&quot;,&quot;shutter_speed&quot;:&quot;0&quot;,&quot;title&quot;:&quot;&quot;}\" data-image-title=\"sabbattela-Badano-Boleta\" data-image-description=\"\" data-image-caption=\"\" data-large-file=\"https:\/\/www.hoymercedes.com.ar\/principal\/wp-content\/uploads\/2011\/08\/sabbattela-Badano-Boleta1.jpg\" class=\"aligncenter size-full wp-image-6358\" title=\"sabbattela-Badano-Boleta\" src=\"https:\/\/www.hoymercedes.com.ar\/principal\/wp-content\/uploads\/2011\/08\/sabbattela-Badano-Boleta1.jpg\" alt=\"\" width=\"606\" height=\"480\" srcset=\"https:\/\/www.hoymercedes.com.ar\/principal\/wp-content\/uploads\/2011\/08\/sabbattela-Badano-Boleta1.jpg 606w, https:\/\/www.hoymercedes.com.ar\/principal\/wp-content\/uploads\/2011\/08\/sabbattela-Badano-Boleta1-300x237.jpg 300w\" sizes=\"auto, (max-width: 606px) 100vw, 606px\" \/><\/a><\/p>\n","protected":false},"excerpt":{"rendered":"<p>En esta ocasi\u00f3n la ciudad de Mercedes se encontr\u00f3 con un importante n\u00famero de candidatos a todas las instancias. Presidentes, &#8230; <a title=\"Estas fueron las boletas de los candidatos locales\" class=\"read-more\" href=\"https:\/\/www.hoymercedes.com.ar\/principal\/2011\/08\/14\/estas-fueron-las-boletas-de-los-candidatos-locales-2\/\" aria-label=\"Leer m\u00e1s sobre Estas fueron las boletas de los candidatos locales\">Leer m\u00e1s<\/a><\/p>\n","protected":false},"author":1,"featured_media":0,"comment_status":"open","ping_status":"open","sticky":false,"template":"","format":"standard","meta":{"_monsterinsights_skip_tracking":false,"_monsterinsights_sitenote_active":false,"_monsterinsights_sitenote_note":"","_monsterinsights_sitenote_category":0,"jetpack_post_was_ever_published":false,"_jetpack_newsletter_access":"","_jetpack_dont_email_post_to_subs":false,"_jetpack_newsletter_tier_id":0,"_jetpack_memberships_contains_paywalled_content":false,"_jetpack_memberships_contains_paid_content":false,"footnotes":"","jetpack_publicize_message":"","jetpack_publicize_feature_enabled":true,"jetpack_social_post_already_shared":false,"jetpack_social_options":{"image_generator_settings":{"template":"highway","default_image_id":0,"font":"","enabled":false},"version":2},"_wpas_customize_per_network":false},"categories":[5],"tags":[1149,469,1152,1150,10,1151,18,1081,424],"class_list":["post-6346","post","type-post","status-publish","format-standard","hentry","category-politica","tag-badano","tag-benitez","tag-etcheun","tag-lalla","tag-mercedes","tag-resquin","tag-selva","tag-torres","tag-ustarroz","generate-columns","tablet-grid-50","mobile-grid-100","grid-parent","grid-50"],"jetpack_publicize_connections":[],"jetpack_featured_media_url":"","wps_subtitle":"","jetpack_sharing_enabled":true,"_links":{"self":[{"href":"https:\/\/www.hoymercedes.com.ar\/principal\/wp-json\/wp\/v2\/posts\/6346","targetHints":{"allow":["GET"]}}],"collection":[{"href":"https:\/\/www.hoymercedes.com.ar\/principal\/wp-json\/wp\/v2\/posts"}],"about":[{"href":"https:\/\/www.hoymercedes.com.ar\/principal\/wp-json\/wp\/v2\/types\/post"}],"author":[{"embeddable":true,"href":"https:\/\/www.hoymercedes.com.ar\/principal\/wp-json\/wp\/v2\/users\/1"}],"replies":[{"embeddable":true,"href":"https:\/\/www.hoymercedes.com.ar\/principal\/wp-json\/wp\/v2\/comments?post=6346"}],"version-history":[{"count":0,"href":"https:\/\/www.hoymercedes.com.ar\/principal\/wp-json\/wp\/v2\/posts\/6346\/revisions"}],"wp:attachment":[{"href":"https:\/\/www.hoymercedes.com.ar\/principal\/wp-json\/wp\/v2\/media?parent=6346"}],"wp:term":[{"taxonomy":"category","embeddable":true,"href":"https:\/\/www.hoymercedes.com.ar\/principal\/wp-json\/wp\/v2\/categories?post=6346"},{"taxonomy":"post_tag","embeddable":true,"href":"https:\/\/www.hoymercedes.com.ar\/principal\/wp-json\/wp\/v2\/tags?post=6346"}],"curies":[{"name":"wp","href":"https:\/\/api.w.org\/{rel}","templated":true}]}}