{"id":63469,"date":"2017-06-03T22:57:36","date_gmt":"2017-06-04T01:57:36","guid":{"rendered":"http:\/\/www.hoymercedes.com.ar\/principal\/?p=63469"},"modified":"2017-06-03T22:26:50","modified_gmt":"2017-06-04T01:26:50","slug":"mercedes-vuelve-a-gritar-ni-una-menos","status":"publish","type":"post","link":"https:\/\/www.hoymercedes.com.ar\/principal\/2017\/06\/03\/mercedes-vuelve-a-gritar-ni-una-menos\/","title":{"rendered":"Mercedes vuelve a gritar Ni Una Menos"},"content":{"rendered":"<p>Por TeCleArte &#8211; La consigna #niunamenos volvi\u00f3 a hacerse presente en la ciudad, al igual que en otras localidades del pa\u00eds. Nuevamente la ciudad se uni\u00f3 al grito para que termine la violencia de g\u00e9nero y que no haya m\u00e1s mujeres v\u00edctimas de la violencia de sus parejas, ex parejas, o de hombres que por el solo hecho de ser mujeres la quieren a su merced y para eso ejercen violencia f\u00edsica y\/o psicol\u00f3gica.<\/p>\n<p><img loading=\"lazy\" decoding=\"async\" data-attachment-id=\"63471\" data-permalink=\"https:\/\/www.hoymercedes.com.ar\/principal\/2017\/06\/03\/mercedes-vuelve-a-gritar-ni-una-menos\/03-niunamenos-2\/#main\" data-orig-file=\"https:\/\/www.hoymercedes.com.ar\/principal\/wp-content\/uploads\/2017\/06\/03-niunamenos-2.jpg\" data-orig-size=\"630,420\" data-comments-opened=\"0\" data-image-meta=\"{&quot;aperture&quot;:&quot;3.5&quot;,&quot;credit&quot;:&quot;&quot;,&quot;camera&quot;:&quot;NIKON D3100&quot;,&quot;caption&quot;:&quot;&quot;,&quot;created_timestamp&quot;:&quot;1496512650&quot;,&quot;copyright&quot;:&quot;&quot;,&quot;focal_length&quot;:&quot;18&quot;,&quot;iso&quot;:&quot;640&quot;,&quot;shutter_speed&quot;:&quot;0.016666666666667&quot;,&quot;title&quot;:&quot;&quot;,&quot;orientation&quot;:&quot;1&quot;}\" data-image-title=\"03 niunamenos 2\" data-image-description=\"\" data-image-caption=\"\" data-large-file=\"https:\/\/www.hoymercedes.com.ar\/principal\/wp-content\/uploads\/2017\/06\/03-niunamenos-2.jpg\" class=\"aligncenter size-medium wp-image-63471\" src=\"https:\/\/www.hoymercedes.com.ar\/principal\/wp-content\/uploads\/2017\/06\/03-niunamenos-2-630x420.jpg\" alt=\"\" width=\"630\" height=\"420\" srcset=\"https:\/\/www.hoymercedes.com.ar\/principal\/wp-content\/uploads\/2017\/06\/03-niunamenos-2.jpg 630w, https:\/\/www.hoymercedes.com.ar\/principal\/wp-content\/uploads\/2017\/06\/03-niunamenos-2-150x100.jpg 150w, https:\/\/www.hoymercedes.com.ar\/principal\/wp-content\/uploads\/2017\/06\/03-niunamenos-2-300x200.jpg 300w\" sizes=\"auto, (max-width: 630px) 100vw, 630px\" \/><\/p>\n<p>El acto local fue sencillo, la periodista Anal\u00eda C\u00e1ceres ofici\u00f3 de conductora del evento, adem\u00e1s de leer las adhesiones. La joven Daniela Brea fue la responsable de leer el documento consensuado entre los presentes, documento que enfatiza en la lucha contra la violencia hacia la mujer y el cumplimiento de las leyes y reclamos planteados en 2015.<\/p>\n<p>\u201cVolvimos a salir el 3 de junio porque en lo que va del a\u00f1o hay al menos una mujer o travesti menos por d\u00eda. Porque siguen muriendo asesinadas mujeres con denuncias hechas y medidas restrictivas. Porque el Estado es responsable de su desprotecci\u00f3n y de su muerte, junto con el femicida. Porque a dos a\u00f1os del primer \u201cNi Una Menos\u201d seguimos sin tener estad\u00edsticas oficiales y serias sobre femicidios que permitan el dise\u00f1o de pol\u00edticas p\u00fablicas efectivas. Porque cada vez que una mujer joven desaparece la organizaci\u00f3n popular se ocupa de la b\u00fasqueda. La polic\u00eda y el Poder judicial no activan todos los mecanismos necesarios para una b\u00fasqueda eficiente. Ocurri\u00f3 con Melina Romero y tambi\u00e9n con Araceli Fulles. Tardaron un mes en encontrarlas\u201d dice el documento le\u00eddo y adherido por los presentes.<\/p>\n<p>Por las desaparecidas en las redes de trata, con amplias complicidades de agentes del Estado. Porque las respuestas f\u00e1ciles de \u2019m\u00e1s c\u00e1rcel, m\u00e1s penas\u2019 no sirven, llegan cuando estamos muertas y no hay pol\u00edticas de prevenci\u00f3n. Porque no hay pol\u00edticas integrales que contenga a la v\u00edctimas de violencia y les permitan seguir con sus vidas y tener un proyecto vital con acceso al trabajo a la capacitaci\u00f3n a la salud y a la vivienda (\u2026) Ni Una Menos es grito y abrazo com\u00fan que hace temblar cada uno de los espacios de nuestras vidas \u00a0y desborda en las calles. Juntas y estando para nosotras, nos hacemos poderosas\u201d, concluye el texto.<\/p>\n<p><img loading=\"lazy\" decoding=\"async\" data-attachment-id=\"63472\" data-permalink=\"https:\/\/www.hoymercedes.com.ar\/principal\/2017\/06\/03\/mercedes-vuelve-a-gritar-ni-una-menos\/03-niunamenos-3\/#main\" data-orig-file=\"https:\/\/www.hoymercedes.com.ar\/principal\/wp-content\/uploads\/2017\/06\/03-niunamenos-3.jpg\" data-orig-size=\"630,420\" data-comments-opened=\"0\" data-image-meta=\"{&quot;aperture&quot;:&quot;4&quot;,&quot;credit&quot;:&quot;&quot;,&quot;camera&quot;:&quot;NIKON D3100&quot;,&quot;caption&quot;:&quot;&quot;,&quot;created_timestamp&quot;:&quot;1496511930&quot;,&quot;copyright&quot;:&quot;&quot;,&quot;focal_length&quot;:&quot;28&quot;,&quot;iso&quot;:&quot;560&quot;,&quot;shutter_speed&quot;:&quot;0.016666666666667&quot;,&quot;title&quot;:&quot;&quot;,&quot;orientation&quot;:&quot;1&quot;}\" data-image-title=\"03 niunamenos 3\" data-image-description=\"\" data-image-caption=\"\" data-large-file=\"https:\/\/www.hoymercedes.com.ar\/principal\/wp-content\/uploads\/2017\/06\/03-niunamenos-3.jpg\" class=\"aligncenter size-medium wp-image-63472\" src=\"https:\/\/www.hoymercedes.com.ar\/principal\/wp-content\/uploads\/2017\/06\/03-niunamenos-3-630x420.jpg\" alt=\"\" width=\"630\" height=\"420\" srcset=\"https:\/\/www.hoymercedes.com.ar\/principal\/wp-content\/uploads\/2017\/06\/03-niunamenos-3.jpg 630w, https:\/\/www.hoymercedes.com.ar\/principal\/wp-content\/uploads\/2017\/06\/03-niunamenos-3-150x100.jpg 150w, https:\/\/www.hoymercedes.com.ar\/principal\/wp-content\/uploads\/2017\/06\/03-niunamenos-3-300x200.jpg 300w\" sizes=\"auto, (max-width: 630px) 100vw, 630px\" \/><\/p>\n<p>Luego ser\u00eda el turno de Luc\u00eda Lascano que ley\u00f3 un relato de su autor\u00eda en donde refleja la vida de mujeres que fueron silenciadas por la violencia ejercida a ellas. Ana Brea destac\u00f3 la problem\u00e1tica local donde las mujeres no pueden volver de sus trabajos o las escuelas que corren el riesgo de ser abusadas como sucedi\u00f3 hace un mes a tres mujeres en las calles de Mercedes.<\/p>\n<p>El cierre musical estuvo a cargo de una banda de n\u00f3veles m\u00fasicos, La guitarra de Giuseppe. En vivo interpretaron cuatro temas, cerrando con el tema \u201cMalo\u201d de Bebe, uno de los s\u00edmbolos musicales del reclamo para terminar con la violencia de g\u00e9nero.<\/p>\n<p><span class=\"embed-youtube\" style=\"text-align:center; display: block;\"><iframe loading=\"lazy\" class=\"youtube-player\" width=\"1200\" height=\"675\" src=\"https:\/\/www.youtube.com\/embed\/clZSKE0zNoQ?version=3&#038;rel=1&#038;showsearch=0&#038;showinfo=1&#038;iv_load_policy=1&#038;fs=1&#038;hl=es-ES&#038;autohide=2&#038;wmode=transparent\" allowfullscreen=\"true\" style=\"border:0;\" sandbox=\"allow-scripts allow-same-origin allow-popups allow-presentation allow-popups-to-escape-sandbox\"><\/iframe><\/span><\/p>\n","protected":false},"excerpt":{"rendered":"<p>Por TeCleArte &#8211; La consigna #niunamenos volvi\u00f3 a hacerse presente en la ciudad, al igual que en otras localidades del &#8230; <a title=\"Mercedes vuelve a gritar Ni Una Menos\" class=\"read-more\" href=\"https:\/\/www.hoymercedes.com.ar\/principal\/2017\/06\/03\/mercedes-vuelve-a-gritar-ni-una-menos\/\" aria-label=\"Leer m\u00e1s sobre Mercedes vuelve a gritar Ni Una Menos\">Leer m\u00e1s<\/a><\/p>\n","protected":false},"author":1,"featured_media":63470,"comment_status":"closed","ping_status":"open","sticky":false,"template":"","format":"standard","meta":{"_monsterinsights_skip_tracking":false,"_monsterinsights_sitenote_active":false,"_monsterinsights_sitenote_note":"","_monsterinsights_sitenote_category":0,"jetpack_post_was_ever_published":false,"_jetpack_newsletter_access":"","_jetpack_dont_email_post_to_subs":false,"_jetpack_newsletter_tier_id":0,"_jetpack_memberships_contains_paywalled_content":false,"_jetpack_memberships_contains_paid_content":false,"footnotes":"","jetpack_publicize_message":"","jetpack_publicize_feature_enabled":true,"jetpack_social_post_already_shared":true,"jetpack_social_options":{"image_generator_settings":{"template":"highway","default_image_id":0,"font":"","enabled":false},"version":2},"_wpas_customize_per_network":false},"categories":[5485,8],"tags":[7364,7395,11284,9256,1475],"class_list":["post-63469","post","type-post","status-publish","format-standard","has-post-thumbnail","hentry","category-comunidad","category-sociedad","tag-ni-una-menos","tag-niunamenos","tag-3-de-junio","tag-movilizacion","tag-violencia-de-genero","generate-columns","tablet-grid-50","mobile-grid-100","grid-parent","grid-50"],"jetpack_publicize_connections":[],"jetpack_featured_media_url":"https:\/\/www.hoymercedes.com.ar\/principal\/wp-content\/uploads\/2017\/06\/03-niunamenos-1.jpg","wps_subtitle":"En su tercer a\u00f1o","jetpack_sharing_enabled":true,"_links":{"self":[{"href":"https:\/\/www.hoymercedes.com.ar\/principal\/wp-json\/wp\/v2\/posts\/63469","targetHints":{"allow":["GET"]}}],"collection":[{"href":"https:\/\/www.hoymercedes.com.ar\/principal\/wp-json\/wp\/v2\/posts"}],"about":[{"href":"https:\/\/www.hoymercedes.com.ar\/principal\/wp-json\/wp\/v2\/types\/post"}],"author":[{"embeddable":true,"href":"https:\/\/www.hoymercedes.com.ar\/principal\/wp-json\/wp\/v2\/users\/1"}],"replies":[{"embeddable":true,"href":"https:\/\/www.hoymercedes.com.ar\/principal\/wp-json\/wp\/v2\/comments?post=63469"}],"version-history":[{"count":0,"href":"https:\/\/www.hoymercedes.com.ar\/principal\/wp-json\/wp\/v2\/posts\/63469\/revisions"}],"wp:featuredmedia":[{"embeddable":true,"href":"https:\/\/www.hoymercedes.com.ar\/principal\/wp-json\/wp\/v2\/media\/63470"}],"wp:attachment":[{"href":"https:\/\/www.hoymercedes.com.ar\/principal\/wp-json\/wp\/v2\/media?parent=63469"}],"wp:term":[{"taxonomy":"category","embeddable":true,"href":"https:\/\/www.hoymercedes.com.ar\/principal\/wp-json\/wp\/v2\/categories?post=63469"},{"taxonomy":"post_tag","embeddable":true,"href":"https:\/\/www.hoymercedes.com.ar\/principal\/wp-json\/wp\/v2\/tags?post=63469"}],"curies":[{"name":"wp","href":"https:\/\/api.w.org\/{rel}","templated":true}]}}