{"id":63481,"date":"2017-06-04T21:30:15","date_gmt":"2017-06-05T00:30:15","guid":{"rendered":"http:\/\/www.hoymercedes.com.ar\/principal\/?p=63481"},"modified":"2017-06-05T00:26:07","modified_gmt":"2017-06-05T03:26:07","slug":"diputados-a-la-espera-de-poder-discutir-y-sancionar-una-nueva-ley-de-semillas","status":"publish","type":"post","link":"https:\/\/www.hoymercedes.com.ar\/principal\/2017\/06\/04\/diputados-a-la-espera-de-poder-discutir-y-sancionar-una-nueva-ley-de-semillas\/","title":{"rendered":"Diputados a la espera de poder discutir y sancionar una nueva ley de Semilla"},"content":{"rendered":"<p>Los Diputados Nacional Gilberto Alegre y Carlos Selva fueron parte de la asamblea de CEDASABA. \u201cA Monsanto le conviene que no haya ley\u201d, indic\u00f3 el legislador impulsor de la iniciativa. Afirman que buscan consenso, en este y otros temas, pero el Gobierno no cede.<\/p>\n<p><img loading=\"lazy\" decoding=\"async\" data-attachment-id=\"63482\" data-permalink=\"https:\/\/www.hoymercedes.com.ar\/principal\/2017\/06\/04\/diputados-a-la-espera-de-poder-discutir-y-sancionar-una-nueva-ley-de-semillas\/04-frente-renovador-semillas\/#main\" data-orig-file=\"https:\/\/www.hoymercedes.com.ar\/principal\/wp-content\/uploads\/2017\/06\/04-frente-renovador-semillas.jpg\" data-orig-size=\"512,341\" data-comments-opened=\"0\" data-image-meta=\"{&quot;aperture&quot;:&quot;2&quot;,&quot;credit&quot;:&quot;&quot;,&quot;camera&quot;:&quot;BGH Joy Smart AX&quot;,&quot;caption&quot;:&quot;&quot;,&quot;created_timestamp&quot;:&quot;1039348800&quot;,&quot;copyright&quot;:&quot;&quot;,&quot;focal_length&quot;:&quot;2.93&quot;,&quot;iso&quot;:&quot;100&quot;,&quot;shutter_speed&quot;:&quot;0.029411764705882&quot;,&quot;title&quot;:&quot;&quot;,&quot;orientation&quot;:&quot;0&quot;}\" data-image-title=\"04 frente renovador semillas\" data-image-description=\"\" data-image-caption=\"\" data-large-file=\"https:\/\/www.hoymercedes.com.ar\/principal\/wp-content\/uploads\/2017\/06\/04-frente-renovador-semillas.jpg\" class=\"aligncenter size-full wp-image-63482\" src=\"https:\/\/www.hoymercedes.com.ar\/principal\/wp-content\/uploads\/2017\/06\/04-frente-renovador-semillas.jpg\" alt=\"\" width=\"512\" height=\"341\" srcset=\"https:\/\/www.hoymercedes.com.ar\/principal\/wp-content\/uploads\/2017\/06\/04-frente-renovador-semillas.jpg 512w, https:\/\/www.hoymercedes.com.ar\/principal\/wp-content\/uploads\/2017\/06\/04-frente-renovador-semillas-150x100.jpg 150w, https:\/\/www.hoymercedes.com.ar\/principal\/wp-content\/uploads\/2017\/06\/04-frente-renovador-semillas-300x200.jpg 300w\" sizes=\"auto, (max-width: 512px) 100vw, 512px\" \/><\/p>\n<p>Los diputados Gilberto Alegre y Carlos Selva fueron parte de la Asamblea Anual de CEDASABA (C\u00e1mara Empresaria de Distribuidores de Agroqu\u00edmicos, Semillas y Afines Bonaerense), que se llev\u00f3 a cabo el viernes en Casa An\u00fas, de Mercedes.<\/p>\n<p>Alegre, presidente de la Comisi\u00f3n de Agricultura de la Honorable C\u00e1mara de Diputados de la Naci\u00f3n e impulsor de la ley de semillas, dio una charla en el marco de la Asamblea de CEDASABA e hizo varias consideraciones. Y consultado por los medios brind\u00f3 detalles sobre la actualidad de esta iniciativa: \u201cEl proyecto de ley no le cobra regal\u00edas a las peque\u00f1as producciones ni a las producciones abor\u00edgenes, sino que se cobra al desarrollo tecnol\u00f3gico; al que siembra que pague las semillas\u201d, indic\u00f3 en principio.<\/p>\n<p>\u201cHay dos tipos de semilla: de ma\u00edz y de soja. Para comprar semilla de ma\u00edz tengo que comprar la bolsa todos los a\u00f1os, porque la semilla que da se convierte en grano. El ma\u00edz igual. Pero esas semillas tienen incorporado un desarrollo tecnol\u00f3gico. En el mundo tambi\u00e9n se paga el derecho de propiedad intelectual de estas semillas aut\u00f3gamas. Por eso hace falta una ley, y si no tenemos desarrollo tecnol\u00f3gico propio la tecnolog\u00eda viene de afuera, pero en la Argentina hay mucha gente que trabaja en esto y tenemos que permitir que cobre. El pa\u00eds hace la diferencia con la ciencia y la tecnolog\u00eda, no con la producci\u00f3n de granos. Tenemos que ver como hacemos para producir granos e incorporarle mayor valor agregado. B\u00e9lgica, por ejemplo, produce menos pero tiene m\u00e1s ingresos que nosotros. Ellos no exportan el grano, sino la harina y sus derivados. Lo mismo pasa con Estados Unidos. Y nosotros seguimos vendiendo soja, a China lo \u00fanico que le vendemos es soja, y estamos generando una nueva forma de dependencia\u201d, plante\u00f3 el diputado nacional por el Frente Renovador, Gilberto Alegre, Presidente de la Comisi\u00f3n de Agricultura y oriundo de General Villegas.<\/p>\n<p>En tanto, la Ley de Semillas sigue en la Comisi\u00f3n de Agricultura: \u201cEstamos intentando ver si podemos conseguir un despacho unificado que pueda ser aceptado por todos. Pero hay otros proyectos y el gobierno no est\u00e1 dando aval. Ninguna ley sale si no hay consenso del Ejecutivo\u201d, dijo Alegre.<\/p>\n<p>Por su parte, el diputado Carlos Selva, que es integrante en la Comisi\u00f3n de Econom\u00edas Regionales, valor\u00f3: \u201cEste es un tema complejo y la primera definici\u00f3n genera controversias. La posici\u00f3n de Gilberto Alegre tiene mucho consenso porque ha interpretado los distintos sectores que componen la cadena de generaci\u00f3n y distribuci\u00f3n de semillas. El debate de pensar en tecnolog\u00edas est\u00e1 abierto. La situaci\u00f3n compleja de las econom\u00edas regionales y ver la cantidad de hect\u00e1reas inundadas que tiene Argentina son un tema de fondo. Tenemos que pensar en esto pero no podemos soslayar el avance de la tecnolog\u00eda. Hay que hacer caminos que consoliden una mirada de largo plazo y de desarrollo, no solamente de asistencia a la demanda. Y la C\u00e1mara de Diputados no est\u00e1 pudiendo sacar despachos ya que el bloque oficialista no viene a las comisiones, y lo mismo pasa con el tema de la Marina Mercante y la industria naval. Estamos en un problema grave y complejo de macro econom\u00eda, pero es cierto que el Gobierno no deja claro por qu\u00e9 no avanza en temas que puede resolver\u201d.<\/p>\n<p>En tanto, este a\u00f1o electoral \u201cva a complicar todo\u201d, seg\u00fan el diputado Alegre. \u201cLa C\u00e1mara sesiona con un panorama m\u00e1s acotado de proyectos, los que son m\u00e1s profundos y requieren mayor consideraci\u00f3n no avanzan. Solo van los temas rutinarios, ya que el gobierno no quiere ceder la iniciativa\u201d, indic\u00f3 Alegre. \u201cNo est\u00e1n queriendo tratar el proyecto de Semillas, el de Lecher\u00eda y otros\u201d, afirm\u00f3.<\/p>\n<p>\u201cA Monsanto le conviene que no haya ley, as\u00ed todo el desarrollo tecnol\u00f3gico argentino no puede cobrar. Este tema es muy complicado y no se pueden conseguir consensos, pero la explosi\u00f3n de las tecnolog\u00edas es de estos a\u00f1os. Monsanto est\u00e1 en todo el mundo, la Argentina es el tercer productor mundial de soja y ellos no van a estar afuera de este negocio. Con nuestra extensi\u00f3n territorial cualquier cultivo intensivo tiene mucha demanda y ellos van a estar\u201d, complet\u00f3 Alegre.<\/p>\n<p>&nbsp;<\/p>\n<p>Fuente: web Carlos Selva<\/p>\n","protected":false},"excerpt":{"rendered":"<p>Los Diputados Nacional Gilberto Alegre y Carlos Selva fueron parte de la asamblea de CEDASABA. \u201cA Monsanto le conviene que &#8230; <a title=\"Diputados a la espera de poder discutir y sancionar una nueva ley de Semilla\" class=\"read-more\" href=\"https:\/\/www.hoymercedes.com.ar\/principal\/2017\/06\/04\/diputados-a-la-espera-de-poder-discutir-y-sancionar-una-nueva-ley-de-semillas\/\" aria-label=\"Leer m\u00e1s sobre Diputados a la espera de poder discutir y sancionar una nueva ley de Semilla\">Leer m\u00e1s<\/a><\/p>\n","protected":false},"author":1,"featured_media":63482,"comment_status":"closed","ping_status":"open","sticky":false,"template":"","format":"standard","meta":{"_monsterinsights_skip_tracking":false,"_monsterinsights_sitenote_active":false,"_monsterinsights_sitenote_note":"","_monsterinsights_sitenote_category":0,"jetpack_post_was_ever_published":false,"_jetpack_newsletter_access":"","_jetpack_dont_email_post_to_subs":false,"_jetpack_newsletter_tier_id":0,"_jetpack_memberships_contains_paywalled_content":false,"_jetpack_memberships_contains_paid_content":false,"footnotes":"","jetpack_publicize_message":"","jetpack_publicize_feature_enabled":true,"jetpack_social_post_already_shared":false,"jetpack_social_options":{"image_generator_settings":{"template":"highway","default_image_id":0,"font":"","enabled":false},"version":2},"_wpas_customize_per_network":false},"categories":[5210],"tags":[39,7500,3537,11258,10113],"class_list":["post-63481","post","type-post","status-publish","format-standard","has-post-thumbnail","hentry","category-politica-nacional","tag-carlos-selva","tag-diputado-nacional","tag-frente-renovador","tag-legislacion-nacional","tag-politica-nacional","generate-columns","tablet-grid-50","mobile-grid-100","grid-parent","grid-50"],"jetpack_publicize_connections":[],"jetpack_featured_media_url":"https:\/\/www.hoymercedes.com.ar\/principal\/wp-content\/uploads\/2017\/06\/04-frente-renovador-semillas.jpg","wps_subtitle":"En encuentro de CEDASABA","jetpack_sharing_enabled":true,"_links":{"self":[{"href":"https:\/\/www.hoymercedes.com.ar\/principal\/wp-json\/wp\/v2\/posts\/63481","targetHints":{"allow":["GET"]}}],"collection":[{"href":"https:\/\/www.hoymercedes.com.ar\/principal\/wp-json\/wp\/v2\/posts"}],"about":[{"href":"https:\/\/www.hoymercedes.com.ar\/principal\/wp-json\/wp\/v2\/types\/post"}],"author":[{"embeddable":true,"href":"https:\/\/www.hoymercedes.com.ar\/principal\/wp-json\/wp\/v2\/users\/1"}],"replies":[{"embeddable":true,"href":"https:\/\/www.hoymercedes.com.ar\/principal\/wp-json\/wp\/v2\/comments?post=63481"}],"version-history":[{"count":0,"href":"https:\/\/www.hoymercedes.com.ar\/principal\/wp-json\/wp\/v2\/posts\/63481\/revisions"}],"wp:featuredmedia":[{"embeddable":true,"href":"https:\/\/www.hoymercedes.com.ar\/principal\/wp-json\/wp\/v2\/media\/63482"}],"wp:attachment":[{"href":"https:\/\/www.hoymercedes.com.ar\/principal\/wp-json\/wp\/v2\/media?parent=63481"}],"wp:term":[{"taxonomy":"category","embeddable":true,"href":"https:\/\/www.hoymercedes.com.ar\/principal\/wp-json\/wp\/v2\/categories?post=63481"},{"taxonomy":"post_tag","embeddable":true,"href":"https:\/\/www.hoymercedes.com.ar\/principal\/wp-json\/wp\/v2\/tags?post=63481"}],"curies":[{"name":"wp","href":"https:\/\/api.w.org\/{rel}","templated":true}]}}