{"id":63561,"date":"2017-06-07T17:28:05","date_gmt":"2017-06-07T20:28:05","guid":{"rendered":"http:\/\/www.hoymercedes.com.ar\/principal\/?p=63561"},"modified":"2017-06-07T17:34:48","modified_gmt":"2017-06-07T20:34:48","slug":"ustarroz-en-nuestra-ciudad-estamos-orgullosos-de-los-periodistas-que-tenemos","status":"publish","type":"post","link":"https:\/\/www.hoymercedes.com.ar\/principal\/2017\/06\/07\/ustarroz-en-nuestra-ciudad-estamos-orgullosos-de-los-periodistas-que-tenemos\/","title":{"rendered":"Ustarroz: \u201cen nuestra ciudad estamos orgullosos de los periodistas que tenemos\u201d"},"content":{"rendered":"<p><img loading=\"lazy\" decoding=\"async\" data-attachment-id=\"63562\" data-permalink=\"https:\/\/www.hoymercedes.com.ar\/principal\/2017\/06\/07\/ustarroz-en-nuestra-ciudad-estamos-orgullosos-de-los-periodistas-que-tenemos\/todos\/#main\" data-orig-file=\"https:\/\/www.hoymercedes.com.ar\/principal\/wp-content\/uploads\/2017\/06\/todos.jpg\" data-orig-size=\"883,589\" data-comments-opened=\"0\" data-image-meta=\"{&quot;aperture&quot;:&quot;0&quot;,&quot;credit&quot;:&quot;&quot;,&quot;camera&quot;:&quot;&quot;,&quot;caption&quot;:&quot;&quot;,&quot;created_timestamp&quot;:&quot;0&quot;,&quot;copyright&quot;:&quot;&quot;,&quot;focal_length&quot;:&quot;0&quot;,&quot;iso&quot;:&quot;0&quot;,&quot;shutter_speed&quot;:&quot;0&quot;,&quot;title&quot;:&quot;&quot;,&quot;orientation&quot;:&quot;0&quot;}\" data-image-title=\"todos\" data-image-description=\"\" data-image-caption=\"\" data-large-file=\"https:\/\/www.hoymercedes.com.ar\/principal\/wp-content\/uploads\/2017\/06\/todos.jpg\" class=\"aligncenter size-medium wp-image-63562\" src=\"https:\/\/www.hoymercedes.com.ar\/principal\/wp-content\/uploads\/2017\/06\/todos-630x420.jpg\" alt=\"\" width=\"630\" height=\"420\" srcset=\"https:\/\/www.hoymercedes.com.ar\/principal\/wp-content\/uploads\/2017\/06\/todos-630x420.jpg 630w, https:\/\/www.hoymercedes.com.ar\/principal\/wp-content\/uploads\/2017\/06\/todos-150x100.jpg 150w, https:\/\/www.hoymercedes.com.ar\/principal\/wp-content\/uploads\/2017\/06\/todos-300x200.jpg 300w, https:\/\/www.hoymercedes.com.ar\/principal\/wp-content\/uploads\/2017\/06\/todos.jpg 883w\" sizes=\"auto, (max-width: 630px) 100vw, 630px\" \/><\/p>\n<p>Durante la ma\u00f1ana de este mi\u00e9rcoles se conmemor\u00f3 un nuevo d\u00eda del periodista. Como es habitual se llev\u00f3 a cabo el acto protocolar frente al busto de Mariano Moreno, fundador de la Gazeta de Buenos Aires y considerado hombre fundacional del periodismo en nuestro pa\u00eds. Se colocaron ofrendas florales y tomaron la palabra el intendente Juan Ignacio Ustarroz y Alberto Florela, quien con su programa de radio cumpli\u00f3 20 a\u00f1os ininterrumpidos al aire.<\/p>\n<p>La actividad se realiz\u00f3 en calle 25 y 16 donde se encuentra el busto que recuerda a la figura de Mariano Moreno, hombre clave en La Gazeta de Buenos Aires que fue un peri\u00f3dico escrito en entre 1810 y 1821 con el objetivo inicial de publicitar los actos de gobierno de la Primera Junta. Inicialmente fue redactada por Mariano Moreno con la ayuda del sacerdote Manuel Alberti, y cont\u00f3 tambi\u00e9n con colaboraciones de Manuel Belgrano y Juan Jos\u00e9 Castelli.<\/p>\n<p>Lo primero que se llev\u00f3 a cabo fue la colocaci\u00f3n de ofrendas florales por parte del Ejecutivo, los periodistas con Juan Dagnino y V\u00edctor Poly y el Concejo Deliberante por medio de Mat\u00edas Dematei y Sabrina Selva.<\/p>\n<p><span class=\"embed-youtube\" style=\"text-align:center; display: block;\"><iframe loading=\"lazy\" class=\"youtube-player\" width=\"1200\" height=\"675\" src=\"https:\/\/www.youtube.com\/embed\/q2BDQ44HHtk?version=3&#038;rel=1&#038;showsearch=0&#038;showinfo=1&#038;iv_load_policy=1&#038;fs=1&#038;hl=es-ES&#038;autohide=2&#038;wmode=transparent\" allowfullscreen=\"true\" style=\"border:0;\" sandbox=\"allow-scripts allow-same-origin allow-popups allow-presentation allow-popups-to-escape-sandbox\"><\/iframe><\/span><\/p>\n<p>Alberto Florela, al tomar la palabra y reflexionar en torno a este d\u00eda, record\u00f3 que \u201cel 8 de octubre 1872 aparece La Defensa, un peri\u00f3dico que rescataba todos los aspectos judiciales y ventilaba los aspectos de la informaci\u00f3n de nuestra comunidad mercedina\u201d coment\u00f3 al poner una suerte de inicio del recorrido hist\u00f3rico de nuestra ciudad en el asunto narrando que \u201cel 1874 surge El Pueblo y hoy rescato una publicaci\u00f3n de V\u00edctor Cestari en El Oeste, el matutino m\u00e1s veterano de nuestra ciudad, donde narra que en 1940 y 1950 hab\u00eda 8 publicaciones que cubr\u00edan las instancias informativas de Mercedes y su zona e incluso hubo un peri\u00f3dico que se imprim\u00eda en Chivilcoy que cubr\u00eda tambi\u00e9n a Mercedes y se llamaba La Reforma\u201d.<\/p>\n<p><span class=\"embed-youtube\" style=\"text-align:center; display: block;\"><iframe loading=\"lazy\" class=\"youtube-player\" width=\"1200\" height=\"675\" src=\"https:\/\/www.youtube.com\/embed\/R8FSa5_gVgo?version=3&#038;rel=1&#038;showsearch=0&#038;showinfo=1&#038;iv_load_policy=1&#038;fs=1&#038;hl=es-ES&#038;autohide=2&#038;wmode=transparent\" allowfullscreen=\"true\" style=\"border:0;\" sandbox=\"allow-scripts allow-same-origin allow-popups allow-presentation allow-popups-to-escape-sandbox\"><\/iframe><\/span><\/p>\n<p>M\u00e1s adelante sostuvo que\u00a0 es bueno conocer \u201cla proyecci\u00f3n de nuestra profesi\u00f3n y el compromiso de todos los d\u00edas\u201d ya que \u201ctenemos que informar a la gente la realidad hist\u00f3rica de la realidad mercedina y la historia de doscientos a\u00f1o que tenemos que transmitirle a nuestra comunidad con el compromiso que asumimos todos los d\u00edas, sea escrito, orales o televisivos\u201d, sostuvo el responsable de Fm Meridiano y de su programa insignia, \u201cComunicaci\u00f3n y Vida\u201d que durante este a\u00f1o cumpliera 20 a\u00f1os al aire.<\/p>\n<p>Por su parte, a la hora de tomar la palabra el intendente municipal, Juan Ignacio Ustarroz, sostuvo que \u201cAntes que nada felicitaciones para todos los periodistas y comunicadores de nuestra ciudad, hoy vivimos en un mundo h\u00edper comunicado, conectado y creo que los oficios, las profesiones siempre ennoblecen el \u00e1rea y en este contexto donde la sociedad demanda noticias e informaci\u00f3n el rol de los periodistas es fundamental, porque tiene que ver con la construcci\u00f3n de la verdad, de la informaci\u00f3n y con la construcci\u00f3n\u00a0 del sentido com\u00fan en la ciudadan\u00eda, en nuestra ciudad tenemos una gran variedad de multiplicidad de periodistas todos con la condici\u00f3n de ser hombres y mujeres de trabajo, de esfuerzo y con un compromiso con la verdad\u201d afirm\u00f3 el primer mandatario local.<\/p>\n<p>Ustarroz tambi\u00e9n aprovech\u00f3 para mencionar que este a\u00f1o la prensa cubre, como es habitual, un nuevo proceso electoral y desde el Ejecutivo se convocar\u00e1 a todas las fuerzas para poder contar con una actuaci\u00f3n coordinada, consensuada y arm\u00f3nica, siendo algo que nos beneficiar\u00e1 a todos.<\/p>\n<figure id=\"attachment_63563\" aria-describedby=\"caption-attachment-63563\" style=\"width: 620px\" class=\"wp-caption aligncenter\"><img loading=\"lazy\" decoding=\"async\" data-attachment-id=\"63563\" data-permalink=\"https:\/\/www.hoymercedes.com.ar\/principal\/2017\/06\/07\/ustarroz-en-nuestra-ciudad-estamos-orgullosos-de-los-periodistas-que-tenemos\/selva-dematei\/#main\" data-orig-file=\"https:\/\/www.hoymercedes.com.ar\/principal\/wp-content\/uploads\/2017\/06\/selva-dematei.jpg\" data-orig-size=\"883,589\" data-comments-opened=\"0\" data-image-meta=\"{&quot;aperture&quot;:&quot;0&quot;,&quot;credit&quot;:&quot;&quot;,&quot;camera&quot;:&quot;&quot;,&quot;caption&quot;:&quot;&quot;,&quot;created_timestamp&quot;:&quot;0&quot;,&quot;copyright&quot;:&quot;&quot;,&quot;focal_length&quot;:&quot;0&quot;,&quot;iso&quot;:&quot;0&quot;,&quot;shutter_speed&quot;:&quot;0&quot;,&quot;title&quot;:&quot;&quot;,&quot;orientation&quot;:&quot;0&quot;}\" data-image-title=\"selva-dematei\" data-image-description=\"\" data-image-caption=\"\" data-large-file=\"https:\/\/www.hoymercedes.com.ar\/principal\/wp-content\/uploads\/2017\/06\/selva-dematei.jpg\" class=\"wp-image-63563 size-medium\" src=\"https:\/\/www.hoymercedes.com.ar\/principal\/wp-content\/uploads\/2017\/06\/selva-dematei-630x420.jpg\" alt=\"\" width=\"630\" height=\"420\" srcset=\"https:\/\/www.hoymercedes.com.ar\/principal\/wp-content\/uploads\/2017\/06\/selva-dematei-630x420.jpg 630w, https:\/\/www.hoymercedes.com.ar\/principal\/wp-content\/uploads\/2017\/06\/selva-dematei-150x100.jpg 150w, https:\/\/www.hoymercedes.com.ar\/principal\/wp-content\/uploads\/2017\/06\/selva-dematei-300x200.jpg 300w, https:\/\/www.hoymercedes.com.ar\/principal\/wp-content\/uploads\/2017\/06\/selva-dematei.jpg 883w\" sizes=\"auto, (max-width: 630px) 100vw, 630px\" \/><figcaption id=\"caption-attachment-63563\" class=\"wp-caption-text\">Sabrina Selva y Matias Dematei<\/figcaption><\/figure>\n<p>Destac\u00f3 que \u201cen nuestra ciudad debemos estar orgullosos de los periodistas que tenemos\u201d<\/p>\n<p>Ustarroz tambi\u00e9n tuvo momentos de reflexi\u00f3n e invocaci\u00f3n al compromiso ciudadano que la profesi\u00f3n tiene en su gen, como cuando expres\u00f3 que \u201ccuando uno habla de la comunicaci\u00f3n, hay canales formales e informales, hay mucho anonimato y muchas veces se atenta sobre la verdadera informaci\u00f3n y es ah\u00ed donde tenemos que ir a la fuente, a quien tiene un micr\u00f3fono, a quien escribe y firma una nota para poder informarlo. Creo que es responsabilidad de todos poner en valor el oficio de ustedes para tener una sociedad mejor y tener mejores instituciones, porque desde el anonimato cualquiera puede decir cualquier cosa y puede por lo tanto da\u00f1ar personas, familias e instituciones. Quienes creemos en la pol\u00edtica como herramienta de transformaci\u00f3n, como el lugar donde el pueblo debe decidir los destinos de su ciudad tenemos que apoyar el buen periodismo\u201d sostuvo recordando que \u201cdetr\u00e1s de este gran hombre de nuestra patria Mariano Moreno, intelectual, periodista, un patriota que supo construir y difundir ideas como el plan de operaciones de Mariano Moreno creo que uno hace un llamado a que podamos tener un periodismo m\u00e1s profesional, donde vayan a la fuente, donde pueda desandar los rumores que se buscan instalar con una intencionalidad y hago referencia al \u00faltimo rumor que se plante\u00f3 con respecto al agua, creo que tiene que el comunicador tiene que ser serio, saber cu\u00e1les son las fuentes, cual es el documento cient\u00edfico que avala esto, porque despu\u00e9s se genera un caos, incertidumbre y mucha gente en funci\u00f3n de esa informaci\u00f3n realiza una acci\u00f3n, puede ir i comprar agua mineral cuando el agua que tiene en la casa es potable y apta para el consumo. Este caso en concreto nos da la importancia que tiene la comunicaci\u00f3n\u201d para luego nuevamente destacar que tenemos en Mercedes una calidad informativa y humana como en pocos lados se ve, donde la pasi\u00f3n y la dedicaci\u00f3n son notorias, por eso, antes del cierre repiti\u00f3 y agradeci\u00f3 por todo lo que d\u00eda a d\u00eda dan. \u201cLes deseo un feliz d\u00eda y que puedan seguir todos en este camino que han elegido y lo realizan con tanto esfuerzo\u00bb<\/p>\n<p><img loading=\"lazy\" decoding=\"async\" data-attachment-id=\"63564\" data-permalink=\"https:\/\/www.hoymercedes.com.ar\/principal\/2017\/06\/07\/ustarroz-en-nuestra-ciudad-estamos-orgullosos-de-los-periodistas-que-tenemos\/dagnino-poly\/#main\" data-orig-file=\"https:\/\/www.hoymercedes.com.ar\/principal\/wp-content\/uploads\/2017\/06\/dagnino-poly.jpg\" data-orig-size=\"957,638\" data-comments-opened=\"0\" data-image-meta=\"{&quot;aperture&quot;:&quot;0&quot;,&quot;credit&quot;:&quot;&quot;,&quot;camera&quot;:&quot;&quot;,&quot;caption&quot;:&quot;&quot;,&quot;created_timestamp&quot;:&quot;0&quot;,&quot;copyright&quot;:&quot;&quot;,&quot;focal_length&quot;:&quot;0&quot;,&quot;iso&quot;:&quot;0&quot;,&quot;shutter_speed&quot;:&quot;0&quot;,&quot;title&quot;:&quot;&quot;,&quot;orientation&quot;:&quot;0&quot;}\" data-image-title=\"dagnino-poly\" data-image-description=\"\" data-image-caption=\"\" data-large-file=\"https:\/\/www.hoymercedes.com.ar\/principal\/wp-content\/uploads\/2017\/06\/dagnino-poly.jpg\" class=\"aligncenter size-medium wp-image-63564\" src=\"https:\/\/www.hoymercedes.com.ar\/principal\/wp-content\/uploads\/2017\/06\/dagnino-poly-630x420.jpg\" alt=\"\" width=\"630\" height=\"420\" srcset=\"https:\/\/www.hoymercedes.com.ar\/principal\/wp-content\/uploads\/2017\/06\/dagnino-poly-630x420.jpg 630w, https:\/\/www.hoymercedes.com.ar\/principal\/wp-content\/uploads\/2017\/06\/dagnino-poly-150x100.jpg 150w, https:\/\/www.hoymercedes.com.ar\/principal\/wp-content\/uploads\/2017\/06\/dagnino-poly-300x200.jpg 300w, https:\/\/www.hoymercedes.com.ar\/principal\/wp-content\/uploads\/2017\/06\/dagnino-poly.jpg 957w\" sizes=\"auto, (max-width: 630px) 100vw, 630px\" \/><\/p>\n<p>&nbsp;<\/p>\n<p><span style=\"color: #999999;\">Fuente: Prensa Municipio<\/span><\/p>\n","protected":false},"excerpt":{"rendered":"<p>Durante la ma\u00f1ana de este mi\u00e9rcoles se conmemor\u00f3 un nuevo d\u00eda del periodista. Como es habitual se llev\u00f3 a cabo &#8230; <a title=\"Ustarroz: \u201cen nuestra ciudad estamos orgullosos de los periodistas que tenemos\u201d\" class=\"read-more\" href=\"https:\/\/www.hoymercedes.com.ar\/principal\/2017\/06\/07\/ustarroz-en-nuestra-ciudad-estamos-orgullosos-de-los-periodistas-que-tenemos\/\" aria-label=\"Leer m\u00e1s sobre Ustarroz: \u201cen nuestra ciudad estamos orgullosos de los periodistas que tenemos\u201d\">Leer m\u00e1s<\/a><\/p>\n","protected":false},"author":1,"featured_media":63565,"comment_status":"closed","ping_status":"open","sticky":false,"template":"","format":"standard","meta":{"_monsterinsights_skip_tracking":false,"_monsterinsights_sitenote_active":false,"_monsterinsights_sitenote_note":"","_monsterinsights_sitenote_category":0,"jetpack_post_was_ever_published":false,"_jetpack_newsletter_access":"","_jetpack_dont_email_post_to_subs":false,"_jetpack_newsletter_tier_id":0,"_jetpack_memberships_contains_paywalled_content":false,"_jetpack_memberships_contains_paid_content":false,"footnotes":"","jetpack_publicize_message":"","jetpack_publicize_feature_enabled":true,"jetpack_social_post_already_shared":true,"jetpack_social_options":{"image_generator_settings":{"template":"highway","default_image_id":0,"font":"","enabled":false},"version":2},"_wpas_customize_per_network":false},"categories":[30],"tags":[2325,11297],"class_list":["post-63561","post","type-post","status-publish","format-standard","has-post-thumbnail","hentry","category-municipio","tag-dia-del-periodista","tag-dia-del-periodista-acto-mercedes","generate-columns","tablet-grid-50","mobile-grid-100","grid-parent","grid-50"],"jetpack_publicize_connections":[],"jetpack_featured_media_url":"https:\/\/www.hoymercedes.com.ar\/principal\/wp-content\/uploads\/2017\/06\/ustarroz.jpg","wps_subtitle":"Conmemoraci\u00f3n del d\u00eda del periodista","jetpack_sharing_enabled":true,"_links":{"self":[{"href":"https:\/\/www.hoymercedes.com.ar\/principal\/wp-json\/wp\/v2\/posts\/63561","targetHints":{"allow":["GET"]}}],"collection":[{"href":"https:\/\/www.hoymercedes.com.ar\/principal\/wp-json\/wp\/v2\/posts"}],"about":[{"href":"https:\/\/www.hoymercedes.com.ar\/principal\/wp-json\/wp\/v2\/types\/post"}],"author":[{"embeddable":true,"href":"https:\/\/www.hoymercedes.com.ar\/principal\/wp-json\/wp\/v2\/users\/1"}],"replies":[{"embeddable":true,"href":"https:\/\/www.hoymercedes.com.ar\/principal\/wp-json\/wp\/v2\/comments?post=63561"}],"version-history":[{"count":0,"href":"https:\/\/www.hoymercedes.com.ar\/principal\/wp-json\/wp\/v2\/posts\/63561\/revisions"}],"wp:featuredmedia":[{"embeddable":true,"href":"https:\/\/www.hoymercedes.com.ar\/principal\/wp-json\/wp\/v2\/media\/63565"}],"wp:attachment":[{"href":"https:\/\/www.hoymercedes.com.ar\/principal\/wp-json\/wp\/v2\/media?parent=63561"}],"wp:term":[{"taxonomy":"category","embeddable":true,"href":"https:\/\/www.hoymercedes.com.ar\/principal\/wp-json\/wp\/v2\/categories?post=63561"},{"taxonomy":"post_tag","embeddable":true,"href":"https:\/\/www.hoymercedes.com.ar\/principal\/wp-json\/wp\/v2\/tags?post=63561"}],"curies":[{"name":"wp","href":"https:\/\/api.w.org\/{rel}","templated":true}]}}