{"id":63577,"date":"2017-06-08T07:00:19","date_gmt":"2017-06-08T10:00:19","guid":{"rendered":"http:\/\/www.hoymercedes.com.ar\/principal\/?p=63577"},"modified":"2017-06-07T23:25:59","modified_gmt":"2017-06-08T02:25:59","slug":"lucas-biglia-seria-titular-en-el-de-sampaoli","status":"publish","type":"post","link":"https:\/\/www.hoymercedes.com.ar\/principal\/2017\/06\/08\/lucas-biglia-seria-titular-en-el-de-sampaoli\/","title":{"rendered":"Lucas Biglia ser\u00eda titular en el de Sampaoli"},"content":{"rendered":"<p><strong>Diario Los Andes. <em>En su tercer d\u00eda de entrenamientos en Melbourne, el DT Jorge Sampaoli prepar\u00f3 un esquema de neto ofensivo en la Selecci\u00f3n para el juego del viernes pr\u00f3ximo contra Brasil.<\/em><\/strong><\/p>\n<p><img loading=\"lazy\" decoding=\"async\" data-attachment-id=\"63582\" data-permalink=\"https:\/\/www.hoymercedes.com.ar\/principal\/2017\/06\/08\/lucas-biglia-seria-titular-en-el-de-sampaoli\/seleccion-sampaoli\/#main\" data-orig-file=\"https:\/\/www.hoymercedes.com.ar\/principal\/wp-content\/uploads\/2017\/06\/Seleccion-Sampaoli.jpg\" data-orig-size=\"1000,660\" data-comments-opened=\"0\" data-image-meta=\"{&quot;aperture&quot;:&quot;0&quot;,&quot;credit&quot;:&quot;&quot;,&quot;camera&quot;:&quot;&quot;,&quot;caption&quot;:&quot;&quot;,&quot;created_timestamp&quot;:&quot;0&quot;,&quot;copyright&quot;:&quot;&quot;,&quot;focal_length&quot;:&quot;0&quot;,&quot;iso&quot;:&quot;0&quot;,&quot;shutter_speed&quot;:&quot;0&quot;,&quot;title&quot;:&quot;&quot;,&quot;orientation&quot;:&quot;0&quot;}\" data-image-title=\"Seleccion Sampaoli\" data-image-description=\"\" data-image-caption=\"\" data-large-file=\"https:\/\/www.hoymercedes.com.ar\/principal\/wp-content\/uploads\/2017\/06\/Seleccion-Sampaoli.jpg\" class=\"aligncenter size-medium wp-image-63582\" src=\"https:\/\/www.hoymercedes.com.ar\/principal\/wp-content\/uploads\/2017\/06\/Seleccion-Sampaoli-630x416.jpg\" alt=\"\" width=\"630\" height=\"416\" srcset=\"https:\/\/www.hoymercedes.com.ar\/principal\/wp-content\/uploads\/2017\/06\/Seleccion-Sampaoli-630x416.jpg 630w, https:\/\/www.hoymercedes.com.ar\/principal\/wp-content\/uploads\/2017\/06\/Seleccion-Sampaoli-150x99.jpg 150w, https:\/\/www.hoymercedes.com.ar\/principal\/wp-content\/uploads\/2017\/06\/Seleccion-Sampaoli.jpg 1000w\" sizes=\"auto, (max-width: 630px) 100vw, 630px\" \/><\/p>\n<p>La formaci\u00f3n ideada por el entrenador fue la siguiente: <em>Romero; Mercado, Mammana, Otamendi; Salvio, Biglia, Banega, Di Mar\u00eda; Messi, Dybala; Higua\u00edn<\/em>.<\/p>\n<div id=\"hybs-slot-6930a13d\" class=\"hybs-slot\">\n<div id=\"hybs-container-1\" class=\"hybs-container\">\n<div id=\"hybs-container-inside-1\" class=\"hybs-container-inside\">\n<div id=\"hybs-container-pusher-1\" class=\"hybs-container-pusher\">Se desprende que el movimiento colectivo del conjunto deber\u00e1 ser constante en todas las l\u00edneas, ya que atr\u00e1s hubo una\u00a0l\u00ednea de tres y s\u00f3lo Lucas Biglia apareci\u00f3\u00a0como volante defensivo.<\/div>\n<\/div>\n<\/div>\n<\/div>\n<p>En las bandas,<em> Toto<\/em> Salvio circul\u00f3 por la derecha y \u00c1ngel Di Mar\u00eda por la izquierda. Ever Banega lo hizo como doble cinco adelantado. Delante de la l\u00ednea de mediocampistas se movieron Leo Messi y Paulo Dybala, con Gonzalo Higuain como descarga en punta.<\/p>\n<p>En el Melbourne City Academy el delantero Mauro Icardi sigui\u00f3 trabajando aparte y por momentos estuvo junto al fisioterapeuta Marcelo D&#8217;Andrea.<\/p>\n<p>Sampaoli reci\u00e9n en la pr\u00e1ctica del mi\u00e9rcoles australiano podr\u00e1 tener a todo el plantel de 26 futbolistas.<\/p>\n<p>Se sum\u00f3 el defensor Nicol\u00e1s Tagliafico, quien viaj\u00f3 junto al gerente Omar Souto en un vuelo transpolar.<\/p>\n<p>Pese a partir despu\u00e9s llegaron antes que los otros cinco futbolistas del medio local, los de River Lucas Alario, Jonatan Maidana e Ignacio Fern\u00e1ndez, Marcos Acu\u00f1a, de Racing, y Jos\u00e9 Luis G\u00f3mez, de Lan\u00fas, quienes tuvieron un largu\u00edsimo viaje con escala en Dubai y dedicaron las primeras horas en Australia para descanar.<\/p>\n<p>El partido ante Brasil se jugar\u00e1 el viernes a las 7.05 en el Melbourne Cricket Ground.<\/p>\n","protected":false},"excerpt":{"rendered":"<p>Diario Los Andes. En su tercer d\u00eda de entrenamientos en Melbourne, el DT Jorge Sampaoli prepar\u00f3 un esquema de neto &#8230; <a title=\"Lucas Biglia ser\u00eda titular en el de Sampaoli\" class=\"read-more\" href=\"https:\/\/www.hoymercedes.com.ar\/principal\/2017\/06\/08\/lucas-biglia-seria-titular-en-el-de-sampaoli\/\" aria-label=\"Leer m\u00e1s sobre Lucas Biglia ser\u00eda titular en el de Sampaoli\">Leer m\u00e1s<\/a><\/p>\n","protected":false},"author":1,"featured_media":63582,"comment_status":"closed","ping_status":"open","sticky":false,"template":"","format":"standard","meta":{"_monsterinsights_skip_tracking":false,"_monsterinsights_sitenote_active":false,"_monsterinsights_sitenote_note":"","_monsterinsights_sitenote_category":0,"jetpack_post_was_ever_published":false,"_jetpack_newsletter_access":"","_jetpack_dont_email_post_to_subs":false,"_jetpack_newsletter_tier_id":0,"_jetpack_memberships_contains_paywalled_content":false,"_jetpack_memberships_contains_paid_content":false,"footnotes":"","jetpack_publicize_message":"","jetpack_publicize_feature_enabled":true,"jetpack_social_post_already_shared":true,"jetpack_social_options":{"image_generator_settings":{"template":"highway","default_image_id":0,"font":"","enabled":false},"version":2},"_wpas_customize_per_network":false},"categories":[21],"tags":[204,1003,7582,305,10,459],"class_list":["post-63577","post","type-post","status-publish","format-standard","has-post-thumbnail","hentry","category-deportes","tag-deportes-2","tag-futbol","tag-la-legion","tag-lucas-biglia","tag-mercedes","tag-seleccion-argentina","generate-columns","tablet-grid-50","mobile-grid-100","grid-parent","grid-50"],"jetpack_publicize_connections":[],"jetpack_featured_media_url":"https:\/\/www.hoymercedes.com.ar\/principal\/wp-content\/uploads\/2017\/06\/Seleccion-Sampaoli.jpg","wps_subtitle":"La Legi\u00f3n","jetpack_sharing_enabled":true,"_links":{"self":[{"href":"https:\/\/www.hoymercedes.com.ar\/principal\/wp-json\/wp\/v2\/posts\/63577","targetHints":{"allow":["GET"]}}],"collection":[{"href":"https:\/\/www.hoymercedes.com.ar\/principal\/wp-json\/wp\/v2\/posts"}],"about":[{"href":"https:\/\/www.hoymercedes.com.ar\/principal\/wp-json\/wp\/v2\/types\/post"}],"author":[{"embeddable":true,"href":"https:\/\/www.hoymercedes.com.ar\/principal\/wp-json\/wp\/v2\/users\/1"}],"replies":[{"embeddable":true,"href":"https:\/\/www.hoymercedes.com.ar\/principal\/wp-json\/wp\/v2\/comments?post=63577"}],"version-history":[{"count":0,"href":"https:\/\/www.hoymercedes.com.ar\/principal\/wp-json\/wp\/v2\/posts\/63577\/revisions"}],"wp:featuredmedia":[{"embeddable":true,"href":"https:\/\/www.hoymercedes.com.ar\/principal\/wp-json\/wp\/v2\/media\/63582"}],"wp:attachment":[{"href":"https:\/\/www.hoymercedes.com.ar\/principal\/wp-json\/wp\/v2\/media?parent=63577"}],"wp:term":[{"taxonomy":"category","embeddable":true,"href":"https:\/\/www.hoymercedes.com.ar\/principal\/wp-json\/wp\/v2\/categories?post=63577"},{"taxonomy":"post_tag","embeddable":true,"href":"https:\/\/www.hoymercedes.com.ar\/principal\/wp-json\/wp\/v2\/tags?post=63577"}],"curies":[{"name":"wp","href":"https:\/\/api.w.org\/{rel}","templated":true}]}}