{"id":63631,"date":"2017-06-08T15:14:07","date_gmt":"2017-06-08T18:14:07","guid":{"rendered":"http:\/\/www.hoymercedes.com.ar\/principal\/?p=63631"},"modified":"2017-06-08T14:41:08","modified_gmt":"2017-06-08T17:41:08","slug":"las-estrellas-amarillas-difunden-la-transformacion-de-su-dolor-en-amor","status":"publish","type":"post","link":"https:\/\/www.hoymercedes.com.ar\/principal\/2017\/06\/08\/las-estrellas-amarillas-difunden-la-transformacion-de-su-dolor-en-amor\/","title":{"rendered":"Las Estrellas Amarillas difunden la transformaci\u00f3n de su dolor en amor"},"content":{"rendered":"<p>El 10 de junio es el D\u00eda de la Seguridad Vial. Un d\u00eda dedicado a\u00a0promover la educaci\u00f3n vial como estrategia para reducir los siniestros viales. Tomando este objetivo, el grupo Estrellas Amarillas Mercedes, llevar\u00e1 adelante una acci\u00f3n de difusi\u00f3n y concientizaci\u00f3n el s\u00e1bado 10, de 14 a 16 horas en la Plaza San Luis.<\/p>\n<p>\u00abCuando un grupo de corazones que tienen un mismo fin se unen, se pueden hacer bell\u00edsimas acciones que salen desde lo mas profundo de nosotros. Por nuestros seres queridos que hoy no est\u00e1n f\u00edsicamente, pero acompa\u00f1an cada d\u00eda, hacemos esto. Somos familiares y amigos. Somos Estrellas Amarillas Mercedes. Queremos transformar el dolor en amor\u00bb, cuentan desde el grupo creado hace un a\u00f1o.<\/p>\n<p>Este s\u00e1bado 10, en la Plaza San Luis estar\u00e1n all\u00ed entregando volante, concientizando en materia de seguridad vial, har\u00e1n una suelta de globo. y como el lema de la organizaci\u00f3n es \u00abtransformar el dolor en amor\u00bb invitan a la comunidad toda a compartir unos mates, pasear y sumarse a la toma de conciencia tom\u00e1ndose una fotograf\u00eda para la campa\u00f1a que propone \u00abNo M\u00e1s Violencia Vial\u00bb.<\/p>\n<p>Desde Estrellas Amarillas Mercedes adelantaron que pr\u00f3ximamente se construir\u00e1 en la Plaza San Luis un monumento que recuerde a las v\u00edctimas de siniestros viales. El lugar elegido ser\u00eda cercano al monumento que homenajea a los Bomberos Voluntarios porque ser ellos los que \u00abmuchas veces socorren a las v\u00edctimas de siniestros viales\u00bb<\/p>\n<p>&nbsp;<\/p>\n<p>&nbsp;<\/p>\n","protected":false},"excerpt":{"rendered":"<p>El 10 de junio es el D\u00eda de la Seguridad Vial. Un d\u00eda dedicado a\u00a0promover la educaci\u00f3n vial como estrategia &#8230; <a title=\"Las Estrellas Amarillas difunden la transformaci\u00f3n de su dolor en amor\" class=\"read-more\" href=\"https:\/\/www.hoymercedes.com.ar\/principal\/2017\/06\/08\/las-estrellas-amarillas-difunden-la-transformacion-de-su-dolor-en-amor\/\" aria-label=\"Leer m\u00e1s sobre Las Estrellas Amarillas difunden la transformaci\u00f3n de su dolor en amor\">Leer m\u00e1s<\/a><\/p>\n","protected":false},"author":1,"featured_media":63244,"comment_status":"closed","ping_status":"open","sticky":false,"template":"","format":"standard","meta":{"_monsterinsights_skip_tracking":false,"_monsterinsights_sitenote_active":false,"_monsterinsights_sitenote_note":"","_monsterinsights_sitenote_category":0,"jetpack_post_was_ever_published":false,"_jetpack_newsletter_access":"","_jetpack_dont_email_post_to_subs":false,"_jetpack_newsletter_tier_id":0,"_jetpack_memberships_contains_paywalled_content":false,"_jetpack_memberships_contains_paid_content":false,"footnotes":"","jetpack_publicize_message":"","jetpack_publicize_feature_enabled":true,"jetpack_social_post_already_shared":true,"jetpack_social_options":{"image_generator_settings":{"template":"highway","default_image_id":0,"font":"","enabled":false},"version":2},"_wpas_customize_per_network":false},"categories":[5485,8],"tags":[11302,9451,10,5907],"class_list":["post-63631","post","type-post","status-publish","format-standard","has-post-thumbnail","hentry","category-comunidad","category-sociedad","tag-concientisacion","tag-estrellas-amarillas","tag-mercedes","tag-transito","generate-columns","tablet-grid-50","mobile-grid-100","grid-parent","grid-50"],"jetpack_publicize_connections":[],"jetpack_featured_media_url":"https:\/\/www.hoymercedes.com.ar\/principal\/wp-content\/uploads\/2017\/05\/29-estrella-amarilla.jpg","wps_subtitle":"En su primer a\u00f1o","jetpack_sharing_enabled":true,"_links":{"self":[{"href":"https:\/\/www.hoymercedes.com.ar\/principal\/wp-json\/wp\/v2\/posts\/63631","targetHints":{"allow":["GET"]}}],"collection":[{"href":"https:\/\/www.hoymercedes.com.ar\/principal\/wp-json\/wp\/v2\/posts"}],"about":[{"href":"https:\/\/www.hoymercedes.com.ar\/principal\/wp-json\/wp\/v2\/types\/post"}],"author":[{"embeddable":true,"href":"https:\/\/www.hoymercedes.com.ar\/principal\/wp-json\/wp\/v2\/users\/1"}],"replies":[{"embeddable":true,"href":"https:\/\/www.hoymercedes.com.ar\/principal\/wp-json\/wp\/v2\/comments?post=63631"}],"version-history":[{"count":0,"href":"https:\/\/www.hoymercedes.com.ar\/principal\/wp-json\/wp\/v2\/posts\/63631\/revisions"}],"wp:featuredmedia":[{"embeddable":true,"href":"https:\/\/www.hoymercedes.com.ar\/principal\/wp-json\/wp\/v2\/media\/63244"}],"wp:attachment":[{"href":"https:\/\/www.hoymercedes.com.ar\/principal\/wp-json\/wp\/v2\/media?parent=63631"}],"wp:term":[{"taxonomy":"category","embeddable":true,"href":"https:\/\/www.hoymercedes.com.ar\/principal\/wp-json\/wp\/v2\/categories?post=63631"},{"taxonomy":"post_tag","embeddable":true,"href":"https:\/\/www.hoymercedes.com.ar\/principal\/wp-json\/wp\/v2\/tags?post=63631"}],"curies":[{"name":"wp","href":"https:\/\/api.w.org\/{rel}","templated":true}]}}