{"id":63673,"date":"2017-06-10T13:17:19","date_gmt":"2017-06-10T16:17:19","guid":{"rendered":"http:\/\/www.hoymercedes.com.ar\/principal\/?p=63673"},"modified":"2017-06-09T23:41:07","modified_gmt":"2017-06-10T02:41:07","slug":"inauguran-nuevo-centro-de-proteccion-integral","status":"publish","type":"post","link":"https:\/\/www.hoymercedes.com.ar\/principal\/2017\/06\/10\/inauguran-nuevo-centro-de-proteccion-integral\/","title":{"rendered":"Inauguran nuevo Centro de Protecci\u00f3n Integral"},"content":{"rendered":"<p>Nuevo centro de monitoreo, m\u00e1s c\u00e1maras, GPS, data center, lector de patente, bot\u00f3n anti p\u00e1nico, mapas online, \u00a0algunas de las notorias mejoras efectuadas para la puesta en marcha del \u201cCentro de Protecci\u00f3n Integral\u201d de Mercedes.\u00a0La inversi\u00f3n realizada alcanz\u00f3 los $4.500.000 de pesos e incluye mejoras edilicias y tecnol\u00f3gicas con est\u00e1ndares internacionales.<\/p>\n<p><img loading=\"lazy\" decoding=\"async\" data-attachment-id=\"63674\" data-permalink=\"https:\/\/www.hoymercedes.com.ar\/principal\/2017\/06\/10\/inauguran-nuevo-centro-de-proteccion-integral\/10-muni-monitoreo-1\/#main\" data-orig-file=\"https:\/\/www.hoymercedes.com.ar\/principal\/wp-content\/uploads\/2017\/06\/10-muni-monitoreo-1.jpg\" data-orig-size=\"630,420\" data-comments-opened=\"0\" data-image-meta=\"{&quot;aperture&quot;:&quot;5.6&quot;,&quot;credit&quot;:&quot;SEBASTIANAMBROSSIO&quot;,&quot;camera&quot;:&quot;&quot;,&quot;caption&quot;:&quot;&quot;,&quot;created_timestamp&quot;:&quot;0&quot;,&quot;copyright&quot;:&quot;SebastianAmbrossio&quot;,&quot;focal_length&quot;:&quot;70&quot;,&quot;iso&quot;:&quot;0&quot;,&quot;shutter_speed&quot;:&quot;0.016666666666667&quot;,&quot;title&quot;:&quot;&quot;,&quot;orientation&quot;:&quot;1&quot;}\" data-image-title=\"10 muni monitoreo 1\" data-image-description=\"\" data-image-caption=\"\" data-large-file=\"https:\/\/www.hoymercedes.com.ar\/principal\/wp-content\/uploads\/2017\/06\/10-muni-monitoreo-1.jpg\" class=\"aligncenter size-medium wp-image-63674\" src=\"https:\/\/www.hoymercedes.com.ar\/principal\/wp-content\/uploads\/2017\/06\/10-muni-monitoreo-1-630x420.jpg\" alt=\"\" width=\"630\" height=\"420\" srcset=\"https:\/\/www.hoymercedes.com.ar\/principal\/wp-content\/uploads\/2017\/06\/10-muni-monitoreo-1.jpg 630w, https:\/\/www.hoymercedes.com.ar\/principal\/wp-content\/uploads\/2017\/06\/10-muni-monitoreo-1-150x100.jpg 150w, https:\/\/www.hoymercedes.com.ar\/principal\/wp-content\/uploads\/2017\/06\/10-muni-monitoreo-1-300x200.jpg 300w\" sizes=\"auto, (max-width: 630px) 100vw, 630px\" \/><\/p>\n<p>De manera p\u00fablica se present\u00f3 e inaugur\u00f3 el nuevo Centro de Protecci\u00f3n Integral con la Presencia del Jefe Comunal Juan Ignacio Ustarroz y la Secretaria de Control Urbano, Josefina Kelly. En dicho marco, la funcionaria\u00a0sintetiz\u00f3 el a\u00f1o de trabajo para reorganizar el centro de monitoreo y prestarle mayor tecnolog\u00eda que redunda en mayor seguridad para los vecinos.<\/p>\n<p>\u201cSe adquirieron 20 domos, 30 c\u00e1maras, y se inicia ahora la segunda etapa para comprar otros 20 domos m\u00e1s. Este Centro de Protecci\u00f3n Integral incluye el sistema de GPS de seguimiento de los m\u00f3viles con presencia policial constante en este lugar donde tras un aviso al 911 podremos saber d\u00f3nde est\u00e1, cuales son las cuadr\u00edculas, tanto de la Polic\u00eda Comunal como Local, los botones de p\u00e1nico que se adquirieron no s\u00f3lo para los casos de violencias de g\u00e9nero, que es para lo que m\u00e1s se necesita, sino tambi\u00e9n para aquellos casos con alguna presunci\u00f3n de delito en tema sexual\u201d, explic\u00f3 Kelly.<\/p>\n<p>\u201cHoy ponemos en marcha un centro de monitorio, integral, que es modelo en la regi\u00f3n y es en funci\u00f3n de la inversi\u00f3n en tecnolog\u00eda donde en materia de seguridad entendemos es muy importante. El municipio de Mercedes en el a\u00f1o 2016 fue el primero en la Provincia de Buenos Aires en presentar un plan integral de seguridad. Se trabaj\u00f3 mucho en la proyecci\u00f3n de qu\u00e9 tipo de seguridad quer\u00edamos para la ciudad. Se reforz\u00f3 la prevenci\u00f3n, pero tambi\u00e9n se reforz\u00f3 el aporte de pruebas de los delitos. Estas herramientas son fundamentales\u201d, dijo Ustarroz, rescatando que \u00abes un avance muy grande porque es una inversi\u00f3n de m\u00e1s de $4.500.000 de pesos que se hace en infraestructura\u201d.<\/p>\n<p>Ezequiel Russo, responsable de Modernizaci\u00f3n del Estado, aprovech\u00f3 la oportunidad para mostrar en una sala contigua a la de monitoreo el \u00e1rea de data center. \u201cAc\u00e1 hay una gran inversi\u00f3n. Es donde se procesa toda la informaci\u00f3n de las c\u00e1maras y dem\u00e1s sensores. Es un data center aut\u00f3nomo; resiste el corte del suministro el\u00e9ctrico ante lo cual el monitoreo de las c\u00e1maras sigue. Tambi\u00e9n procesamos el LPR, es decir, el reconocimiento de las patentes que ingresan a la ciudad, siendo escaneados y se toma un registro de ingresos y egresos, a futuro nos permitir\u00e1 estar conectados con la provincia y si aparece un dominio robado sabremos inmediatamente\u201d, explic\u00f3 el funcionario.<\/p>\n<p>El plan integral incluy\u00f3 toda la re edificaci\u00f3n el espacio de trabajo, con mobiliario, piso seg\u00fan normas de seguridad, nueva pared de grandes monitorios denominado \u201cvideowall\u201d y respetando est\u00e1ndares internacionales. La proyecci\u00f3n es arribar a las 150 c\u00e1maras con las compradas y las 85 funcionando. Se colocaron GPS a los m\u00f3viles policiales dando geolocalizaci\u00f3n y observando el funcionamiento de las cuadr\u00edculas. Se sumaron servidores, control de acceso biom\u00e9trico de personal s\u00f3lo autorizado al \u00e1rea. Botones antip\u00e1tico. 17 lectores de patentes que progresivamente se est\u00e1n poniendo en marca. La inversi\u00f3n en edificio y tecnolog\u00eda fue la m\u00e1s grande realizada hasta ahora.<\/p>\n<p>&nbsp;<\/p>\n<p>&nbsp;<\/p>\n<p>Fuente: Prensa Municipal<\/p>\n<p><img loading=\"lazy\" decoding=\"async\" data-attachment-id=\"63675\" data-permalink=\"https:\/\/www.hoymercedes.com.ar\/principal\/2017\/06\/10\/inauguran-nuevo-centro-de-proteccion-integral\/10-muni-monitoreo-2\/#main\" data-orig-file=\"https:\/\/www.hoymercedes.com.ar\/principal\/wp-content\/uploads\/2017\/06\/10-muni-monitoreo-2.jpg\" data-orig-size=\"630,420\" data-comments-opened=\"0\" data-image-meta=\"{&quot;aperture&quot;:&quot;3.5&quot;,&quot;credit&quot;:&quot;SEBASTIANAMBROSSIO&quot;,&quot;camera&quot;:&quot;&quot;,&quot;caption&quot;:&quot;&quot;,&quot;created_timestamp&quot;:&quot;0&quot;,&quot;copyright&quot;:&quot;SebastianAmbrossio&quot;,&quot;focal_length&quot;:&quot;24&quot;,&quot;iso&quot;:&quot;0&quot;,&quot;shutter_speed&quot;:&quot;0.008&quot;,&quot;title&quot;:&quot;&quot;,&quot;orientation&quot;:&quot;1&quot;}\" data-image-title=\"Centro de Monitoreo Mercedes\" data-image-description=\"&lt;p&gt;Centro de Monitoreo Mercedes&lt;\/p&gt;\n\" data-image-caption=\"&lt;p&gt;Centro de Monitoreo Mercedes&lt;\/p&gt;\n\" data-large-file=\"https:\/\/www.hoymercedes.com.ar\/principal\/wp-content\/uploads\/2017\/06\/10-muni-monitoreo-2.jpg\" class=\"aligncenter size-medium wp-image-63675\" src=\"https:\/\/www.hoymercedes.com.ar\/principal\/wp-content\/uploads\/2017\/06\/10-muni-monitoreo-2-630x420.jpg\" alt=\"\" width=\"630\" height=\"420\" srcset=\"https:\/\/www.hoymercedes.com.ar\/principal\/wp-content\/uploads\/2017\/06\/10-muni-monitoreo-2.jpg 630w, https:\/\/www.hoymercedes.com.ar\/principal\/wp-content\/uploads\/2017\/06\/10-muni-monitoreo-2-150x100.jpg 150w, https:\/\/www.hoymercedes.com.ar\/principal\/wp-content\/uploads\/2017\/06\/10-muni-monitoreo-2-300x200.jpg 300w\" sizes=\"auto, (max-width: 630px) 100vw, 630px\" \/><\/p>\n","protected":false},"excerpt":{"rendered":"<p>Nuevo centro de monitoreo, m\u00e1s c\u00e1maras, GPS, data center, lector de patente, bot\u00f3n anti p\u00e1nico, mapas online, \u00a0algunas de las &#8230; <a title=\"Inauguran nuevo Centro de Protecci\u00f3n Integral\" class=\"read-more\" href=\"https:\/\/www.hoymercedes.com.ar\/principal\/2017\/06\/10\/inauguran-nuevo-centro-de-proteccion-integral\/\" aria-label=\"Leer m\u00e1s sobre Inauguran nuevo Centro de Protecci\u00f3n Integral\">Leer m\u00e1s<\/a><\/p>\n","protected":false},"author":1,"featured_media":63675,"comment_status":"closed","ping_status":"open","sticky":false,"template":"","format":"standard","meta":{"_monsterinsights_skip_tracking":false,"_monsterinsights_sitenote_active":false,"_monsterinsights_sitenote_note":"","_monsterinsights_sitenote_category":0,"jetpack_post_was_ever_published":false,"_jetpack_newsletter_access":"","_jetpack_dont_email_post_to_subs":false,"_jetpack_newsletter_tier_id":0,"_jetpack_memberships_contains_paywalled_content":false,"_jetpack_memberships_contains_paid_content":false,"footnotes":"","jetpack_publicize_message":"","jetpack_publicize_feature_enabled":true,"jetpack_social_post_already_shared":true,"jetpack_social_options":{"image_generator_settings":{"template":"highway","default_image_id":0,"font":"","enabled":false},"version":2},"_wpas_customize_per_network":false},"categories":[30],"tags":[11000,1616,10,244,802],"class_list":["post-63673","post","type-post","status-publish","format-standard","has-post-thumbnail","hentry","category-municipio","tag-centro-de-monitoreo","tag-control-urbano","tag-mercedes","tag-municipio-2","tag-seguridad","generate-columns","tablet-grid-50","mobile-grid-100","grid-parent","grid-50"],"jetpack_publicize_connections":[],"jetpack_featured_media_url":"https:\/\/www.hoymercedes.com.ar\/principal\/wp-content\/uploads\/2017\/06\/10-muni-monitoreo-2.jpg","wps_subtitle":"Prevenci\u00f3n del delito","jetpack_sharing_enabled":true,"_links":{"self":[{"href":"https:\/\/www.hoymercedes.com.ar\/principal\/wp-json\/wp\/v2\/posts\/63673","targetHints":{"allow":["GET"]}}],"collection":[{"href":"https:\/\/www.hoymercedes.com.ar\/principal\/wp-json\/wp\/v2\/posts"}],"about":[{"href":"https:\/\/www.hoymercedes.com.ar\/principal\/wp-json\/wp\/v2\/types\/post"}],"author":[{"embeddable":true,"href":"https:\/\/www.hoymercedes.com.ar\/principal\/wp-json\/wp\/v2\/users\/1"}],"replies":[{"embeddable":true,"href":"https:\/\/www.hoymercedes.com.ar\/principal\/wp-json\/wp\/v2\/comments?post=63673"}],"version-history":[{"count":0,"href":"https:\/\/www.hoymercedes.com.ar\/principal\/wp-json\/wp\/v2\/posts\/63673\/revisions"}],"wp:featuredmedia":[{"embeddable":true,"href":"https:\/\/www.hoymercedes.com.ar\/principal\/wp-json\/wp\/v2\/media\/63675"}],"wp:attachment":[{"href":"https:\/\/www.hoymercedes.com.ar\/principal\/wp-json\/wp\/v2\/media?parent=63673"}],"wp:term":[{"taxonomy":"category","embeddable":true,"href":"https:\/\/www.hoymercedes.com.ar\/principal\/wp-json\/wp\/v2\/categories?post=63673"},{"taxonomy":"post_tag","embeddable":true,"href":"https:\/\/www.hoymercedes.com.ar\/principal\/wp-json\/wp\/v2\/tags?post=63673"}],"curies":[{"name":"wp","href":"https:\/\/api.w.org\/{rel}","templated":true}]}}