{"id":63694,"date":"2017-06-11T14:06:44","date_gmt":"2017-06-11T17:06:44","guid":{"rendered":"http:\/\/www.hoymercedes.com.ar\/principal\/?p=63694"},"modified":"2017-06-11T12:20:18","modified_gmt":"2017-06-11T15:20:18","slug":"confirmaron-el-jurado-para-el-salon-de-pintura-2017","status":"publish","type":"post","link":"https:\/\/www.hoymercedes.com.ar\/principal\/2017\/06\/11\/confirmaron-el-jurado-para-el-salon-de-pintura-2017\/","title":{"rendered":"Confirmaron el jurado para el Sal\u00f3n de Pintura 2017"},"content":{"rendered":"<p>Este jueves 15 de junio vence el plazo para presentar las pinturas que participen del 14\u00ba Sal\u00f3n de Pintura \u00abCiudad de Mercedes\u00bb. Es que al d\u00eda siguiente, actuar\u00e1 el jurado en el Museo de Arte \u00abMunicipalidad de Mercedes\u00bb. Jurado ya se dio a conocer por parte de la Direcci\u00f3n de Cultura y el MAMM. Se trata de\u00a0na Aldaburu,\u00a0Mar\u00eda Fernanda Arroquy y Miguel Ronsino.<\/p>\n<p><img loading=\"lazy\" decoding=\"async\" data-attachment-id=\"51464\" data-permalink=\"https:\/\/www.hoymercedes.com.ar\/principal\/2016\/06\/18\/marcela-cueto-gano-el-salon-de-pinturas-de-mercedes\/18-salon-pintura-12\/#main\" data-orig-file=\"https:\/\/www.hoymercedes.com.ar\/principal\/wp-content\/uploads\/2016\/06\/18-salon-pintura-12.jpg\" data-orig-size=\"448,299\" data-comments-opened=\"1\" data-image-meta=\"{&quot;aperture&quot;:&quot;3.5&quot;,&quot;credit&quot;:&quot;&quot;,&quot;camera&quot;:&quot;NIKON D3100&quot;,&quot;caption&quot;:&quot;????????????????????????????????????&quot;,&quot;created_timestamp&quot;:&quot;1466279443&quot;,&quot;copyright&quot;:&quot;&quot;,&quot;focal_length&quot;:&quot;18&quot;,&quot;iso&quot;:&quot;2500&quot;,&quot;shutter_speed&quot;:&quot;0.016666666666667&quot;,&quot;title&quot;:&quot;&quot;,&quot;orientation&quot;:&quot;1&quot;}\" data-image-title=\"18 salon pintura 12\" data-image-description=\"\" data-image-caption=\"\" data-large-file=\"https:\/\/www.hoymercedes.com.ar\/principal\/wp-content\/uploads\/2016\/06\/18-salon-pintura-12.jpg\" class=\"aligncenter size-full wp-image-51464\" src=\"https:\/\/www.hoymercedes.com.ar\/principal\/wp-content\/uploads\/2016\/06\/18-salon-pintura-12.jpg\" alt=\"\" width=\"448\" height=\"299\" srcset=\"https:\/\/www.hoymercedes.com.ar\/principal\/wp-content\/uploads\/2016\/06\/18-salon-pintura-12.jpg 448w, https:\/\/www.hoymercedes.com.ar\/principal\/wp-content\/uploads\/2016\/06\/18-salon-pintura-12-150x100.jpg 150w, https:\/\/www.hoymercedes.com.ar\/principal\/wp-content\/uploads\/2016\/06\/18-salon-pintura-12-300x200.jpg 300w\" sizes=\"auto, (max-width: 448px) 100vw, 448px\" \/><\/p>\n<p>Quienes estar\u00e1n a cargo de la selecci\u00f3n de los premiados, y de quienes integrar\u00e1n el Sal\u00f3n, son tres personas con amplio conocimiento en el tema.\u00a0Ana Aldaburu,\u00a0Mar\u00eda Fernanda Arroquy y Miguel Ronsino estar\u00e1n a cargo de la selecci\u00f3n y actuar\u00e1n el viernes 16 ante la absoluta confidencialidad, ya que los ganadores no se dar\u00edan a conocer hasta la inauguraci\u00f3n del Sal\u00f3n la semana siguiente.<\/p>\n<p>A continuaci\u00f3n brindamos los curriculums de cada uno de los integrantes del jurado.<\/p>\n<p>Miguel Ronsino:\u00a0Naci\u00f3 en chivilcoy, Provincia de Buenos Aires, Argentina. Entre 1987 y 1991 curs\u00f3 estudios de dibujo y pintura en la Escuela Nacional de Bellas Artes \u201cPrilidiano Pueyrred\u00f3n\u201d de donde egresa con el titulo de Profesor Nacional de dibujo y pintura, paralelamente asiste al taller de Clelia Speroni. En 1988 recibe la beca F.A.T.L.Y.F. (renovada anualmente hasta 1991). Desde 1992 trabaja como docente en Chivilcoy, Bragado y Buenos Aires, desarrollando diferentes proyectos entre los que se destacan: El taller de Arte Infantil \u201cLa Balsa\u201d (Chivilcoy \u2013 1992 \/ 95) y las exposiciones: \u201cEl circo de Jos\u00e9&#8230;\u201d (Museo Pompeo Boggio, Chivicoy \/1998) \u201cProyecto Ciclo\u201d (Espacio de Arte Contempor\u00e1neo Pabell\u00f3n IV, Buenos Aires \/1999) \u201cProyecto N\u00e9ctar\u201d (Centro Cultural Recoleta, Buenos Aires \/ 2001) \u201cN\u00e9ctar 2\u201d (Club Espa\u00f1ol, Bragado \/ 2005) \u201cPintores de Bragado en el Centro\u201d (Centro Vasco, Bragado \/ 2007) \u201cCielo Rojo: una ventana a la poesia maldita\u201d (Biblioteca Popular Doctor Antonio Novaro, Chivicoy \/ 2008 \u2013 Sala Domine, Bragado \/ 2009) \u201cN\u00e9ctar 3\u201d (Museo Pompeo Boggio, Chivicoyo \/ 2013). Entre el 2012 y el 2014 trabajo en la Escuela de Actividades Culturales de la ciudad de Chacabuco y en el MACA de Jun\u00edn (2014). En esta ultima institucion realizo el taller y la muestra: \u201cEn el estanque\u201d. Actualmente dicta sus talleres en Chivilcoy, Chacabuco, Bragado y Buenos Aires. En 2012 comienza a realizar junto al artista Pablo Mollo y un grupo de colaboradores un mural de 60 metros de largo x 5 metros de altura encargado por Fundaci\u00f3n Garrahan (aun no exhibido p\u00fablicamente). En 2014 es invitado a participar junto a un grupo de artistas argentinos de la Residencia para artistas del Cill Riallaig Project en Ballinskelligs, Kerry, Irlanda. En 2016 crea el \u201cColectivo Periferia\u201d junto a treinta de sus talleristas provenientes en su gran mayor\u00eda de las ciudades en las que dicta sus clases. Con el grupo abren una sala de exposiciones en el barrio de Colegiales (CABA). Actualmente dirige el Colectivo Periferia.<\/p>\n<p>Ana Aldaburu (Mercedes, Bs. As, 1949). Curs\u00f3 la carrera de Filosof\u00eda en la Facultad de Filosof\u00eda y Letras\u00a0 (UBA). Enfoca su actividad de investigaci\u00f3n en el v\u00ednculo entre filosof\u00eda y artes visuales.Directora del Centro de Documentaci\u00f3n, Investigaci\u00f3n y Publicaciones, CeDIP, del Centro Cultural Recoleta y editora responsable de la serie Fichas y de la revista anual Transvisual hasta 2012. \u00a0Dicta cursos de filosof\u00eda forma privada, y en instituciones: Asociaci\u00f3n de Amigos del\u00a0\u00a0 Museo Nacional\u00a0 de Bellas Artes,\u00a0 Museo de Arte Contempor\u00e1neo de Santa Fe, Universidad Nacional del Litoral, sede Rafaela, y otros. Desarroll\u00f3 el proyecto \u201cMapeando: filosof\u00eda y ciudad\u201d en diversas ciudades del interior, como arte de un plan educativo del Ministerio de Cultura de la Naci\u00f3n.<\/p>\n<p>Mar\u00eda Fernanda Arroquy:\u00a0Profesora de Artes Pl\u00e1sticas Pintura &#8211; Facultad de Bellas Artes (Universidad Nacional de La Plata).\u00a0Se desempe\u00f1a en diferentes actividades en el Museo Provincial de Bellas Artes \u201cEmilio Pettoruti\u201d (investigaci\u00f3n, curadur\u00eda, cl\u00ednicas, jurado).\u00a0Docente e Investigadora en la C\u00e1tedra Teor\u00eda de la Pr\u00e1ctica Art\u00edstica\/ Est\u00e9tica. Secretaria Administrativa de la Red Cultural del \u00a0MERCOSUR \u00a02004\/2006.<\/p>\n<p>Una vez que el jurado act\u00fae, se conocer\u00e1 la lista de obras seleccionadas a trav\u00e9s de la p\u00e1gina de facebook del Museo, y podr\u00e1 descargarse desde una plataforma digital.<\/p>\n","protected":false},"excerpt":{"rendered":"<p>Este jueves 15 de junio vence el plazo para presentar las pinturas que participen del 14\u00ba Sal\u00f3n de Pintura \u00abCiudad &#8230; <a title=\"Confirmaron el jurado para el Sal\u00f3n de Pintura 2017\" class=\"read-more\" href=\"https:\/\/www.hoymercedes.com.ar\/principal\/2017\/06\/11\/confirmaron-el-jurado-para-el-salon-de-pintura-2017\/\" aria-label=\"Leer m\u00e1s sobre Confirmaron el jurado para el Sal\u00f3n de Pintura 2017\">Leer m\u00e1s<\/a><\/p>\n","protected":false},"author":1,"featured_media":51453,"comment_status":"closed","ping_status":"open","sticky":false,"template":"","format":"standard","meta":{"_monsterinsights_skip_tracking":false,"_monsterinsights_sitenote_active":false,"_monsterinsights_sitenote_note":"","_monsterinsights_sitenote_category":0,"jetpack_post_was_ever_published":false,"_jetpack_newsletter_access":"","_jetpack_dont_email_post_to_subs":false,"_jetpack_newsletter_tier_id":0,"_jetpack_memberships_contains_paywalled_content":false,"_jetpack_memberships_contains_paid_content":false,"footnotes":"","jetpack_publicize_message":"","jetpack_publicize_feature_enabled":true,"jetpack_social_post_already_shared":true,"jetpack_social_options":{"image_generator_settings":{"template":"highway","default_image_id":0,"font":"","enabled":false},"version":2},"_wpas_customize_per_network":false},"categories":[104],"tags":[7805,11316,8674,11231],"class_list":["post-63694","post","type-post","status-publish","format-standard","has-post-thumbnail","hentry","category-cultura","tag-cultura","tag-jurado","tag-mamm","tag-salon-de-pinturas","generate-columns","tablet-grid-50","mobile-grid-100","grid-parent","grid-50"],"jetpack_publicize_connections":[],"jetpack_featured_media_url":"https:\/\/www.hoymercedes.com.ar\/principal\/wp-content\/uploads\/2016\/06\/18-salon-pintura-1.jpg","wps_subtitle":"Evaluar\u00e1n el viernes 16 de junio","jetpack_sharing_enabled":true,"_links":{"self":[{"href":"https:\/\/www.hoymercedes.com.ar\/principal\/wp-json\/wp\/v2\/posts\/63694","targetHints":{"allow":["GET"]}}],"collection":[{"href":"https:\/\/www.hoymercedes.com.ar\/principal\/wp-json\/wp\/v2\/posts"}],"about":[{"href":"https:\/\/www.hoymercedes.com.ar\/principal\/wp-json\/wp\/v2\/types\/post"}],"author":[{"embeddable":true,"href":"https:\/\/www.hoymercedes.com.ar\/principal\/wp-json\/wp\/v2\/users\/1"}],"replies":[{"embeddable":true,"href":"https:\/\/www.hoymercedes.com.ar\/principal\/wp-json\/wp\/v2\/comments?post=63694"}],"version-history":[{"count":0,"href":"https:\/\/www.hoymercedes.com.ar\/principal\/wp-json\/wp\/v2\/posts\/63694\/revisions"}],"wp:featuredmedia":[{"embeddable":true,"href":"https:\/\/www.hoymercedes.com.ar\/principal\/wp-json\/wp\/v2\/media\/51453"}],"wp:attachment":[{"href":"https:\/\/www.hoymercedes.com.ar\/principal\/wp-json\/wp\/v2\/media?parent=63694"}],"wp:term":[{"taxonomy":"category","embeddable":true,"href":"https:\/\/www.hoymercedes.com.ar\/principal\/wp-json\/wp\/v2\/categories?post=63694"},{"taxonomy":"post_tag","embeddable":true,"href":"https:\/\/www.hoymercedes.com.ar\/principal\/wp-json\/wp\/v2\/tags?post=63694"}],"curies":[{"name":"wp","href":"https:\/\/api.w.org\/{rel}","templated":true}]}}