{"id":63726,"date":"2017-06-12T09:29:59","date_gmt":"2017-06-12T12:29:59","guid":{"rendered":"http:\/\/www.hoymercedes.com.ar\/principal\/?p=63726"},"modified":"2017-06-11T23:13:49","modified_gmt":"2017-06-12T02:13:49","slug":"feria-de-artesanos-con-musica-entretenimientos-y-juegos","status":"publish","type":"post","link":"https:\/\/www.hoymercedes.com.ar\/principal\/2017\/06\/12\/feria-de-artesanos-con-musica-entretenimientos-y-juegos\/","title":{"rendered":"Feria de Artesanos con m\u00fasica, entretenimientos y juegos"},"content":{"rendered":"<p>Con propuestas para todos los gustos nuevamente el predio de La Trocha se convirti\u00f3 en el lugar elegido por los mercedinos. Juegos, m\u00fasica, actividad circense, entretenimientos, feria para toda la familia. El s\u00e1bado hubo una pe\u00f1a, mientras que el domingo, la feria de artesanos llam\u00f3 la atenci\u00f3n.<\/p>\n<p><img loading=\"lazy\" decoding=\"async\" data-attachment-id=\"63731\" data-permalink=\"https:\/\/www.hoymercedes.com.ar\/principal\/2017\/06\/12\/feria-de-artesanos-con-musica-entretenimientos-y-juegos\/12-trocha\/#main\" data-orig-file=\"https:\/\/www.hoymercedes.com.ar\/principal\/wp-content\/uploads\/2017\/06\/12-trocha.jpg\" data-orig-size=\"630,420\" data-comments-opened=\"0\" data-image-meta=\"{&quot;aperture&quot;:&quot;0&quot;,&quot;credit&quot;:&quot;SEBASTIANAMBROSSIO&quot;,&quot;camera&quot;:&quot;&quot;,&quot;caption&quot;:&quot;&quot;,&quot;created_timestamp&quot;:&quot;0&quot;,&quot;copyright&quot;:&quot;SebastianAmbrossio&quot;,&quot;focal_length&quot;:&quot;0&quot;,&quot;iso&quot;:&quot;0&quot;,&quot;shutter_speed&quot;:&quot;0&quot;,&quot;title&quot;:&quot;&quot;,&quot;orientation&quot;:&quot;0&quot;}\" data-image-title=\"12 trocha\" data-image-description=\"\" data-image-caption=\"\" data-large-file=\"https:\/\/www.hoymercedes.com.ar\/principal\/wp-content\/uploads\/2017\/06\/12-trocha.jpg\" class=\"aligncenter size-medium wp-image-63731\" src=\"https:\/\/www.hoymercedes.com.ar\/principal\/wp-content\/uploads\/2017\/06\/12-trocha-630x420.jpg\" alt=\"\" width=\"630\" height=\"420\" srcset=\"https:\/\/www.hoymercedes.com.ar\/principal\/wp-content\/uploads\/2017\/06\/12-trocha.jpg 630w, https:\/\/www.hoymercedes.com.ar\/principal\/wp-content\/uploads\/2017\/06\/12-trocha-150x100.jpg 150w, https:\/\/www.hoymercedes.com.ar\/principal\/wp-content\/uploads\/2017\/06\/12-trocha-300x200.jpg 300w\" sizes=\"auto, (max-width: 630px) 100vw, 630px\" \/><\/p>\n<p>La representante de la Oficina de Empleo de la Municipalidad de Mercedes, Carolina Galeano, destac\u00f3 que con la realizaci\u00f3n de las ferias se promueve desde acciones concretas \u201cel trabajo para los mercedinos productores y aumentando las posibilidades laborales\u201d y de ingresos econ\u00f3micos a las familias participantes. Vale destacar que no se les cobra el uso del puesto a quienes elaboran sus propios elementos a comercializar, es decir, que la ganancia sea plena, fomentando y apoyando fuertemente a los artesanos y auto gestores locales.<\/p>\n<p>Javier Lennard,quien coordina el espacio cultural, coment\u00f3 que La Trocha es amplia, inclusiva y que tiene m\u00faltiples ofertas. \u201cActualmente cuenta con una vasta oferta de talleres culturales dictados de lunes a s\u00e1bados en horario de ma\u00f1ana y de tarde. Totalmente gratuitos y con un muy completo plantel de profesores interdisciplinarios. Los cuales son una gran herramienta, tanto como ni\u00f1os, como para adultos para poder aprender un oficio o una nueva actividad cultural. Es el centro de las cenas solidarias para las instituciones, encuentros musicales como el tango, el folklore y el rock, para las actividades educativas y mucho m\u00e1s\u201d, entre otros conceptos.<\/p>\n<p><img loading=\"lazy\" decoding=\"async\" data-attachment-id=\"63729\" data-permalink=\"https:\/\/www.hoymercedes.com.ar\/principal\/2017\/06\/12\/feria-de-artesanos-con-musica-entretenimientos-y-juegos\/12-trocha-dilpopollo-domingo\/#main\" data-orig-file=\"https:\/\/www.hoymercedes.com.ar\/principal\/wp-content\/uploads\/2017\/06\/12-Trocha-DilPopollo-Domingo.jpg\" data-orig-size=\"630,388\" data-comments-opened=\"0\" data-image-meta=\"{&quot;aperture&quot;:&quot;0&quot;,&quot;credit&quot;:&quot;&quot;,&quot;camera&quot;:&quot;&quot;,&quot;caption&quot;:&quot;&quot;,&quot;created_timestamp&quot;:&quot;0&quot;,&quot;copyright&quot;:&quot;&quot;,&quot;focal_length&quot;:&quot;0&quot;,&quot;iso&quot;:&quot;0&quot;,&quot;shutter_speed&quot;:&quot;0&quot;,&quot;title&quot;:&quot;&quot;,&quot;orientation&quot;:&quot;0&quot;}\" data-image-title=\"12 Trocha DilPopollo-Domingo\" data-image-description=\"\" data-image-caption=\"\" data-large-file=\"https:\/\/www.hoymercedes.com.ar\/principal\/wp-content\/uploads\/2017\/06\/12-Trocha-DilPopollo-Domingo.jpg\" class=\"aligncenter size-medium wp-image-63729\" src=\"https:\/\/www.hoymercedes.com.ar\/principal\/wp-content\/uploads\/2017\/06\/12-Trocha-DilPopollo-Domingo-630x388.jpg\" alt=\"\" width=\"630\" height=\"388\" srcset=\"https:\/\/www.hoymercedes.com.ar\/principal\/wp-content\/uploads\/2017\/06\/12-Trocha-DilPopollo-Domingo.jpg 630w, https:\/\/www.hoymercedes.com.ar\/principal\/wp-content\/uploads\/2017\/06\/12-Trocha-DilPopollo-Domingo-150x92.jpg 150w\" sizes=\"auto, (max-width: 630px) 100vw, 630px\" \/><\/p>\n<p>Por su parte, el primer mandatario local, Juan Ignacio Ustarroz, destac\u00f3 que \u201cCada vez hay m\u00e1s \u00a0opciones para vivir y disfrutar La Trocha\u201d sin olvidar que \u201cse realiza un arduo y constante trabajo para mantenerla en condiciones dado que es un sitio recuperado para beneficio de todos los mercedinos y que elegimos cotidianamente\u201d<\/p>\n<p>Ustarroz no olvid\u00f3 que en momentos complejos para la econom\u00eda del pa\u00eds no es un dato menor que \u201cse desarrolle la feria, donde las familias pueden trabajar\u201d. En una jornada con gran asistencia \u00a0el intendente recalc\u00f3 que \u201clos domingos son para las familias, para el mate, para pasar el momento juntos, para que los chicos jueguen, escuchemos buena m\u00fasica y el entreteniendo, la cultura y el espacio al aire libre permitan una real alternativa, inclusiva, publica, libre y gratuita\u201d.<\/p>\n<p>El s\u00e1bado tambi\u00e9n hubo actividades en el galp\u00f3n central. La oferta fue el folklore con las actividades que hab\u00edan programado los \u201camigos pe\u00f1eros\u201d donde tuvimos un nutrido escenario con Los L\u00f3pez Heredia, Gonzalo Jes\u00fas, Alma de Mi Pueblo, Ballet Patria Coraz\u00f3n, Ballet Almafuerte y Los Del Pedregal.<\/p>\n<p>Las \u201cmovidas\u201d que generan la Direcci\u00f3n de Cultura, Producci\u00f3n, Desarrollo Social y Turismo son una buena \u201cexcusa\u201d para que los mercedinos tengan un domingo a pleno y, en especial, que los m\u00e1s chicos disfruten.<\/p>\n<p>Fuente: Prensa Municipal<\/p>\n<p><img loading=\"lazy\" decoding=\"async\" data-attachment-id=\"63730\" data-permalink=\"https:\/\/www.hoymercedes.com.ar\/principal\/2017\/06\/12\/feria-de-artesanos-con-musica-entretenimientos-y-juegos\/12-trocha-penasabado3\/#main\" data-orig-file=\"https:\/\/www.hoymercedes.com.ar\/principal\/wp-content\/uploads\/2017\/06\/12-trocha-Pe\u00f1aSabado3.jpg\" data-orig-size=\"630,420\" data-comments-opened=\"0\" data-image-meta=\"{&quot;aperture&quot;:&quot;0&quot;,&quot;credit&quot;:&quot;&quot;,&quot;camera&quot;:&quot;&quot;,&quot;caption&quot;:&quot;&quot;,&quot;created_timestamp&quot;:&quot;0&quot;,&quot;copyright&quot;:&quot;&quot;,&quot;focal_length&quot;:&quot;0&quot;,&quot;iso&quot;:&quot;0&quot;,&quot;shutter_speed&quot;:&quot;0&quot;,&quot;title&quot;:&quot;&quot;,&quot;orientation&quot;:&quot;0&quot;}\" data-image-title=\"12 trocha Pe\u00f1aSabado3\" data-image-description=\"\" data-image-caption=\"\" data-large-file=\"https:\/\/www.hoymercedes.com.ar\/principal\/wp-content\/uploads\/2017\/06\/12-trocha-Pe\u00f1aSabado3.jpg\" class=\"aligncenter size-medium wp-image-63730\" src=\"https:\/\/www.hoymercedes.com.ar\/principal\/wp-content\/uploads\/2017\/06\/12-trocha-Pe\u00f1aSabado3-630x420.jpg\" alt=\"\" width=\"630\" height=\"420\" srcset=\"https:\/\/www.hoymercedes.com.ar\/principal\/wp-content\/uploads\/2017\/06\/12-trocha-Pe\u00f1aSabado3.jpg 630w, https:\/\/www.hoymercedes.com.ar\/principal\/wp-content\/uploads\/2017\/06\/12-trocha-Pe\u00f1aSabado3-150x100.jpg 150w, https:\/\/www.hoymercedes.com.ar\/principal\/wp-content\/uploads\/2017\/06\/12-trocha-Pe\u00f1aSabado3-300x200.jpg 300w\" sizes=\"auto, (max-width: 630px) 100vw, 630px\" \/><\/p>\n","protected":false},"excerpt":{"rendered":"<p>Con propuestas para todos los gustos nuevamente el predio de La Trocha se convirti\u00f3 en el lugar elegido por los &#8230; <a title=\"Feria de Artesanos con m\u00fasica, entretenimientos y juegos\" class=\"read-more\" href=\"https:\/\/www.hoymercedes.com.ar\/principal\/2017\/06\/12\/feria-de-artesanos-con-musica-entretenimientos-y-juegos\/\" aria-label=\"Leer m\u00e1s sobre Feria de Artesanos con m\u00fasica, entretenimientos y juegos\">Leer m\u00e1s<\/a><\/p>\n","protected":false},"author":1,"featured_media":63731,"comment_status":"closed","ping_status":"open","sticky":false,"template":"","format":"standard","meta":{"_monsterinsights_skip_tracking":false,"_monsterinsights_sitenote_active":false,"_monsterinsights_sitenote_note":"","_monsterinsights_sitenote_category":0,"jetpack_post_was_ever_published":false,"_jetpack_newsletter_access":"","_jetpack_dont_email_post_to_subs":false,"_jetpack_newsletter_tier_id":0,"_jetpack_memberships_contains_paywalled_content":false,"_jetpack_memberships_contains_paid_content":false,"footnotes":"","jetpack_publicize_message":"","jetpack_publicize_feature_enabled":true,"jetpack_social_post_already_shared":true,"jetpack_social_options":{"image_generator_settings":{"template":"highway","default_image_id":0,"font":"","enabled":false},"version":2},"_wpas_customize_per_network":false},"categories":[30],"tags":[11320,10940,10,244],"class_list":["post-63726","post","type-post","status-publish","format-standard","has-post-thumbnail","hentry","category-municipio","tag-artesanias","tag-centro-cultural-la-trocha","tag-mercedes","tag-municipio-2","generate-columns","tablet-grid-50","mobile-grid-100","grid-parent","grid-50"],"jetpack_publicize_connections":[],"jetpack_featured_media_url":"https:\/\/www.hoymercedes.com.ar\/principal\/wp-content\/uploads\/2017\/06\/12-trocha.jpg","wps_subtitle":"El fin de semana en La Trocha","jetpack_sharing_enabled":true,"_links":{"self":[{"href":"https:\/\/www.hoymercedes.com.ar\/principal\/wp-json\/wp\/v2\/posts\/63726","targetHints":{"allow":["GET"]}}],"collection":[{"href":"https:\/\/www.hoymercedes.com.ar\/principal\/wp-json\/wp\/v2\/posts"}],"about":[{"href":"https:\/\/www.hoymercedes.com.ar\/principal\/wp-json\/wp\/v2\/types\/post"}],"author":[{"embeddable":true,"href":"https:\/\/www.hoymercedes.com.ar\/principal\/wp-json\/wp\/v2\/users\/1"}],"replies":[{"embeddable":true,"href":"https:\/\/www.hoymercedes.com.ar\/principal\/wp-json\/wp\/v2\/comments?post=63726"}],"version-history":[{"count":0,"href":"https:\/\/www.hoymercedes.com.ar\/principal\/wp-json\/wp\/v2\/posts\/63726\/revisions"}],"wp:featuredmedia":[{"embeddable":true,"href":"https:\/\/www.hoymercedes.com.ar\/principal\/wp-json\/wp\/v2\/media\/63731"}],"wp:attachment":[{"href":"https:\/\/www.hoymercedes.com.ar\/principal\/wp-json\/wp\/v2\/media?parent=63726"}],"wp:term":[{"taxonomy":"category","embeddable":true,"href":"https:\/\/www.hoymercedes.com.ar\/principal\/wp-json\/wp\/v2\/categories?post=63726"},{"taxonomy":"post_tag","embeddable":true,"href":"https:\/\/www.hoymercedes.com.ar\/principal\/wp-json\/wp\/v2\/tags?post=63726"}],"curies":[{"name":"wp","href":"https:\/\/api.w.org\/{rel}","templated":true}]}}