{"id":63838,"date":"2017-06-14T11:24:23","date_gmt":"2017-06-14T14:24:23","guid":{"rendered":"http:\/\/www.hoymercedes.com.ar\/principal\/?p=63838"},"modified":"2017-06-14T10:26:42","modified_gmt":"2017-06-14T13:26:42","slug":"distinguieron-a-escuelas-secundarias-participantes-de-proyectos-ambientales","status":"publish","type":"post","link":"https:\/\/www.hoymercedes.com.ar\/principal\/2017\/06\/14\/distinguieron-a-escuelas-secundarias-participantes-de-proyectos-ambientales\/","title":{"rendered":"Distinguieron a escuelas secundarias participantes de proyectos ambientales"},"content":{"rendered":"<p>En el marco de la sesi\u00f3n del Concejo Deliberante realizada este lunes 12 de junio, se aprovech\u00f3 la oportunidad para distinguir a los alumnos y estudiantes que participaron del proyecto \u201cCuidemos el Ambiente Mercedino\u201d realizado durante el 2016.<\/p>\n<p><img loading=\"lazy\" decoding=\"async\" data-attachment-id=\"63832\" data-permalink=\"https:\/\/www.hoymercedes.com.ar\/principal\/2017\/06\/14\/por-mayoria-aprobaron-la-reduccion-del-30-en-la-tasa-de-seguridad-e-higiene\/14-distincion-escuela-media\/#main\" data-orig-file=\"https:\/\/www.hoymercedes.com.ar\/principal\/wp-content\/uploads\/2017\/06\/14-distincion-escuela-media.jpg\" data-orig-size=\"630,420\" data-comments-opened=\"0\" data-image-meta=\"{&quot;aperture&quot;:&quot;3.5&quot;,&quot;credit&quot;:&quot;&quot;,&quot;camera&quot;:&quot;NIKON D3100&quot;,&quot;caption&quot;:&quot;&quot;,&quot;created_timestamp&quot;:&quot;1497296315&quot;,&quot;copyright&quot;:&quot;&quot;,&quot;focal_length&quot;:&quot;22&quot;,&quot;iso&quot;:&quot;900&quot;,&quot;shutter_speed&quot;:&quot;0.016666666666667&quot;,&quot;title&quot;:&quot;&quot;,&quot;orientation&quot;:&quot;1&quot;}\" data-image-title=\"14 distincion escuela media\" data-image-description=\"\" data-image-caption=\"\" data-large-file=\"https:\/\/www.hoymercedes.com.ar\/principal\/wp-content\/uploads\/2017\/06\/14-distincion-escuela-media.jpg\" class=\"aligncenter size-medium wp-image-63832\" src=\"https:\/\/www.hoymercedes.com.ar\/principal\/wp-content\/uploads\/2017\/06\/14-distincion-escuela-media-630x420.jpg\" alt=\"\" width=\"630\" height=\"420\" srcset=\"https:\/\/www.hoymercedes.com.ar\/principal\/wp-content\/uploads\/2017\/06\/14-distincion-escuela-media.jpg 630w, https:\/\/www.hoymercedes.com.ar\/principal\/wp-content\/uploads\/2017\/06\/14-distincion-escuela-media-150x100.jpg 150w, https:\/\/www.hoymercedes.com.ar\/principal\/wp-content\/uploads\/2017\/06\/14-distincion-escuela-media-300x200.jpg 300w\" sizes=\"auto, (max-width: 630px) 100vw, 630px\" \/><\/p>\n<p>Los alumnos y docentes de las escuelas Secundaria N\u00b0 5 (Normal), Secundaria N\u00b0 1 (Media), Colegio Santa Mar\u00eda y del Instituto Padre Ansaldo, recibieron el reconocimiento de manos de los concejales de los distintos bloques.<\/p>\n<p>El autor del proyecto, el concejal Jos\u00e9 Cestari, agradeci\u00f3 a todas las instituciones que participaron el a\u00f1o pasado. \u201cMi mandato termina el 10 de diciembre, y esta fue la primera vez que todos los concejales de todos los bloques pudimos participar de un proyecto que realmente provoc\u00f3 que las ideas de las alumnos lleguen al recinto y sean elevadas al Departamento Ejecutivo para que esas ideas se transformen en acciones. Muchas gracias a las instituciones y a los directivos que los acompa\u00f1aron\u201d, destac\u00f3.<\/p>\n<p><img loading=\"lazy\" decoding=\"async\" data-attachment-id=\"63835\" data-permalink=\"https:\/\/www.hoymercedes.com.ar\/principal\/2017\/06\/14\/por-mayoria-aprobaron-la-reduccion-del-30-en-la-tasa-de-seguridad-e-higiene\/14-distincion-escuela-santa-maria\/#main\" data-orig-file=\"https:\/\/www.hoymercedes.com.ar\/principal\/wp-content\/uploads\/2017\/06\/14-distincion-escuela-santa-maria.jpg\" data-orig-size=\"630,420\" data-comments-opened=\"0\" data-image-meta=\"{&quot;aperture&quot;:&quot;3.8&quot;,&quot;credit&quot;:&quot;&quot;,&quot;camera&quot;:&quot;NIKON D3100&quot;,&quot;caption&quot;:&quot;&quot;,&quot;created_timestamp&quot;:&quot;1497296371&quot;,&quot;copyright&quot;:&quot;&quot;,&quot;focal_length&quot;:&quot;23&quot;,&quot;iso&quot;:&quot;1800&quot;,&quot;shutter_speed&quot;:&quot;0.016666666666667&quot;,&quot;title&quot;:&quot;&quot;,&quot;orientation&quot;:&quot;1&quot;}\" data-image-title=\"14 distincion escuela santa maria\" data-image-description=\"\" data-image-caption=\"\" data-large-file=\"https:\/\/www.hoymercedes.com.ar\/principal\/wp-content\/uploads\/2017\/06\/14-distincion-escuela-santa-maria.jpg\" class=\"aligncenter size-medium wp-image-63835\" src=\"https:\/\/www.hoymercedes.com.ar\/principal\/wp-content\/uploads\/2017\/06\/14-distincion-escuela-santa-maria-630x420.jpg\" alt=\"\" width=\"630\" height=\"420\" srcset=\"https:\/\/www.hoymercedes.com.ar\/principal\/wp-content\/uploads\/2017\/06\/14-distincion-escuela-santa-maria.jpg 630w, https:\/\/www.hoymercedes.com.ar\/principal\/wp-content\/uploads\/2017\/06\/14-distincion-escuela-santa-maria-150x100.jpg 150w, https:\/\/www.hoymercedes.com.ar\/principal\/wp-content\/uploads\/2017\/06\/14-distincion-escuela-santa-maria-300x200.jpg 300w\" sizes=\"auto, (max-width: 630px) 100vw, 630px\" \/><\/p>\n<p>Cabe recordar que los estudiantes presentaron sus proyectos haciendo uso de la banca participativa en la \u00faltima sesi\u00f3n del mes de noviembre. Los proyectos presentados, todos ellos con una tem\u00e1tica relacionada con el cuidado de medio ambiente, ped\u00edan mejoras en el servicio de recolecci\u00f3n de residuos, fomentar la separaci\u00f3n en origen, y el pedido de limpieza preventiva contra las inundaciones. \u00a0Los proyectos ingresaron como peticiones particulares, para luego ser presentadas por los concejales ante el Departamento Ejecutivo.<\/p>\n<p><img loading=\"lazy\" decoding=\"async\" data-attachment-id=\"63834\" data-permalink=\"https:\/\/www.hoymercedes.com.ar\/principal\/2017\/06\/14\/por-mayoria-aprobaron-la-reduccion-del-30-en-la-tasa-de-seguridad-e-higiene\/14-distincion-escuela-parroqiual\/#main\" data-orig-file=\"https:\/\/www.hoymercedes.com.ar\/principal\/wp-content\/uploads\/2017\/06\/14-distincion-escuela-parroqiual.jpg\" data-orig-size=\"630,420\" data-comments-opened=\"0\" data-image-meta=\"{&quot;aperture&quot;:&quot;3.5&quot;,&quot;credit&quot;:&quot;&quot;,&quot;camera&quot;:&quot;NIKON D3100&quot;,&quot;caption&quot;:&quot;&quot;,&quot;created_timestamp&quot;:&quot;1497296268&quot;,&quot;copyright&quot;:&quot;&quot;,&quot;focal_length&quot;:&quot;18&quot;,&quot;iso&quot;:&quot;1400&quot;,&quot;shutter_speed&quot;:&quot;0.016666666666667&quot;,&quot;title&quot;:&quot;&quot;,&quot;orientation&quot;:&quot;1&quot;}\" data-image-title=\"14 distincion escuela parroqiual\" data-image-description=\"\" data-image-caption=\"\" data-large-file=\"https:\/\/www.hoymercedes.com.ar\/principal\/wp-content\/uploads\/2017\/06\/14-distincion-escuela-parroqiual.jpg\" class=\"aligncenter size-medium wp-image-63834\" src=\"https:\/\/www.hoymercedes.com.ar\/principal\/wp-content\/uploads\/2017\/06\/14-distincion-escuela-parroqiual-630x420.jpg\" alt=\"\" width=\"630\" height=\"420\" srcset=\"https:\/\/www.hoymercedes.com.ar\/principal\/wp-content\/uploads\/2017\/06\/14-distincion-escuela-parroqiual.jpg 630w, https:\/\/www.hoymercedes.com.ar\/principal\/wp-content\/uploads\/2017\/06\/14-distincion-escuela-parroqiual-150x100.jpg 150w, https:\/\/www.hoymercedes.com.ar\/principal\/wp-content\/uploads\/2017\/06\/14-distincion-escuela-parroqiual-300x200.jpg 300w\" sizes=\"auto, (max-width: 630px) 100vw, 630px\" \/><\/p>\n<p><img loading=\"lazy\" decoding=\"async\" data-attachment-id=\"63833\" data-permalink=\"https:\/\/www.hoymercedes.com.ar\/principal\/2017\/06\/14\/por-mayoria-aprobaron-la-reduccion-del-30-en-la-tasa-de-seguridad-e-higiene\/14-distincion-escuela-normal\/#main\" data-orig-file=\"https:\/\/www.hoymercedes.com.ar\/principal\/wp-content\/uploads\/2017\/06\/14-distincion-escuela-normal.jpg\" data-orig-size=\"630,420\" data-comments-opened=\"0\" data-image-meta=\"{&quot;aperture&quot;:&quot;3.5&quot;,&quot;credit&quot;:&quot;&quot;,&quot;camera&quot;:&quot;NIKON D3100&quot;,&quot;caption&quot;:&quot;&quot;,&quot;created_timestamp&quot;:&quot;1497296223&quot;,&quot;copyright&quot;:&quot;&quot;,&quot;focal_length&quot;:&quot;19&quot;,&quot;iso&quot;:&quot;1100&quot;,&quot;shutter_speed&quot;:&quot;0.016666666666667&quot;,&quot;title&quot;:&quot;&quot;,&quot;orientation&quot;:&quot;1&quot;}\" data-image-title=\"14 distincion escuela normal\" data-image-description=\"\" data-image-caption=\"\" data-large-file=\"https:\/\/www.hoymercedes.com.ar\/principal\/wp-content\/uploads\/2017\/06\/14-distincion-escuela-normal.jpg\" class=\"aligncenter size-medium wp-image-63833\" src=\"https:\/\/www.hoymercedes.com.ar\/principal\/wp-content\/uploads\/2017\/06\/14-distincion-escuela-normal-630x420.jpg\" alt=\"\" width=\"630\" height=\"420\" srcset=\"https:\/\/www.hoymercedes.com.ar\/principal\/wp-content\/uploads\/2017\/06\/14-distincion-escuela-normal.jpg 630w, https:\/\/www.hoymercedes.com.ar\/principal\/wp-content\/uploads\/2017\/06\/14-distincion-escuela-normal-150x100.jpg 150w, https:\/\/www.hoymercedes.com.ar\/principal\/wp-content\/uploads\/2017\/06\/14-distincion-escuela-normal-300x200.jpg 300w\" sizes=\"auto, (max-width: 630px) 100vw, 630px\" \/><\/p>\n","protected":false},"excerpt":{"rendered":"<p>En el marco de la sesi\u00f3n del Concejo Deliberante realizada este lunes 12 de junio, se aprovech\u00f3 la oportunidad para &#8230; <a title=\"Distinguieron a escuelas secundarias participantes de proyectos ambientales\" class=\"read-more\" href=\"https:\/\/www.hoymercedes.com.ar\/principal\/2017\/06\/14\/distinguieron-a-escuelas-secundarias-participantes-de-proyectos-ambientales\/\" aria-label=\"Leer m\u00e1s sobre Distinguieron a escuelas secundarias participantes de proyectos ambientales\">Leer m\u00e1s<\/a><\/p>\n","protected":false},"author":1,"featured_media":63833,"comment_status":"closed","ping_status":"open","sticky":false,"template":"","format":"standard","meta":{"_monsterinsights_skip_tracking":false,"_monsterinsights_sitenote_active":false,"_monsterinsights_sitenote_note":"","_monsterinsights_sitenote_category":0,"jetpack_post_was_ever_published":false,"_jetpack_newsletter_access":"","_jetpack_dont_email_post_to_subs":false,"_jetpack_newsletter_tier_id":0,"_jetpack_memberships_contains_paywalled_content":false,"_jetpack_memberships_contains_paid_content":false,"footnotes":"","jetpack_publicize_message":"","jetpack_publicize_feature_enabled":true,"jetpack_social_post_already_shared":true,"jetpack_social_options":{"image_generator_settings":{"template":"highway","default_image_id":0,"font":"","enabled":false},"version":2},"_wpas_customize_per_network":false},"categories":[23,5],"tags":[9001,236,8607,47,989,5319,8980,8979],"class_list":["post-63838","post","type-post","status-publish","format-standard","has-post-thumbnail","hentry","category-educacion","category-politica","tag-ambiente","tag-concejo-deliberante","tag-distinciones","tag-educacion-2","tag-escuelas","tag-politica-2","tag-proyectos","tag-sesion-hcd","generate-columns","tablet-grid-50","mobile-grid-100","grid-parent","grid-50"],"jetpack_publicize_connections":[],"jetpack_featured_media_url":"https:\/\/www.hoymercedes.com.ar\/principal\/wp-content\/uploads\/2017\/06\/14-distincion-escuela-normal.jpg","wps_subtitle":"En la Sesi\u00f3n del HCD","jetpack_sharing_enabled":true,"_links":{"self":[{"href":"https:\/\/www.hoymercedes.com.ar\/principal\/wp-json\/wp\/v2\/posts\/63838","targetHints":{"allow":["GET"]}}],"collection":[{"href":"https:\/\/www.hoymercedes.com.ar\/principal\/wp-json\/wp\/v2\/posts"}],"about":[{"href":"https:\/\/www.hoymercedes.com.ar\/principal\/wp-json\/wp\/v2\/types\/post"}],"author":[{"embeddable":true,"href":"https:\/\/www.hoymercedes.com.ar\/principal\/wp-json\/wp\/v2\/users\/1"}],"replies":[{"embeddable":true,"href":"https:\/\/www.hoymercedes.com.ar\/principal\/wp-json\/wp\/v2\/comments?post=63838"}],"version-history":[{"count":0,"href":"https:\/\/www.hoymercedes.com.ar\/principal\/wp-json\/wp\/v2\/posts\/63838\/revisions"}],"wp:featuredmedia":[{"embeddable":true,"href":"https:\/\/www.hoymercedes.com.ar\/principal\/wp-json\/wp\/v2\/media\/63833"}],"wp:attachment":[{"href":"https:\/\/www.hoymercedes.com.ar\/principal\/wp-json\/wp\/v2\/media?parent=63838"}],"wp:term":[{"taxonomy":"category","embeddable":true,"href":"https:\/\/www.hoymercedes.com.ar\/principal\/wp-json\/wp\/v2\/categories?post=63838"},{"taxonomy":"post_tag","embeddable":true,"href":"https:\/\/www.hoymercedes.com.ar\/principal\/wp-json\/wp\/v2\/tags?post=63838"}],"curies":[{"name":"wp","href":"https:\/\/api.w.org\/{rel}","templated":true}]}}