{"id":63845,"date":"2017-06-14T20:10:31","date_gmt":"2017-06-14T23:10:31","guid":{"rendered":"http:\/\/www.hoymercedes.com.ar\/principal\/?p=63845"},"modified":"2017-06-14T20:10:31","modified_gmt":"2017-06-14T23:10:31","slug":"nombran-sargento-ayudante-eusebio-aguilar-a-un-complejo-de-viviendas","status":"publish","type":"post","link":"https:\/\/www.hoymercedes.com.ar\/principal\/2017\/06\/14\/nombran-sargento-ayudante-eusebio-aguilar-a-un-complejo-de-viviendas\/","title":{"rendered":"Nombran Sargento Ayudante Eusebio Aguilar a un complejo de viviendas"},"content":{"rendered":"<p>Durante la ma\u00f1ana del mi\u00e9rcoles se llev\u00f3 a cabo un homenaje al \u201cSargento Ayudante Eusebio Aguilar\u201d, uno de los tantos h\u00e9roes que perdieron la vida en la Guerra de Malvinas que se record\u00f3 con respeto, alegr\u00eda y admiraci\u00f3n.<\/p>\n<p><img loading=\"lazy\" decoding=\"async\" data-attachment-id=\"63848\" data-permalink=\"https:\/\/www.hoymercedes.com.ar\/principal\/2017\/06\/14\/nombran-sargento-ayudante-eusebio-aguilar-a-un-complejo-de-viviendas\/14-barrio-aguilar-3\/#main\" data-orig-file=\"https:\/\/www.hoymercedes.com.ar\/principal\/wp-content\/uploads\/2017\/06\/14-barrio-aguilar-3.jpg\" data-orig-size=\"630,420\" data-comments-opened=\"0\" data-image-meta=\"{&quot;aperture&quot;:&quot;5.6&quot;,&quot;credit&quot;:&quot;&quot;,&quot;camera&quot;:&quot;Canon EOS 60D&quot;,&quot;caption&quot;:&quot;&quot;,&quot;created_timestamp&quot;:&quot;1497438281&quot;,&quot;copyright&quot;:&quot;&quot;,&quot;focal_length&quot;:&quot;50&quot;,&quot;iso&quot;:&quot;100&quot;,&quot;shutter_speed&quot;:&quot;0.0005&quot;,&quot;title&quot;:&quot;&quot;,&quot;orientation&quot;:&quot;1&quot;}\" data-image-title=\"14 barrio aguilar 3\" data-image-description=\"\" data-image-caption=\"\" data-large-file=\"https:\/\/www.hoymercedes.com.ar\/principal\/wp-content\/uploads\/2017\/06\/14-barrio-aguilar-3.jpg\" class=\"aligncenter size-medium wp-image-63848\" src=\"https:\/\/www.hoymercedes.com.ar\/principal\/wp-content\/uploads\/2017\/06\/14-barrio-aguilar-3-630x420.jpg\" alt=\"\" width=\"630\" height=\"420\" srcset=\"https:\/\/www.hoymercedes.com.ar\/principal\/wp-content\/uploads\/2017\/06\/14-barrio-aguilar-3.jpg 630w, https:\/\/www.hoymercedes.com.ar\/principal\/wp-content\/uploads\/2017\/06\/14-barrio-aguilar-3-150x100.jpg 150w, https:\/\/www.hoymercedes.com.ar\/principal\/wp-content\/uploads\/2017\/06\/14-barrio-aguilar-3-300x200.jpg 300w\" sizes=\"auto, (max-width: 630px) 100vw, 630px\" \/><\/p>\n<p>Dentro del reconocimiento que se efectu\u00f3 hacia Aguilar se procedi\u00f3 con la colocaci\u00f3n de una placa imponiendo el nombre al Complejo Habitacional \u00abSargento Ayudante Eusebio Aguilar\u00bb al n\u00facleo urbano ubicado en el Acceso Manuel Sanmart\u00edn, frente a la Terminal de \u00d3mnibus.<\/p>\n<p>Estuvieron presentes el Presidente del Honorable Concejo deliberante Mat\u00edas Dematei, el General Retirado Jorge Halper\u00edn, adem\u00e1s autoridades del Poder Ejecutivo, Concejales, Veteranos de Malvinas, Miembros de las Fuerzas Armadas y de Seguridad y familiares del Sargento Aguilar. Tambi\u00e9n estuvieron presentes los abanderados del Colegio San Antonio de Padua, y los alumnos del Colegio San Patricio.<\/p>\n<p>\u00abHoy nos convoca un circunstancia muy especial y diferente que la de a\u00f1o tras a\u00f1o nos reune, se trata de la imposici\u00f3n del nombre del Suboficial Principal, veterano de la Guerra de Malvinas Eusebio Aguilar al barrio de Suboficiales de esta querida ciudad. En principio agradecer la iniciativa del se\u00f1or intendente que permite evocar la memoria de un h\u00e9roe que no hizo nada m\u00e1s ni nada menos que cumplir con su juramento de defender la Patria hasta perder la vida.<\/p>\n<p><img loading=\"lazy\" decoding=\"async\" data-attachment-id=\"63846\" data-permalink=\"https:\/\/www.hoymercedes.com.ar\/principal\/2017\/06\/14\/nombran-sargento-ayudante-eusebio-aguilar-a-un-complejo-de-viviendas\/14-barrio-aguilar-1\/#main\" data-orig-file=\"https:\/\/www.hoymercedes.com.ar\/principal\/wp-content\/uploads\/2017\/06\/14-barrio-aguilar-1.jpg\" data-orig-size=\"630,420\" data-comments-opened=\"0\" data-image-meta=\"{&quot;aperture&quot;:&quot;3.5&quot;,&quot;credit&quot;:&quot;&quot;,&quot;camera&quot;:&quot;Canon EOS 60D&quot;,&quot;caption&quot;:&quot;&quot;,&quot;created_timestamp&quot;:&quot;1497438355&quot;,&quot;copyright&quot;:&quot;&quot;,&quot;focal_length&quot;:&quot;20&quot;,&quot;iso&quot;:&quot;100&quot;,&quot;shutter_speed&quot;:&quot;0.000625&quot;,&quot;title&quot;:&quot;&quot;,&quot;orientation&quot;:&quot;1&quot;}\" data-image-title=\"14 barrio aguilar 1\" data-image-description=\"\" data-image-caption=\"\" data-large-file=\"https:\/\/www.hoymercedes.com.ar\/principal\/wp-content\/uploads\/2017\/06\/14-barrio-aguilar-1.jpg\" class=\"aligncenter size-medium wp-image-63846\" src=\"https:\/\/www.hoymercedes.com.ar\/principal\/wp-content\/uploads\/2017\/06\/14-barrio-aguilar-1-630x420.jpg\" alt=\"\" width=\"630\" height=\"420\" srcset=\"https:\/\/www.hoymercedes.com.ar\/principal\/wp-content\/uploads\/2017\/06\/14-barrio-aguilar-1.jpg 630w, https:\/\/www.hoymercedes.com.ar\/principal\/wp-content\/uploads\/2017\/06\/14-barrio-aguilar-1-150x100.jpg 150w, https:\/\/www.hoymercedes.com.ar\/principal\/wp-content\/uploads\/2017\/06\/14-barrio-aguilar-1-300x200.jpg 300w\" sizes=\"auto, (max-width: 630px) 100vw, 630px\" \/><\/p>\n<p>\u201cEstamos imponiendo su nombre no a una calle, ni a una plaza, sino a un complejo de viviendas que aloja a la familia militar, esa familia que con tanto esfuerzo es el indispensable apoyo a aquellos que por vocaci\u00f3n prestan su servicio a la Patria\u00bb afirm\u00f3 el Teniente Primero Luis Linares qui\u00e9n fuera el Jefe de Compa\u00f1\u00eda Comando y luego destac\u00f3 la gran persona que fue Aguilar como compa\u00f1ero y de lo profesional que siempre fue su actuar dentro y fuera de la Compa\u00f1\u00eda.<\/p>\n<p>Tras las palabras de Linares se procedi\u00f3 al descubrimiento de la placa y el General retirado Jorge Halper\u00edn le entreg\u00f3 a su hija Rosana una foto con el lugar exacto en donde est\u00e1 la tumba del Sargento.<\/p>\n<p>Antes de finalizar el acto el acto el Presidente del Honorable Concejo deliberante Mat\u00edas Dematei sostuvo que \u00abeste es un humilde reconocimiento que el pueblo de Mercedes puede hacerle a un h\u00e9roe tan importante que hemos tenido, que ha dado la vida por los dem\u00e1s. La familia ha tenido el orgullo saber que muri\u00f3 dando la vida por la Patria\u201d coment\u00f3 para luego remarcar que \u201cnosotros tenemos el orgullo de tener muchos vecinos que son ex combatientes, que han luchado en esta guerra que vivi\u00f3 Argentina. Son h\u00e9roes contempor\u00e1neos\u201d destac\u00f3 reafirmando la figura del ex combatiente.<\/p>\n<p><img loading=\"lazy\" decoding=\"async\" data-attachment-id=\"63847\" data-permalink=\"https:\/\/www.hoymercedes.com.ar\/principal\/2017\/06\/14\/nombran-sargento-ayudante-eusebio-aguilar-a-un-complejo-de-viviendas\/14-barrio-aguilar-2\/#main\" data-orig-file=\"https:\/\/www.hoymercedes.com.ar\/principal\/wp-content\/uploads\/2017\/06\/14-barrio-aguilar-2.jpg\" data-orig-size=\"630,420\" data-comments-opened=\"0\" data-image-meta=\"{&quot;aperture&quot;:&quot;5&quot;,&quot;credit&quot;:&quot;&quot;,&quot;camera&quot;:&quot;Canon EOS 60D&quot;,&quot;caption&quot;:&quot;&quot;,&quot;created_timestamp&quot;:&quot;1497439175&quot;,&quot;copyright&quot;:&quot;&quot;,&quot;focal_length&quot;:&quot;39&quot;,&quot;iso&quot;:&quot;100&quot;,&quot;shutter_speed&quot;:&quot;0.000625&quot;,&quot;title&quot;:&quot;&quot;,&quot;orientation&quot;:&quot;1&quot;}\" data-image-title=\"14 barrio aguilar 2\" data-image-description=\"\" data-image-caption=\"\" data-large-file=\"https:\/\/www.hoymercedes.com.ar\/principal\/wp-content\/uploads\/2017\/06\/14-barrio-aguilar-2.jpg\" class=\"aligncenter size-medium wp-image-63847\" src=\"https:\/\/www.hoymercedes.com.ar\/principal\/wp-content\/uploads\/2017\/06\/14-barrio-aguilar-2-630x420.jpg\" alt=\"\" width=\"630\" height=\"420\" srcset=\"https:\/\/www.hoymercedes.com.ar\/principal\/wp-content\/uploads\/2017\/06\/14-barrio-aguilar-2.jpg 630w, https:\/\/www.hoymercedes.com.ar\/principal\/wp-content\/uploads\/2017\/06\/14-barrio-aguilar-2-150x100.jpg 150w, https:\/\/www.hoymercedes.com.ar\/principal\/wp-content\/uploads\/2017\/06\/14-barrio-aguilar-2-300x200.jpg 300w\" sizes=\"auto, (max-width: 630px) 100vw, 630px\" \/><\/p>\n<p>\u201cEste es un homenaje que por ah\u00ed es muy peque\u00f1o para lo grande que han hecho y no nos va a alcanzar la vida para agradecerles -refiri\u00e9ndose\u00a0 a los veteranos presentes &#8211; por todo lo que han hecho ustedes a su corta edad. Creo que es motivo para enorgullecerse\u201d sostuvo Dematei.<\/p>\n<p>\u201cEs un homenaje que se tendr\u00eda que haber hecho antes, pero creo que nunca es tarde y sirve para poner el tema Malvinas bien en alto\u00bb coment\u00f3.<\/p>\n<p>El homenaje, adem\u00e1s, tiene un paso previo por el Concejo Deliberante dado que se gener\u00f3 la ordenanza 7769\/16<\/p>\n<p>&nbsp;<\/p>\n<p>Fuente: Prensa Municipal<\/p>\n","protected":false},"excerpt":{"rendered":"<p>Durante la ma\u00f1ana del mi\u00e9rcoles se llev\u00f3 a cabo un homenaje al \u201cSargento Ayudante Eusebio Aguilar\u201d, uno de los tantos &#8230; <a title=\"Nombran Sargento Ayudante Eusebio Aguilar a un complejo de viviendas\" class=\"read-more\" href=\"https:\/\/www.hoymercedes.com.ar\/principal\/2017\/06\/14\/nombran-sargento-ayudante-eusebio-aguilar-a-un-complejo-de-viviendas\/\" aria-label=\"Leer m\u00e1s sobre Nombran Sargento Ayudante Eusebio Aguilar a un complejo de viviendas\">Leer m\u00e1s<\/a><\/p>\n","protected":false},"author":1,"featured_media":63846,"comment_status":"closed","ping_status":"open","sticky":false,"template":"","format":"standard","meta":{"_monsterinsights_skip_tracking":false,"_monsterinsights_sitenote_active":false,"_monsterinsights_sitenote_note":"","_monsterinsights_sitenote_category":0,"jetpack_post_was_ever_published":false,"_jetpack_newsletter_access":"","_jetpack_dont_email_post_to_subs":false,"_jetpack_newsletter_tier_id":0,"_jetpack_memberships_contains_paywalled_content":false,"_jetpack_memberships_contains_paid_content":false,"footnotes":"","jetpack_publicize_message":"","jetpack_publicize_feature_enabled":true,"jetpack_social_post_already_shared":true,"jetpack_social_options":{"image_generator_settings":{"template":"highway","default_image_id":0,"font":"","enabled":false},"version":2},"_wpas_customize_per_network":false},"categories":[30],"tags":[11336,8834,10,244,11335],"class_list":["post-63845","post","type-post","status-publish","format-standard","has-post-thumbnail","hentry","category-municipio","tag-barrio","tag-homenaje","tag-mercedes","tag-municipio-2","tag-sargento-ayudante-eusebio-aguilar","generate-columns","tablet-grid-50","mobile-grid-100","grid-parent","grid-50"],"jetpack_publicize_connections":[],"jetpack_featured_media_url":"https:\/\/www.hoymercedes.com.ar\/principal\/wp-content\/uploads\/2017\/06\/14-barrio-aguilar-1.jpg","wps_subtitle":"Homenaje a H\u00e9roe de Malvinas","jetpack_sharing_enabled":true,"_links":{"self":[{"href":"https:\/\/www.hoymercedes.com.ar\/principal\/wp-json\/wp\/v2\/posts\/63845","targetHints":{"allow":["GET"]}}],"collection":[{"href":"https:\/\/www.hoymercedes.com.ar\/principal\/wp-json\/wp\/v2\/posts"}],"about":[{"href":"https:\/\/www.hoymercedes.com.ar\/principal\/wp-json\/wp\/v2\/types\/post"}],"author":[{"embeddable":true,"href":"https:\/\/www.hoymercedes.com.ar\/principal\/wp-json\/wp\/v2\/users\/1"}],"replies":[{"embeddable":true,"href":"https:\/\/www.hoymercedes.com.ar\/principal\/wp-json\/wp\/v2\/comments?post=63845"}],"version-history":[{"count":0,"href":"https:\/\/www.hoymercedes.com.ar\/principal\/wp-json\/wp\/v2\/posts\/63845\/revisions"}],"wp:featuredmedia":[{"embeddable":true,"href":"https:\/\/www.hoymercedes.com.ar\/principal\/wp-json\/wp\/v2\/media\/63846"}],"wp:attachment":[{"href":"https:\/\/www.hoymercedes.com.ar\/principal\/wp-json\/wp\/v2\/media?parent=63845"}],"wp:term":[{"taxonomy":"category","embeddable":true,"href":"https:\/\/www.hoymercedes.com.ar\/principal\/wp-json\/wp\/v2\/categories?post=63845"},{"taxonomy":"post_tag","embeddable":true,"href":"https:\/\/www.hoymercedes.com.ar\/principal\/wp-json\/wp\/v2\/tags?post=63845"}],"curies":[{"name":"wp","href":"https:\/\/api.w.org\/{rel}","templated":true}]}}