{"id":63865,"date":"2017-06-15T18:46:33","date_gmt":"2017-06-15T21:46:33","guid":{"rendered":"http:\/\/www.hoymercedes.com.ar\/principal\/?p=63865"},"modified":"2017-06-15T14:58:39","modified_gmt":"2017-06-15T17:58:39","slug":"entregan-fular-en-los-encuentros-de-pre-parto","status":"publish","type":"post","link":"https:\/\/www.hoymercedes.com.ar\/principal\/2017\/06\/15\/entregan-fular-en-los-encuentros-de-pre-parto\/","title":{"rendered":"Entregan fular en los encuentros de pre parto"},"content":{"rendered":"<p>Terminaron los primeros encuentros de preparaci\u00f3n para el parto en el Espacio de Primera Infancia de Barrio San Mart\u00edn en el marco del Programa de Salud Primeros Mil D\u00edas. En el cierre se entregaron los fulares, confeccionados en el taller de costura del CIC.\u00a0 Comenzar\u00e1n una nueva serie de encuentros en el barrio Almafuerte priorizando la accesibilidad para todas las embarazadas de los barrios cercanos, ya que los cursos se extender\u00e1n a otros barrios de la ciudad.<\/p>\n<p><img loading=\"lazy\" decoding=\"async\" data-attachment-id=\"63867\" data-permalink=\"https:\/\/www.hoymercedes.com.ar\/principal\/2017\/06\/15\/entregan-fular-en-los-encuentros-de-pre-parto\/15-pre-parto-3\/#main\" data-orig-file=\"https:\/\/www.hoymercedes.com.ar\/principal\/wp-content\/uploads\/2017\/06\/15-Pre-Parto-3.jpg\" data-orig-size=\"630,420\" data-comments-opened=\"0\" data-image-meta=\"{&quot;aperture&quot;:&quot;0&quot;,&quot;credit&quot;:&quot;&quot;,&quot;camera&quot;:&quot;&quot;,&quot;caption&quot;:&quot;&quot;,&quot;created_timestamp&quot;:&quot;0&quot;,&quot;copyright&quot;:&quot;&quot;,&quot;focal_length&quot;:&quot;0&quot;,&quot;iso&quot;:&quot;0&quot;,&quot;shutter_speed&quot;:&quot;0&quot;,&quot;title&quot;:&quot;&quot;,&quot;orientation&quot;:&quot;0&quot;}\" data-image-title=\"15 Pre-Parto-3\" data-image-description=\"\" data-image-caption=\"\" data-large-file=\"https:\/\/www.hoymercedes.com.ar\/principal\/wp-content\/uploads\/2017\/06\/15-Pre-Parto-3.jpg\" class=\"aligncenter size-medium wp-image-63867\" src=\"https:\/\/www.hoymercedes.com.ar\/principal\/wp-content\/uploads\/2017\/06\/15-Pre-Parto-3-630x420.jpg\" alt=\"\" width=\"630\" height=\"420\" srcset=\"https:\/\/www.hoymercedes.com.ar\/principal\/wp-content\/uploads\/2017\/06\/15-Pre-Parto-3.jpg 630w, https:\/\/www.hoymercedes.com.ar\/principal\/wp-content\/uploads\/2017\/06\/15-Pre-Parto-3-150x100.jpg 150w, https:\/\/www.hoymercedes.com.ar\/principal\/wp-content\/uploads\/2017\/06\/15-Pre-Parto-3-300x200.jpg 300w\" sizes=\"auto, (max-width: 630px) 100vw, 630px\" \/><\/p>\n<p>La Secretaria de Desarrollo Social, a cargo de Jorgelina Silva, y de Salud, encabezada por Pablo Cassiani, encaran este proyecto integrador y formativo que es parte del Programa \u201cPrimeros Mil D\u00edas\u201d. Una propuesta que tambi\u00e9n suma a las \u00e1rea de Deportes y Educaci\u00f3n. en dicho marco, realizaron los primeros cursos de pre parto.<\/p>\n<p>En los encuentros, a cargo de un equipo de salud interdisciplinario, se trabajaron diversos temas en relaci\u00f3n al embarazo, parto, lactancia y crianza. Tuvieron en su finalizaci\u00f3n la entrega del Fular que se realiza en los talleres del C.I.C todos los martes y que incluye voluntariado y personal del lugar. \u201cEntregamos a las primeras 14 mam\u00e1s sus fulares siendo las que inician la participaci\u00f3n dentro del Programa Mil D\u00edas. La idea es que a medida que avanza el programa los kits sean cada vez m\u00e1s completos, tal como informamos oportunamente\u201d sostuvo la doctora Betiana Gonz\u00e1lez, una de las responsables de la propuesta.<\/p>\n<p>\u201cBuscamos acompa\u00f1ar el desarrollo del ni\u00f1o. Una etapa importante en su cuidado es su nacimiento y el tiempo que est\u00e1 en la pancita de su mam\u00e1. El Programa Primeros Mil D\u00edas prev\u00e9 este tipo de acompa\u00f1amiento, de seguimientos de nuestras mam\u00e1s y eso nos llena de orgullo, pero, tambi\u00e9n de responsabilidad por eso es muy grato ver que las \u00e1reas est\u00e1n tan comprometidas\u201d agreg\u00f3 el primer mandatario local, Juan Ignacio Ustarroz.<\/p>\n<p><img loading=\"lazy\" decoding=\"async\" data-attachment-id=\"63866\" data-permalink=\"https:\/\/www.hoymercedes.com.ar\/principal\/2017\/06\/15\/entregan-fular-en-los-encuentros-de-pre-parto\/15-pre-parto-1\/#main\" data-orig-file=\"https:\/\/www.hoymercedes.com.ar\/principal\/wp-content\/uploads\/2017\/06\/15-Pre-Parto-1.jpg\" data-orig-size=\"630,324\" data-comments-opened=\"0\" data-image-meta=\"{&quot;aperture&quot;:&quot;0&quot;,&quot;credit&quot;:&quot;&quot;,&quot;camera&quot;:&quot;&quot;,&quot;caption&quot;:&quot;&quot;,&quot;created_timestamp&quot;:&quot;0&quot;,&quot;copyright&quot;:&quot;&quot;,&quot;focal_length&quot;:&quot;0&quot;,&quot;iso&quot;:&quot;0&quot;,&quot;shutter_speed&quot;:&quot;0&quot;,&quot;title&quot;:&quot;&quot;,&quot;orientation&quot;:&quot;0&quot;}\" data-image-title=\"15 Pre-Parto-1\" data-image-description=\"\" data-image-caption=\"\" data-large-file=\"https:\/\/www.hoymercedes.com.ar\/principal\/wp-content\/uploads\/2017\/06\/15-Pre-Parto-1.jpg\" class=\"aligncenter size-medium wp-image-63866\" src=\"https:\/\/www.hoymercedes.com.ar\/principal\/wp-content\/uploads\/2017\/06\/15-Pre-Parto-1-630x324.jpg\" alt=\"\" width=\"630\" height=\"324\" srcset=\"https:\/\/www.hoymercedes.com.ar\/principal\/wp-content\/uploads\/2017\/06\/15-Pre-Parto-1.jpg 630w, https:\/\/www.hoymercedes.com.ar\/principal\/wp-content\/uploads\/2017\/06\/15-Pre-Parto-1-150x77.jpg 150w\" sizes=\"auto, (max-width: 630px) 100vw, 630px\" \/><\/p>\n<p>\u201cEl fular es una prenda estrategica que se puede usar hasta los dos a\u00f1os y favorece el apego, algo que nosotros desde el Programa fomentamos as\u00ed sea, adem\u00e1s que facilita el transporte del beb\u00e9 para la mam\u00e1\u201d destac\u00f3 la doctora Gonz\u00e1lez.<\/p>\n<p>\u201cDebemos trabajar en pos de garantizar los derechos de los ni\u00f1os, estos primeros 1000 son claves y estas acciones institucionales, de formaci\u00f3n y acompa\u00f1amiento, son claves\u201d, resalt\u00f3 Ustarroz.<\/p>\n<p>Fuente Prensa Municipal<\/p>\n","protected":false},"excerpt":{"rendered":"<p>Terminaron los primeros encuentros de preparaci\u00f3n para el parto en el Espacio de Primera Infancia de Barrio San Mart\u00edn en &#8230; <a title=\"Entregan fular en los encuentros de pre parto\" class=\"read-more\" href=\"https:\/\/www.hoymercedes.com.ar\/principal\/2017\/06\/15\/entregan-fular-en-los-encuentros-de-pre-parto\/\" aria-label=\"Leer m\u00e1s sobre Entregan fular en los encuentros de pre parto\">Leer m\u00e1s<\/a><\/p>\n","protected":false},"author":1,"featured_media":63866,"comment_status":"closed","ping_status":"open","sticky":false,"template":"","format":"standard","meta":{"_monsterinsights_skip_tracking":false,"_monsterinsights_sitenote_active":false,"_monsterinsights_sitenote_note":"","_monsterinsights_sitenote_category":0,"jetpack_post_was_ever_published":false,"_jetpack_newsletter_access":"","_jetpack_dont_email_post_to_subs":false,"_jetpack_newsletter_tier_id":0,"_jetpack_memberships_contains_paywalled_content":false,"_jetpack_memberships_contains_paid_content":false,"footnotes":"","jetpack_publicize_message":"","jetpack_publicize_feature_enabled":true,"jetpack_social_post_already_shared":true,"jetpack_social_options":{"image_generator_settings":{"template":"highway","default_image_id":0,"font":"","enabled":false},"version":2},"_wpas_customize_per_network":false},"categories":[30],"tags":[870,10,244,11195,11343,134],"class_list":["post-63865","post","type-post","status-publish","format-standard","has-post-thumbnail","hentry","category-municipio","tag-desarrollo-social","tag-mercedes","tag-municipio-2","tag-primeros-mil-dias","tag-programa","tag-salud","generate-columns","tablet-grid-50","mobile-grid-100","grid-parent","grid-50"],"jetpack_publicize_connections":[],"jetpack_featured_media_url":"https:\/\/www.hoymercedes.com.ar\/principal\/wp-content\/uploads\/2017\/06\/15-Pre-Parto-1.jpg","wps_subtitle":"Primeros Mil D\u00edas","jetpack_sharing_enabled":true,"_links":{"self":[{"href":"https:\/\/www.hoymercedes.com.ar\/principal\/wp-json\/wp\/v2\/posts\/63865","targetHints":{"allow":["GET"]}}],"collection":[{"href":"https:\/\/www.hoymercedes.com.ar\/principal\/wp-json\/wp\/v2\/posts"}],"about":[{"href":"https:\/\/www.hoymercedes.com.ar\/principal\/wp-json\/wp\/v2\/types\/post"}],"author":[{"embeddable":true,"href":"https:\/\/www.hoymercedes.com.ar\/principal\/wp-json\/wp\/v2\/users\/1"}],"replies":[{"embeddable":true,"href":"https:\/\/www.hoymercedes.com.ar\/principal\/wp-json\/wp\/v2\/comments?post=63865"}],"version-history":[{"count":0,"href":"https:\/\/www.hoymercedes.com.ar\/principal\/wp-json\/wp\/v2\/posts\/63865\/revisions"}],"wp:featuredmedia":[{"embeddable":true,"href":"https:\/\/www.hoymercedes.com.ar\/principal\/wp-json\/wp\/v2\/media\/63866"}],"wp:attachment":[{"href":"https:\/\/www.hoymercedes.com.ar\/principal\/wp-json\/wp\/v2\/media?parent=63865"}],"wp:term":[{"taxonomy":"category","embeddable":true,"href":"https:\/\/www.hoymercedes.com.ar\/principal\/wp-json\/wp\/v2\/categories?post=63865"},{"taxonomy":"post_tag","embeddable":true,"href":"https:\/\/www.hoymercedes.com.ar\/principal\/wp-json\/wp\/v2\/tags?post=63865"}],"curies":[{"name":"wp","href":"https:\/\/api.w.org\/{rel}","templated":true}]}}