{"id":63890,"date":"2017-06-15T23:24:52","date_gmt":"2017-06-16T02:24:52","guid":{"rendered":"http:\/\/www.hoymercedes.com.ar\/principal\/?p=63890"},"modified":"2017-06-15T23:41:11","modified_gmt":"2017-06-16T02:41:11","slug":"le-robaron-a-un-productor-rural-y-fueron-detenidos-en-suipacha","status":"publish","type":"post","link":"https:\/\/www.hoymercedes.com.ar\/principal\/2017\/06\/15\/le-robaron-a-un-productor-rural-y-fueron-detenidos-en-suipacha\/","title":{"rendered":"Le robaron a un productor rural y fueron detenidos en Suipacha"},"content":{"rendered":"<p>El martes 13 se radic\u00f3 una denuncia que daba cuenta de que dos productores rurales realizaban una transacci\u00f3n comercial por compra de ganado en inmediaciones de Sociedad Rural ubicada en Ruta Nacional N\u00b0 5, kil\u00f3metro 100 de Mercedes. Pero le sustrajeron de interior de camioneta Toyota Hilux gris sin violencia, un sobre papel madera conteniendo dinero en efectivo (el cual iba a ser utilizado para el pago de compra del ganado)\u00a0 y un malet\u00edn de tela negro conteniendo dinero en efectivo y documentaci\u00f3n personal de denunciante.<\/p>\n<p>Por datos aportados por testimonios, se logr\u00f3 identificar a los presuntos autores que fugaron en una camioneta Toyota Hilux color negra en direcci\u00f3n a la ciudad de Suipacha. Se dio inmediato aviso al Comando de Prevenci\u00f3n dando comunicaci\u00f3n\u00a0 a Emergencias 911 quien alerta a los distintos m\u00f3viles de la Jefatura Departamental Mercedes y CPR de la Coordinadora de Seguridad Rural Chivilcoy, y se dispuso un operativo cerrojo, logrando que personal de la Estaci\u00f3n de Polic\u00eda Comunal Suipacha intercepte la camioneta en cuesti\u00f3n y demorar a dos sujetos oriundos de la ciudad de C\u00f3rdoba.<\/p>\n<p>A los sujetos se le incaut\u00f3 dinero en efectivo en distintos\u00a0 fajos en una suma de 66.875 pesos aproximadamente, suma similar a los sustra\u00eddos en el hecho en cuesti\u00f3n, telefon\u00eda celular, elementos personales y la camioneta Toyota Hilux color negra.<\/p>\n<p>Interviene en el hecho la UFI N\u00b0 3 en turno, a cargo del doctor Pedro Illanes, quien orden\u00f3 la aprehensi\u00f3n de los sujetos, por el delito de \u201cHurto\u201d, con los elementos probatorios recabados. Ambos quedaron alojados en la Estaci\u00f3n de Polic\u00eda Comunal Suipacha.<\/p>\n","protected":false},"excerpt":{"rendered":"<p>El martes 13 se radic\u00f3 una denuncia que daba cuenta de que dos productores rurales realizaban una transacci\u00f3n comercial por &#8230; <a title=\"Le robaron a un productor rural y fueron detenidos en Suipacha\" class=\"read-more\" href=\"https:\/\/www.hoymercedes.com.ar\/principal\/2017\/06\/15\/le-robaron-a-un-productor-rural-y-fueron-detenidos-en-suipacha\/\" aria-label=\"Leer m\u00e1s sobre Le robaron a un productor rural y fueron detenidos en Suipacha\">Leer m\u00e1s<\/a><\/p>\n","protected":false},"author":1,"featured_media":63889,"comment_status":"closed","ping_status":"open","sticky":false,"template":"","format":"standard","meta":{"_monsterinsights_skip_tracking":false,"_monsterinsights_sitenote_active":false,"_monsterinsights_sitenote_note":"","_monsterinsights_sitenote_category":0,"jetpack_post_was_ever_published":false,"_jetpack_newsletter_access":"","_jetpack_dont_email_post_to_subs":false,"_jetpack_newsletter_tier_id":0,"_jetpack_memberships_contains_paywalled_content":false,"_jetpack_memberships_contains_paid_content":false,"footnotes":"","jetpack_publicize_message":"","jetpack_publicize_feature_enabled":true,"jetpack_social_post_already_shared":true,"jetpack_social_options":{"image_generator_settings":{"template":"highway","default_image_id":0,"font":"","enabled":false},"version":2},"_wpas_customize_per_network":false},"categories":[85],"tags":[],"class_list":["post-63890","post","type-post","status-publish","format-standard","has-post-thumbnail","hentry","category-policial","generate-columns","tablet-grid-50","mobile-grid-100","grid-parent","grid-50"],"jetpack_publicize_connections":[],"jetpack_featured_media_url":"https:\/\/www.hoymercedes.com.ar\/principal\/wp-content\/uploads\/2017\/06\/hurto.jpg","wps_subtitle":"El martes 13","jetpack_sharing_enabled":true,"_links":{"self":[{"href":"https:\/\/www.hoymercedes.com.ar\/principal\/wp-json\/wp\/v2\/posts\/63890","targetHints":{"allow":["GET"]}}],"collection":[{"href":"https:\/\/www.hoymercedes.com.ar\/principal\/wp-json\/wp\/v2\/posts"}],"about":[{"href":"https:\/\/www.hoymercedes.com.ar\/principal\/wp-json\/wp\/v2\/types\/post"}],"author":[{"embeddable":true,"href":"https:\/\/www.hoymercedes.com.ar\/principal\/wp-json\/wp\/v2\/users\/1"}],"replies":[{"embeddable":true,"href":"https:\/\/www.hoymercedes.com.ar\/principal\/wp-json\/wp\/v2\/comments?post=63890"}],"version-history":[{"count":0,"href":"https:\/\/www.hoymercedes.com.ar\/principal\/wp-json\/wp\/v2\/posts\/63890\/revisions"}],"wp:featuredmedia":[{"embeddable":true,"href":"https:\/\/www.hoymercedes.com.ar\/principal\/wp-json\/wp\/v2\/media\/63889"}],"wp:attachment":[{"href":"https:\/\/www.hoymercedes.com.ar\/principal\/wp-json\/wp\/v2\/media?parent=63890"}],"wp:term":[{"taxonomy":"category","embeddable":true,"href":"https:\/\/www.hoymercedes.com.ar\/principal\/wp-json\/wp\/v2\/categories?post=63890"},{"taxonomy":"post_tag","embeddable":true,"href":"https:\/\/www.hoymercedes.com.ar\/principal\/wp-json\/wp\/v2\/tags?post=63890"}],"curies":[{"name":"wp","href":"https:\/\/api.w.org\/{rel}","templated":true}]}}